{"id":26928,"date":"2024-01-22T14:20:26","date_gmt":"2024-01-22T14:20:26","guid":{"rendered":"https:\/\/www.iceagetv.com\/radiosite\/?p=26928"},"modified":"2024-01-22T14:20:26","modified_gmt":"2024-01-22T14:20:26","slug":"colere-des-agriculteurs-il-nest-pas-prevu-devacuer-la64-bloquee-par-des-exploitants-en-colere-annonce-le-ministre-de-linterieur-gerald-darmanin","status":"publish","type":"post","link":"https:\/\/www.iceagetv.com\/radiosite\/colere-des-agriculteurs-il-nest-pas-prevu-devacuer-la64-bloquee-par-des-exploitants-en-colere-annonce-le-ministre-de-linterieur-gerald-darmanin\/","title":{"rendered":"Col\u00e8re des agriculteurs: \u00ab\u00a0Il n&rsquo;est pas pr\u00e9vu d&rsquo;\u00e9vacuer\u00a0\u00bb l&rsquo;A64 bloqu\u00e9e par des exploitants en col\u00e8re, annonce le ministre de l&rsquo;Int\u00e9rieur G\u00e9rald Darmanin"},"content":{"rendered":"\n<p><strong>Il n&rsquo;est pas pr\u00e9vu d&rsquo;\u00e9vacuer\u00a0\u00bb l&rsquo;A64 bloqu\u00e9e par des exploitants en col\u00e8re, annonce le ministre de l&rsquo;Int\u00e9rieur G\u00e9rald Darmanin. \u00ab\u00a0Ce sont les consignes que j&rsquo;ai donn\u00e9es aux pr\u00e9fets et au directeur g\u00e9n\u00e9ral de la gendarmerie, puisqu&rsquo;il n&rsquo;y a pas de d\u00e9gradation sur ce site\u00a0\u00bb, a indiqu\u00e9 le ministre.<\/strong><\/p>\n\n\n\n<p><strong> Le point sur la situation ce matin<\/strong><\/p>\n\n\n\n<p>Le patron du principal syndicat agricole fran\u00e7ais a annonc\u00e9 lundi que des \u00ab&nbsp;actions&nbsp;\u00bb seraient men\u00e9es \u00ab&nbsp;aussi longtemps qu\u2019il sera n\u00e9cessaire&nbsp;\u00bb et appel\u00e9 une nouvelle fois \u00e0 des \u00ab&nbsp;r\u00e9ponses concr\u00e8tes&nbsp;\u00bb \u00e0 la \u00ab&nbsp;d\u00e9sesp\u00e9rance&nbsp;\u00bb des agriculteurs, avant un rendez-vous dans la soir\u00e9e avec Gabriel Attal.<\/p>\n\n\n\n<p>\u00ab&nbsp;Je peux vous dire que d\u00e8s aujourd\u2019hui et toute la semaine et aussi longtemps qu\u2019il sera n\u00e9cessaire, un certain nombre d\u2019actions vont \u00eatre men\u00e9es&nbsp;\u00bb, a d\u00e9clar\u00e9 le patron de la FNSEA, Arnaud Rousseau, sur France Inter, alors que plusieurs blocages ont d\u00e9j\u00e0 lieu en Occitanie.<\/p>\n\n\n\n<p>Ces actions concerneront \u00ab&nbsp;chaque d\u00e9partement&nbsp;\u00bb, a-t-il dit, soulignant que \u00ab&nbsp;la mont\u00e9e de la tension est forte, d\u2019o\u00f9 la n\u00e9cessit\u00e9 d\u2019apporter des r\u00e9ponses concr\u00e8tes&nbsp;\u00bb.<\/p>\n\n\n\n<p>Le Premier ministre, confront\u00e9 \u00e0 sa premi\u00e8re crise depuis sa nomination le 11 janvier, recevra Arnaud Rousseau et son homologue des Jeunes agriculteurs (JA) Arnaud Gaillot \u00e0 18H00. Si le gouvernement n\u2019est \u00ab&nbsp;pas au rendez-vous&nbsp;\u00bb, \u00ab&nbsp;on peut \u00eatre \u00e0 l\u2019aube d\u2019un gros mouvement agricole&nbsp;\u00bb, a d\u00e9clar\u00e9 lundi matin le pr\u00e9sident des JA, sur France 2.<\/p>\n\n\n\n<p>Depuis jeudi soir, plusieurs dizaines d\u2019exploitants bloquent l\u2019autoroute A64, qui relie Toulouse \u00e0 Bayonne, \u00e0 hauteur de Carbonne, en Haute-Garonne. Des agriculteurs ont aussi bloqu\u00e9 lundi les acc\u00e8s \u00e0 la centrale nucl\u00e9aire de Golfech, dans le Tarn-et-Garonne.<\/p>\n\n\n\n<p>Des manifestations provoqu\u00e9es par des charges financi\u00e8res et des normes environnementales jug\u00e9es trop lourdes, motifs de m\u00e9contentement r\u00e9currents dans la profession que le gouvernement tente de m\u00e9nager depuis des ann\u00e9es pour \u00e9viter d\u2019ouvrir un nouveau front social. En d\u00e9cembre, l\u2019ex-Premi\u00e8re ministre Elisabeth Borne avait annonc\u00e9 \u00e0 la FNSEA et aux JA l\u2019abandon de hausses de taxes sur les pesticides et l\u2019irrigation, suscitant l\u2019irritation des organisations environnementales et d\u2019acteurs de l\u2019eau.<\/p>\n\n\n\n<p>Le gouvernement craint un embrasement car, des Pays-Bas \u00e0 la Roumanie en passant par la Pologne ou l\u2019Allemagne, les agriculteurs multiplient les actions contre les hausses des taxes et le Green Deal europ\u00e9en. Le tout, sur fond d\u2019inflation et de concurrence des importations ukrainiennes.<\/p>\n\n\n\n<p>Le Royaume-Uni n\u2019est pas \u00e9pargn\u00e9: des producteurs de fruits et l\u00e9gumes vont manifester lundi devant le Parlement \u00e0 Londres pour protester contre les contrats d\u2019achats \u00ab&nbsp;injustes&nbsp;\u00bb qui les lient \u00e0 la grande distribution.<\/p>\n\n\n\n<p><strong>\u00a0<\/strong>Le ministre de l\u2019Agriculture Marc Fesneau est en d\u00e9placement ce matin en Vend\u00e9e \u00e0 la rencontre d\u2019agriculteurs<\/p>\n\n\n\n<p><strong>\u00a0<\/strong>En France, la profession est aussi \u00e9chaud\u00e9e par les reports successifs du projet de loi sur l\u2019agriculture, promis il y a plus d\u2019un an par Emmanuel Macron et finalement moins ambitieux que la \u00ab\u00a0loi d\u2019orientation agricole\u00a0\u00bb initialement annonc\u00e9e.<\/p>\n\n\n\n<p>Dimanche, le ministre de l\u2019Agriculture Marc Fesneau a annonc\u00e9 un nouveau d\u00e9lai. Le texte, qui devait \u00eatre pr\u00e9sent\u00e9 mercredi en Conseil des ministres, ne le sera que dans \u00ab&nbsp;quelques semaines&nbsp;\u00bb avec pour objectif d\u2019\u00eatre d\u00e9battu au Parlement \u00ab&nbsp;au premier semestre 2024&nbsp;\u00bb.<\/p>\n\n\n\n<p>Le projet de loi que doit pr\u00e9senter le gouvernement entend favoriser le renouvellement des g\u00e9n\u00e9rations en agriculture, une n\u00e9cessit\u00e9 \u00e0 l\u2019heure o\u00f9 la population des pr\u00e8s de 500.000 chefs d\u2019exploitation vieillit.<\/p>\n\n\n\n<p>Il sera compl\u00e9t\u00e9 pour permettre une \u00ab&nbsp;simplification&nbsp;\u00bb du mille-feuille de r\u00e9glementations impos\u00e9es \u00e0 la profession, a promis dimanche M. Fesneau. \u00ab&nbsp;Une simplification drastique des normes&nbsp;\u00bb est n\u00e9cessaire, a abond\u00e9 le ministre de l\u2019\u00c9conomie Bruno Le Maire sur TF1. \u00ab&nbsp;Le plus t\u00f4t sera le mieux. (&#8230;) Nous, on a tr\u00e8s envie de parler de comp\u00e9titivit\u00e9&nbsp;\u00bb, a dit M. Rousseau lundi matin.<\/p>\n","protected":false},"excerpt":{"rendered":"<p>Il n&rsquo;est pas pr\u00e9vu d&rsquo;\u00e9vacuer\u00a0\u00bb l&rsquo;A64 bloqu\u00e9e par des exploitants en col\u00e8re, annonce le ministre de l&rsquo;Int\u00e9rieur G\u00e9rald Darmanin. \u00ab\u00a0Ce sont les consignes que j&rsquo;ai donn\u00e9es aux pr\u00e9fets et au directeur g\u00e9n\u00e9ral de la gendarmerie, puisqu&rsquo;il n&rsquo;y a pas de d\u00e9gradation sur ce site\u00a0\u00bb, a indiqu\u00e9 le ministre. Le point sur la situation ce matin [&hellip;]<\/p>\n","protected":false},"author":2,"featured_media":26929,"comment_status":"open","ping_status":"open","sticky":false,"template":"","format":"standard","meta":{"_jetpack_memberships_contains_paid_content":false,"footnotes":"","jetpack_publicize_message":"","jetpack_publicize_feature_enabled":true,"jetpack_social_post_already_shared":true,"jetpack_social_options":{"image_generator_settings":{"template":"highway","default_image_id":0,"font":"","enabled":false},"version":2},"_wpas_customize_per_network":false},"categories":[405],"tags":[],"class_list":["post-26928","post","type-post","status-publish","format-standard","has-post-thumbnail","hentry","category-actu-france-monde"],"jetpack_publicize_connections":[],"jetpack_featured_media_url":"https:\/\/i0.wp.com\/www.iceagetv.com\/radiosite\/wp-content\/uploads\/2024\/01\/Colere-des-agriculteurs.jpg?fit=679%2C293&ssl=1","jetpack_sharing_enabled":true,"_links":{"self":[{"href":"https:\/\/www.iceagetv.com\/radiosite\/wp-json\/wp\/v2\/posts\/26928","targetHints":{"allow":["GET"]}}],"collection":[{"href":"https:\/\/www.iceagetv.com\/radiosite\/wp-json\/wp\/v2\/posts"}],"about":[{"href":"https:\/\/www.iceagetv.com\/radiosite\/wp-json\/wp\/v2\/types\/post"}],"author":[{"embeddable":true,"href":"https:\/\/www.iceagetv.com\/radiosite\/wp-json\/wp\/v2\/users\/2"}],"replies":[{"embeddable":true,"href":"https:\/\/www.iceagetv.com\/radiosite\/wp-json\/wp\/v2\/comments?post=26928"}],"version-history":[{"count":1,"href":"https:\/\/www.iceagetv.com\/radiosite\/wp-json\/wp\/v2\/posts\/26928\/revisions"}],"predecessor-version":[{"id":26930,"href":"https:\/\/www.iceagetv.com\/radiosite\/wp-json\/wp\/v2\/posts\/26928\/revisions\/26930"}],"wp:featuredmedia":[{"embeddable":true,"href":"https:\/\/www.iceagetv.com\/radiosite\/wp-json\/wp\/v2\/media\/26929"}],"wp:attachment":[{"href":"https:\/\/www.iceagetv.com\/radiosite\/wp-json\/wp\/v2\/media?parent=26928"}],"wp:term":[{"taxonomy":"category","embeddable":true,"href":"https:\/\/www.iceagetv.com\/radiosite\/wp-json\/wp\/v2\/categories?post=26928"},{"taxonomy":"post_tag","embeddable":true,"href":"https:\/\/www.iceagetv.com\/radiosite\/wp-json\/wp\/v2\/tags?post=26928"}],"curies":[{"name":"wp","href":"https:\/\/api.w.org\/{rel}","templated":true}]}}