{"id":26934,"date":"2024-01-23T12:03:58","date_gmt":"2024-01-23T12:03:58","guid":{"rendered":"https:\/\/www.iceagetv.com\/radiosite\/?p=26934"},"modified":"2024-01-23T12:14:53","modified_gmt":"2024-01-23T12:14:53","slug":"accident-a-un-barrage-dans-lariege-la-fille-de-14-ans-de-lagricultrice-tuee-est-decedee-des-suites-de-ses-blessures-annonce-le-procureur-il-sagirait-dun-accident-et-non-dun-acte-volontai","status":"publish","type":"post","link":"https:\/\/www.iceagetv.com\/radiosite\/accident-a-un-barrage-dans-lariege-la-fille-de-14-ans-de-lagricultrice-tuee-est-decedee-des-suites-de-ses-blessures-annonce-le-procureur-il-sagirait-dun-accident-et-non-dun-acte-volontai\/","title":{"rendered":"URGENT &#8211; Accident \u00e0 un barrage dans l&rsquo;Ari\u00e8ge: Le parquet de Foix annonce que l&rsquo;adolescente de 14 ans est finalement toujours vivante, apr\u00e8s avoir annonc\u00e9 son d\u00e9c\u00e8s"},"content":{"rendered":"\n<p><strong>Le parquet de Foix annonce que l&rsquo;adolescente de 14 ans est finalement toujours vivante, apr\u00e8s avoir annonc\u00e9 son d\u00e9c\u00e8s. La jeune fille est dans un \u00e9tat grave \u00e0 l&rsquo;h\u00f4pital. Un peu apr\u00e8s 12h, le procureur de la R\u00e9publique de Foix\u00a0Olivier Mouysset indiquait que la fille \u00e9tait d\u00e9c\u00e9d\u00e9e\u00a0des suites de ses blessures.<\/strong><\/p>\n\n\n\n<p><\/p>\n\n\n\n<p><strong> Le Premier ministre Gabriel Attal vient de poster un message sur son compte X. \u00ab\u00a0<\/strong>Ce matin, en Ari\u00e8ge, une agricultrice est morte, percut\u00e9e par une voiture. Deux membres de sa famille ont \u00e9t\u00e9 gravement bless\u00e9s. Aujourd\u2019hui, tous nos agriculteurs sont en deuil. Notre Nation est boulevers\u00e9e et solidaire\u00a0\u00bb, \u00e9crit-il.<\/p>\n\n\n\n<p>Et d&rsquo;ajouter : \u00ab\u00a0Au nom du Gouvernement, je veux dire ma peine et adresser mon plein soutien \u00e0 la famille et aux proches des victimes. \u00catre agriculteur, c\u2019est travailler sans rel\u00e2che. C\u2019est travailler pour nous, pour les Fran\u00e7ais. Nous sommes et resterons \u00e0 leur c\u00f4t\u00e9. @MFesneau se rend sur place aujourd\u2019hui\u00a0\u00bb.<strong>&nbsp;Le ministre de l&rsquo;Agriculture Marc Fesneau se rend en Ari\u00e8ge aujourd&rsquo;hui, annonce le Premier ministre Gabriel Attal sur son compte X.&nbsp;<\/strong><\/p>\n\n\n\n<p><strong>Le procureur de la R\u00e9publique vient de publier un communiqu\u00e9 apr\u00e8s la mort d&rsquo;une agricultrice en Ari\u00e8ge.<\/strong><\/p>\n\n\n\n<p>\u00ab\u00a0En l&rsquo;\u00e9tat des tous premiers \u00e9l\u00e9ments recueillis par les enqu\u00eateurs, et sous r\u00e9serve de confirmation ult\u00e9rieure, il est possible d&rsquo;indiquer qu&rsquo;un v\u00e9hicule automobile, arrivant de Toulouse et se dirigeant vers l&rsquo;Andorre, avec a son bord un couple et une de leurs amies, tous trois de nationalit\u00e9 \u00e9trang\u00e8re, ont emprunt\u00e9 la route nationale 20, malgr\u00e9 le dispositif mis en place pour en interdire l&rsquo;acc\u00e8s.<\/p>\n\n\n\n<p>En circulant sur la double voie, leur v\u00e9hicule a percut\u00e9, en pleine nuit, et sans \u00e9clairage public \u00e0 proximit\u00e9, un mur de bottes de paille, \u00e9rig\u00e9 sur toute la hauteur jusqu&rsquo;au pont, et alors que ce mur de paille \u00e9tait recouvert d&rsquo;une grande b\u00e2che noire. Or, \u00e9tait install\u00e9 derri\u00e8re ce mur de paille un grand barnum, o\u00f9 des manifestants se restauraient. Le v\u00e9hicule a alors percut\u00e9 trois personnes, avant de finir sa course contre la remorque d&rsquo;un tracteur\u00a0\u00bb, \u00e9crit-il.&nbsp;<\/p>\n\n\n\n<p>Et d&rsquo;ajouter : \u00ab\u00a0Ainsi, et au regard des tout premiers \u00e9l\u00e9ments de l&rsquo;enqu\u00eate, qui d\u00e9bute \u00e0 peine, les faits en cause ne paraissent pas rev\u00eatir un caract\u00e8re intentionnel. Les sapeurs-pompiers de l&rsquo;Ari\u00e8ge, rejoints sur place par le service d&rsquo;aide m\u00e9dicale d&rsquo;urgence de l&rsquo;Ari\u00e8ge, ont tr\u00e8s rapidement pris en charge les victimes qui ont \u00e9t\u00e9 percut\u00e9es par le v\u00e9hicule automobile\u00a0\u00bb.<\/p>\n\n\n\n<p>\u00ab\u00a0Il s&rsquo;agit de trois membres d&rsquo;une m\u00eame famille : la m\u00e8re, \u00e2g\u00e9e d&rsquo;une trentaine d&rsquo;ann\u00e9es est d\u00e9c\u00e9d\u00e9e sur place des sulles de ses blessures; le p\u00e8re, d une quarantaine d&rsquo;ann\u00e9es, est gri\u00e8vement blesse et a \u00e9t\u00e9 conduit a l&rsquo;h\u00f4pital ; l&rsquo;\u00e9tat de sant\u00e9 de leur fille, \u00e2g\u00e9e de 14 ans, est jug\u00e9 pr\u00e9occupant; elle a \u00e9t\u00e9 h\u00e9liport\u00e9e au centre hospitalier de Toulouse.<\/p>\n\n\n\n<p>L&rsquo;enqu\u00eate judiciaire, confi\u00e9e au commissariat de Pamiers, a \u00e9t\u00e9 ouverte en flagrance des chefs d&rsquo;homicide involontaire aggrav\u00e9 et de blessures aggrav\u00e9es. Les tests de d\u00e9pistage r\u00e9alis\u00e9s en mati\u00e8re d&rsquo;alcool\u00e9mie et de stup\u00e9fiants sur le conducteur, \u00e2g\u00e9 de 44 ans et inconnu des services de justice, se sont r\u00e9v\u00e9l\u00e9s n\u00e9gatifs. Les trois occupants du v\u00e9hicule automobile ont \u00e9t\u00e9 places en garde a vue et seront entendus tr\u00e8s rapidement. Les premi\u00e8res constatations ont \u00e9t\u00e9 r\u00e9alis\u00e9es sur place\u00a0\u00bb.<\/p>\n","protected":false},"excerpt":{"rendered":"<p>Le parquet de Foix annonce que l&rsquo;adolescente de 14 ans est finalement toujours vivante, apr\u00e8s avoir annonc\u00e9 son d\u00e9c\u00e8s. La jeune fille est dans un \u00e9tat grave \u00e0 l&rsquo;h\u00f4pital. Un peu apr\u00e8s 12h, le procureur de la R\u00e9publique de Foix\u00a0Olivier Mouysset indiquait que la fille \u00e9tait d\u00e9c\u00e9d\u00e9e\u00a0des suites de ses blessures. Le Premier ministre Gabriel [&hellip;]<\/p>\n","protected":false},"author":2,"featured_media":26935,"comment_status":"open","ping_status":"open","sticky":false,"template":"","format":"standard","meta":{"_jetpack_memberships_contains_paid_content":false,"footnotes":"","jetpack_publicize_message":"","jetpack_publicize_feature_enabled":true,"jetpack_social_post_already_shared":true,"jetpack_social_options":{"image_generator_settings":{"template":"highway","default_image_id":0,"font":"","enabled":false},"version":2},"_wpas_customize_per_network":false},"categories":[405],"tags":[],"class_list":["post-26934","post","type-post","status-publish","format-standard","has-post-thumbnail","hentry","category-actu-france-monde"],"jetpack_publicize_connections":[],"jetpack_featured_media_url":"https:\/\/i0.wp.com\/www.iceagetv.com\/radiosite\/wp-content\/uploads\/2024\/01\/Accident-a-un-barrage-dans-lAriege.jpg?fit=679%2C293&ssl=1","jetpack_sharing_enabled":true,"_links":{"self":[{"href":"https:\/\/www.iceagetv.com\/radiosite\/wp-json\/wp\/v2\/posts\/26934","targetHints":{"allow":["GET"]}}],"collection":[{"href":"https:\/\/www.iceagetv.com\/radiosite\/wp-json\/wp\/v2\/posts"}],"about":[{"href":"https:\/\/www.iceagetv.com\/radiosite\/wp-json\/wp\/v2\/types\/post"}],"author":[{"embeddable":true,"href":"https:\/\/www.iceagetv.com\/radiosite\/wp-json\/wp\/v2\/users\/2"}],"replies":[{"embeddable":true,"href":"https:\/\/www.iceagetv.com\/radiosite\/wp-json\/wp\/v2\/comments?post=26934"}],"version-history":[{"count":2,"href":"https:\/\/www.iceagetv.com\/radiosite\/wp-json\/wp\/v2\/posts\/26934\/revisions"}],"predecessor-version":[{"id":26937,"href":"https:\/\/www.iceagetv.com\/radiosite\/wp-json\/wp\/v2\/posts\/26934\/revisions\/26937"}],"wp:featuredmedia":[{"embeddable":true,"href":"https:\/\/www.iceagetv.com\/radiosite\/wp-json\/wp\/v2\/media\/26935"}],"wp:attachment":[{"href":"https:\/\/www.iceagetv.com\/radiosite\/wp-json\/wp\/v2\/media?parent=26934"}],"wp:term":[{"taxonomy":"category","embeddable":true,"href":"https:\/\/www.iceagetv.com\/radiosite\/wp-json\/wp\/v2\/categories?post=26934"},{"taxonomy":"post_tag","embeddable":true,"href":"https:\/\/www.iceagetv.com\/radiosite\/wp-json\/wp\/v2\/tags?post=26934"}],"curies":[{"name":"wp","href":"https:\/\/api.w.org\/{rel}","templated":true}]}}