{"id":26945,"date":"2024-01-24T16:51:46","date_gmt":"2024-01-24T16:51:46","guid":{"rendered":"https:\/\/www.iceagetv.com\/radiosite\/?p=26945"},"modified":"2024-01-24T16:51:46","modified_gmt":"2024-01-24T16:51:46","slug":"colere-des-agriculteurs-78-des-francais-comprennent-les-blocages","status":"publish","type":"post","link":"https:\/\/www.iceagetv.com\/radiosite\/colere-des-agriculteurs-78-des-francais-comprennent-les-blocages\/","title":{"rendered":"COL\u00c8RE DES AGRICULTEURS: 78% DES FRAN\u00c7AIS COMPRENNENT LES BLOCAGES"},"content":{"rendered":"\n<p>La mobilisation des agriculteurs est massivement approuv\u00e9e par l&rsquo;opinion publique. De mani\u00e8re g\u00e9n\u00e9rale, les Fran\u00e7ais ont une bonne image des agriculteurs et d\u00e9plorent leurs conditions de travail et de r\u00e9mun\u00e9ration.<\/p>\n\n\n\n<p>Le mouvement de col\u00e8re des agriculteurs&nbsp;<a href=\"https:\/\/www.bfmtv.com\/societe\/direct-agriculteurs-en-colere-une-eleveuse-et-sa-fille-tuees-sur-un-barrage-la-mobilisation-se-poursuit-ce-mercredi_LN-202401240044.html\">se poursuit<\/a>. Parti notamment d&rsquo;Occitanie, il s&rsquo;est \u00e9tendu partout en France avec des actions de mobilisation dans&nbsp;<a href=\"https:\/\/www.bfmtv.com\/societe\/carte-bordeaux-beauvais-lyon-le-point-sur-les-blocages-des-agriculteurs-en-direct_AD-202401240388.html\">les quatre coins du territoire<\/a>. Les manifestants demandent des r\u00e9ponses concr\u00e8tes et rapides&nbsp;<a href=\"https:\/\/www.bfmtv.com\/societe\/colere-des-agriculteurs-le-gouvernement-va-faire-des-annonces-dans-les-jours-a-venir-sans-tabou_AP-202401240430.html\">de l&rsquo;ex\u00e9cutif<\/a>&nbsp;concernant les charges financi\u00e8res et des normes environnementales jug\u00e9es trop contraignantes.<\/p>\n\n\n\n<p>L&rsquo;\u00e9motion est d&rsquo;autant plus vive que le monde agricole a \u00e9t\u00e9 endeuill\u00e9 ce mardi par&nbsp;<a href=\"https:\/\/www.bfmtv.com\/societe\/elle-etait-fiere-de-nourrir-la-france-forte-emotion-apres-la-mort-d-une-agricultrice-et-de-sa-fille-en-ariege_AV-202401240130.html\">la mort d&rsquo;une agricultrice et de sa fille<\/a>&nbsp;tu\u00e9es en Ari\u00e8ge au niveau d&rsquo;un blocage sur l&rsquo;autoroute.<\/p>\n\n\n\n<p>Selon une nouvelle enqu\u00eate \u00ab\u00a0L&rsquo;Opinion en direct\u00a0\u00bb men\u00e9e par l&rsquo;institut Elabe pour BFMTV et publi\u00e9e ce mercredi 24 janvier, 78% des Fran\u00e7ais comprennent les blocages en cours et plus de la moiti\u00e9 ne les condamne pas.<\/p>\n\n\n\n<h2 class=\"wp-block-heading\">Un niveau d&rsquo;approbation tr\u00e8s \u00e9lev\u00e9<\/h2>\n\n\n\n<p>Cette mobilisation est vue tr\u00e8s positivement par l&rsquo;opinion publique puisque 87% l&rsquo;approuvent, dont 50% la soutiennent.<\/p>\n\n\n\n<p>Il s&rsquo;agit d&rsquo;un niveau d&rsquo;approbation tr\u00e8s \u00e9lev\u00e9 en comparaison de nombreuses mobilisations mesur\u00e9es ces derni\u00e8res ann\u00e9es par Elabe pour BFMTV, sup\u00e9rieur \u00e0 la premi\u00e8re mesure du mouvement&nbsp;<a href=\"https:\/\/www.bfmtv.com\/politique\/gouvernement\/scenario-noir-gilets-jaunes-confronte-a-la-colere-des-agriculteurs-gabriel-attal-veut-eviter-l-escalade_AV-202401220754.html\">des \u00ab\u00a0gilets jaunes\u00a0\u00bb<\/a>&nbsp;(73%, le 14 novembre 2018).<\/p>\n\n\n\n<p>L&rsquo;approbation de la mobilisation est largement majoritaire dans toutes les cat\u00e9gories de population et \u00e9lectorats. Elle est particuli\u00e8rement soutenue dans les petites agglom\u00e9rations et dans les communes rurales (55% la soutiennent contre 34% dans l&rsquo;agglom\u00e9ration parisienne) et politiquement chez les \u00e9lecteurs d&rsquo;<a href=\"https:\/\/www.bfmtv.com\/politique\/fronde-des-agriculteurs-eric-zemmour-appelle-a-comprendre-leur-colere-et-a-moins-les-persecuter_AV-202401210242.html\">\u00c9ric Zemmour<\/a>&nbsp;(81%), de Marine Le Pen (67%) et de Jean-Luc M\u00e9lenchon (58%).<\/p>\n\n\n\n<h2 class=\"wp-block-heading\">Une bonne image des agriculteurs<\/h2>\n\n\n\n<p>De mani\u00e8re g\u00e9n\u00e9rale, plus de 9 Fran\u00e7ais sur 10 ont une bonne image des agriculteurs. Ils ont l&rsquo;image d&rsquo;un m\u00e9tier qu&rsquo;on choisit d&rsquo;exercer par passion (93%) et qui demande de vraies comp\u00e9tences et qualit\u00e9s (92%) mais qui est \u00e0 forte p\u00e9nibilit\u00e9 (94%), qui a des horaires de travail plus cons\u00e9quents que la moyenne (93%) et qui est mal pay\u00e9 (92%).<\/p>\n\n\n\n<p>La quasi-totalit\u00e9 des Fran\u00e7ais consid\u00e8re aussi qu&rsquo;il s&rsquo;agit d&rsquo;un secteur essentiel, fiable, engag\u00e9 et une fiert\u00e9 nationale aux yeux des Fran\u00e7ais mais un secteur en difficult\u00e9, fragilis\u00e9 par&nbsp;<a href=\"https:\/\/www.bfmtv.com\/environnement\/climat\/climat-la-hausse-estimee-des-concentrations-de-c02-en-2024-menace-la-limite-de-1-5deg-c_AD-202401190062.html\">le d\u00e9r\u00e8glement climatique<\/a>&nbsp;et la concurrence internationale. Pour un Fran\u00e7ais sur 2, il s&rsquo;agit d&rsquo;un secteur qui n&rsquo;est pas bien consid\u00e9r\u00e9 par la soci\u00e9t\u00e9.<\/p>\n\n\n\n<p>De plus 7 Fran\u00e7ais sur 10 s&rsquo;attendent \u00e0 ce que cette mobilisation d\u00e9clenche un mouvement social de grande ampleur.<\/p>\n\n\n\n<h2 class=\"wp-block-heading\">Les normes et la concurrence point\u00e9es du doigt<\/h2>\n\n\n\n<p>Parmi les raisons de la col\u00e8re des agriculteurs actuellement mobilis\u00e9s, on trouve les r\u00e8gles europ\u00e9ennes jug\u00e9es trop contraignantes et trop co\u00fbteuses \u00e0 respecter. Une revendication partag\u00e9e par le reste de la population puisque 2 Fran\u00e7ais sur 3 estiment que les agriculteurs doivent respecter trop de normes et r\u00e9glementations.<\/p>\n","protected":false},"excerpt":{"rendered":"<p>La mobilisation des agriculteurs est massivement approuv\u00e9e par l&rsquo;opinion publique. De mani\u00e8re g\u00e9n\u00e9rale, les Fran\u00e7ais ont une bonne image des agriculteurs et d\u00e9plorent leurs conditions de travail et de r\u00e9mun\u00e9ration. Le mouvement de col\u00e8re des agriculteurs&nbsp;se poursuit. Parti notamment d&rsquo;Occitanie, il s&rsquo;est \u00e9tendu partout en France avec des actions de mobilisation dans&nbsp;les quatre coins du [&hellip;]<\/p>\n","protected":false},"author":2,"featured_media":26946,"comment_status":"open","ping_status":"open","sticky":false,"template":"","format":"standard","meta":{"_jetpack_memberships_contains_paid_content":false,"footnotes":"","jetpack_publicize_message":"","jetpack_publicize_feature_enabled":true,"jetpack_social_post_already_shared":true,"jetpack_social_options":{"image_generator_settings":{"template":"highway","default_image_id":0,"font":"","enabled":false},"version":2},"_wpas_customize_per_network":false},"categories":[405],"tags":[],"class_list":["post-26945","post","type-post","status-publish","format-standard","has-post-thumbnail","hentry","category-actu-france-monde"],"jetpack_publicize_connections":[],"jetpack_featured_media_url":"https:\/\/i0.wp.com\/www.iceagetv.com\/radiosite\/wp-content\/uploads\/2024\/01\/78-DES-FRANCAIS-COMPRENNENT-LES-BLOCAGES.jpg?fit=778%2C327&ssl=1","jetpack_sharing_enabled":true,"_links":{"self":[{"href":"https:\/\/www.iceagetv.com\/radiosite\/wp-json\/wp\/v2\/posts\/26945","targetHints":{"allow":["GET"]}}],"collection":[{"href":"https:\/\/www.iceagetv.com\/radiosite\/wp-json\/wp\/v2\/posts"}],"about":[{"href":"https:\/\/www.iceagetv.com\/radiosite\/wp-json\/wp\/v2\/types\/post"}],"author":[{"embeddable":true,"href":"https:\/\/www.iceagetv.com\/radiosite\/wp-json\/wp\/v2\/users\/2"}],"replies":[{"embeddable":true,"href":"https:\/\/www.iceagetv.com\/radiosite\/wp-json\/wp\/v2\/comments?post=26945"}],"version-history":[{"count":1,"href":"https:\/\/www.iceagetv.com\/radiosite\/wp-json\/wp\/v2\/posts\/26945\/revisions"}],"predecessor-version":[{"id":26947,"href":"https:\/\/www.iceagetv.com\/radiosite\/wp-json\/wp\/v2\/posts\/26945\/revisions\/26947"}],"wp:featuredmedia":[{"embeddable":true,"href":"https:\/\/www.iceagetv.com\/radiosite\/wp-json\/wp\/v2\/media\/26946"}],"wp:attachment":[{"href":"https:\/\/www.iceagetv.com\/radiosite\/wp-json\/wp\/v2\/media?parent=26945"}],"wp:term":[{"taxonomy":"category","embeddable":true,"href":"https:\/\/www.iceagetv.com\/radiosite\/wp-json\/wp\/v2\/categories?post=26945"},{"taxonomy":"post_tag","embeddable":true,"href":"https:\/\/www.iceagetv.com\/radiosite\/wp-json\/wp\/v2\/tags?post=26945"}],"curies":[{"name":"wp","href":"https:\/\/api.w.org\/{rel}","templated":true}]}}