{"id":27001,"date":"2024-01-30T12:16:50","date_gmt":"2024-01-30T12:16:50","guid":{"rendered":"https:\/\/www.iceagetv.com\/radiosite\/?p=27001"},"modified":"2024-01-30T12:16:50","modified_gmt":"2024-01-30T12:16:50","slug":"marseille-un-enfant-tue-dans-lincendie-dun-immeuble-du-parc-kalliste-11-personnes-hospitalisees","status":"publish","type":"post","link":"https:\/\/www.iceagetv.com\/radiosite\/marseille-un-enfant-tue-dans-lincendie-dun-immeuble-du-parc-kalliste-11-personnes-hospitalisees\/","title":{"rendered":"MARSEILLE: UN ENFANT TU\u00c9 DANS L&rsquo;INCENDIE D&rsquo;UN IMMEUBLE DU PARC KALLISTE, 11 PERSONNES HOSPITALIS\u00c9ES"},"content":{"rendered":"\n<p>Selon les informations de BFM Marseille Provence, plusieurs autres enfants sont en urgence absolue, dont une fillette de cinq ans.<\/p>\n\n\n\n<p>Un enfant de sept ans est mort mardi 30 janvier au matin \u00e0 la suite d&rsquo;un incendie dans un immeuble de sept \u00e9tages d&rsquo;une cit\u00e9 de Marseille et d&rsquo;autres personnes sont bless\u00e9es, ont indiqu\u00e9 les marins-pompiers \u00e0 BFM Marseille Provence.<\/p>\n\n\n\n<blockquote class=\"wp-block-quote is-layout-flow wp-block-quote-is-layout-flow\">\n<p>\u00ab\u00a0Il y a eu un incendie dans un appartement du 2e \u00e9tage dans un immeuble R+7 (NDLR: rez-de-chauss\u00e9e plus sept \u00e9tages), un enfant de sept ans est mort\u00a0\u00bb, au parc Kalliste, une cit\u00e9 paup\u00e9ris\u00e9e dans les quartiers nord de la cit\u00e9 phoc\u00e9enne, a indiqu\u00e9 un porte-parole des marins-pompiers sur place \u00e0 l&rsquo;AFP.<\/p>\n<\/blockquote>\n\n\n\n<h2 class=\"wp-block-heading\">D&rsquo;autres enfants gravement bless\u00e9s<\/h2>\n\n\n\n<p>Selon Beno\u00eet Payan, le bilan est de 16 victimes. Pour l&rsquo;heure, quatre personnes sont en urgence absolue et quatre autres sont en urgence relative. En tout, 11 personnes ont \u00e9t\u00e9 transport\u00e9es vers les diff\u00e9rents h\u00f4pitaux marseillais.<\/p>\n\n\n\n<p>Selon le maire de Marseille, sur les quatre personnes en urgence absolue, \u00ab\u00a0on a des tout-petits: deux de 3 ans, un de 7 ans, un de 14 ans, dont on attend beaucoup de nouvelles\u00a0\u00bb.<\/p>\n\n\n\n<p>Pour le maire de la cit\u00e9 phoc\u00e9enne, \u00ab\u00a0c&rsquo;est Marseille qui perd un de ses enfants\u00a0\u00bb.<\/p>\n\n\n\n<p>Le maire de Marseille, Beno\u00eet Payan, a r\u00e9agi dans un tweet sur X. Il adresse ses \u00ab\u00a0sinc\u00e8res condol\u00e9ances\u00a0\u00bb et ses \u00ab\u00a0pens\u00e9es \u00e0 la famille et aux proches de la victime\u00a0\u00bb.<\/p>\n\n\n\n<h2 class=\"wp-block-heading\">Une enqu\u00eate ouverte<\/h2>\n\n\n\n<p>L&rsquo;incendie qui a d\u00e9but\u00e9 vers 4h40 est d\u00e9sormais ma\u00eetris\u00e9. \u00ab\u00a0Ce qui caract\u00e9risait ce feu c&rsquo;est l&rsquo;\u00e9paisseur et la quantit\u00e9 de fum\u00e9es toxiques qui \u00e9manaient de l&rsquo;appartement, c&rsquo;est probablement ce qui a provoqu\u00e9 l&rsquo;essentiel des victimes\u00a0\u00bb, selon le vice-amiral Lionel Mathieu, commandant du bataillon des marins-pompiers de Marseille.<\/p>\n\n\n\n<p>\u00ab\u00a0La priorit\u00e9 a \u00e9t\u00e9 simultan\u00e9ment l&rsquo;extinction de l&rsquo;incendie et \u00e0 l&rsquo;\u00e9vacuation des personnes de l&rsquo;immeuble, huit personnes ont \u00e9t\u00e9 \u00e9vacu\u00e9es avec l&rsquo;\u00e9chelle (&#8230;) le feu a \u00e9t\u00e9 \u00e9teint \u00e0 peu pr\u00e8s une petit heure apr\u00e8s le d\u00e9but de l&rsquo;incendie, donc relativement rapidement et il y a un appartement d\u00e9truit et une partie de la cage d&rsquo;escalier\u00a0\u00bb, poursuit ce dernier.<\/p>\n\n\n\n<p>Le feu est \u00ab\u00a0parti dans l&rsquo;appartement dans lequel nous sommes intervenus\u00a0\u00bb. Une enqu\u00eate est ouverte pour homicide involontaire pour rechercher les causes de l&rsquo;incendie, a appris BFMTV aupr\u00e8s du parquet de Marseille.<\/p>\n\n\n\n<h2 class=\"wp-block-heading\">Les politiques r\u00e9agissent au drame<\/h2>\n\n\n\n<p>De son c\u00f4t\u00e9, Renaud Muselier, le pr\u00e9sident de la r\u00e9gion Sud, a adress\u00e9 \u00ab\u00a0toute sa solidarit\u00e9 et l&rsquo;\u00e9motion de la r\u00e9gion Provence-Alpes-C\u00f4te d&rsquo;Azur \u00e0 la famille de la victime, comme aux familles des enfants bless\u00e9s, dans l&rsquo;angoisse la plus totale\u00a0\u00bb.<\/p>\n","protected":false},"excerpt":{"rendered":"<p>Selon les informations de BFM Marseille Provence, plusieurs autres enfants sont en urgence absolue, dont une fillette de cinq ans. Un enfant de sept ans est mort mardi 30 janvier au matin \u00e0 la suite d&rsquo;un incendie dans un immeuble de sept \u00e9tages d&rsquo;une cit\u00e9 de Marseille et d&rsquo;autres personnes sont bless\u00e9es, ont indiqu\u00e9 les [&hellip;]<\/p>\n","protected":false},"author":2,"featured_media":27002,"comment_status":"open","ping_status":"open","sticky":false,"template":"","format":"standard","meta":{"_jetpack_memberships_contains_paid_content":false,"footnotes":"","jetpack_publicize_message":"","jetpack_publicize_feature_enabled":true,"jetpack_social_post_already_shared":true,"jetpack_social_options":{"image_generator_settings":{"template":"highway","default_image_id":0,"font":"","enabled":false},"version":2},"_wpas_customize_per_network":false},"categories":[405],"tags":[],"class_list":["post-27001","post","type-post","status-publish","format-standard","has-post-thumbnail","hentry","category-actu-france-monde"],"jetpack_publicize_connections":[],"jetpack_featured_media_url":"https:\/\/i0.wp.com\/www.iceagetv.com\/radiosite\/wp-content\/uploads\/2024\/01\/GFEuJYLWsAAQ820.jpg?fit=512%2C288&ssl=1","jetpack_sharing_enabled":true,"_links":{"self":[{"href":"https:\/\/www.iceagetv.com\/radiosite\/wp-json\/wp\/v2\/posts\/27001","targetHints":{"allow":["GET"]}}],"collection":[{"href":"https:\/\/www.iceagetv.com\/radiosite\/wp-json\/wp\/v2\/posts"}],"about":[{"href":"https:\/\/www.iceagetv.com\/radiosite\/wp-json\/wp\/v2\/types\/post"}],"author":[{"embeddable":true,"href":"https:\/\/www.iceagetv.com\/radiosite\/wp-json\/wp\/v2\/users\/2"}],"replies":[{"embeddable":true,"href":"https:\/\/www.iceagetv.com\/radiosite\/wp-json\/wp\/v2\/comments?post=27001"}],"version-history":[{"count":1,"href":"https:\/\/www.iceagetv.com\/radiosite\/wp-json\/wp\/v2\/posts\/27001\/revisions"}],"predecessor-version":[{"id":27003,"href":"https:\/\/www.iceagetv.com\/radiosite\/wp-json\/wp\/v2\/posts\/27001\/revisions\/27003"}],"wp:featuredmedia":[{"embeddable":true,"href":"https:\/\/www.iceagetv.com\/radiosite\/wp-json\/wp\/v2\/media\/27002"}],"wp:attachment":[{"href":"https:\/\/www.iceagetv.com\/radiosite\/wp-json\/wp\/v2\/media?parent=27001"}],"wp:term":[{"taxonomy":"category","embeddable":true,"href":"https:\/\/www.iceagetv.com\/radiosite\/wp-json\/wp\/v2\/categories?post=27001"},{"taxonomy":"post_tag","embeddable":true,"href":"https:\/\/www.iceagetv.com\/radiosite\/wp-json\/wp\/v2\/tags?post=27001"}],"curies":[{"name":"wp","href":"https:\/\/api.w.org\/{rel}","templated":true}]}}