{"id":27005,"date":"2024-01-30T16:07:53","date_gmt":"2024-01-30T16:07:53","guid":{"rendered":"https:\/\/www.iceagetv.com\/radiosite\/?p=27005"},"modified":"2024-01-30T16:07:53","modified_gmt":"2024-01-30T16:07:53","slug":"gabriel-attal-notre-agriculture-est-notre-force-il-doit-y-avoir-une-exception-agricole-francaise-il-faut-desmicardiser-la-france-je-veux-aussi-debureaucratiser-la-france","status":"publish","type":"post","link":"https:\/\/www.iceagetv.com\/radiosite\/gabriel-attal-notre-agriculture-est-notre-force-il-doit-y-avoir-une-exception-agricole-francaise-il-faut-desmicardiser-la-france-je-veux-aussi-debureaucratiser-la-france\/","title":{"rendered":"Gabriel Attal: \u00ab\u00a0Notre agriculture est notre force, il doit y avoir une exception agricole fran\u00e7aise\u00a0\u00bb &#8211; \u00ab\u00a0Il faut d\u00e9smicardiser la France\u00a0\u00bb &#8211; \u00ab\u00a0Je veux aussi d\u00e9bureaucratiser la France\u00a0\u00bb"},"content":{"rendered":"\n<p>Gabriel Attal: \u00ab\u00a0Notre agriculture est notre force, il doit y avoir une exception agricole fran\u00e7aise\u00a0\u00bb &#8211; \u00ab\u00a0Il faut d\u00e9smicardiser la France\u00a0\u00bb &#8211; \u00ab\u00a0Je veux aussi d\u00e9bureaucratiser la France\u00a0\u00bb<\/p>\n\n\n\n<p><strong>&nbsp;Le Premier ministre Gabriel Attal s&rsquo;exprime \u00e0 l&rsquo;Assembl\u00e9e nationale\u00a0\u00bb<\/strong><\/p>\n\n\n\n<p>\u00ab\u00a0Je suis n\u00e9 en 1989, l&rsquo;ann\u00e9e du bicentenaire de la R\u00e9volution, Une ann\u00e9e 89 o\u00f9 l&rsquo;on a cru que la d\u00e9mocratie lib\u00e9rale et le universel triomphent par eux m\u00eames\u00a0\u00bb<\/p>\n\n\n\n<p>\u00ab\u00a0Ma g\u00e9n\u00e9ration a vu l&rsquo;inverse se produire parce que notre g\u00e9n\u00e9ration, partout dans le monde, voit son monde chamboul\u00e9 plus fortement encore que tout autre avant elle\u00a0\u00bb<\/p>\n\n\n\n<p>\u00ab\u00a0La France ne sera jamais un pays qui subit, ni hier, demain\u00a0\u00bb<\/p>\n\n\n\n<p>&nbsp;\u00ab\u00a0La France, ce sont nos jeunes, qui osent et se lancent. La France, ce sont nos familles, et toutes ces m\u00e8res c\u00e9lib ataires qui se battent, qui ne l\u00e2chent rien, jamais. Ce sont nos soignants, nos professeurs, nos forces de l\u2019ordre, tous n os agents publics, nos militaires qui s\u2019engagent pour que quelque chose qui les d\u00e9passe . Ce sont nos artisans qui font rayonner nos savoirs &#8211; faires. Ce sont nos agriculteurs, nos p\u00eacheurs, qui travaillent matin, midi et soir pour nous nourrir. Ce sont nos \u00e9lus locaux, qui s\u2019engagent et se donnent corps et \u00e2me pour leurs territoires. Ce sont nos associations, nos b\u00e9n\u00e9voles . La France, c\u2019est 6 8 millions de Fran\u00e7ais de l\u2019Hexagone, des Outre-mer et de l\u2019\u00e9tranger, qui n\u2019ont pas fini de nous surprendre.\u00a0\u00bb<\/p>\n\n\n\n<p>&nbsp;le chef du gouvernement assure qu&rsquo;il faut&nbsp;\u00ab\u00a0affronter pour avancer\u00a0\u00bb. \u00ab\u00a0J\u2019ai confiance, parce que je sais que face aux \u00e9preuves, aux inqui\u00e9tudes et aux crises, notre pays s\u2019est toujours relev\u00e9\u00a0\u00bb,<\/p>\n\n\n\n<p>\u00ab\u00a0La crise \u00e9nerg\u00e9tique, l\u2019inflation, la menace terroriste : les crises se superposent, s\u2019enchev\u00eatrent et s\u2019additionnent. Elles n\u2019offrent aucune solution miraculeuse. Mais m\u00e9thodiquement, avec les Fran\u00e7ais, nous y r\u00e9pondrons !\u00a0\u00bb<\/p>\n\n\n\n<p>Gabriel Attal \u00e9voque \u00ab\u00a0la souverainet\u00e9 fran\u00e7aise et europ\u00e9enne\u00a0\u00bb, en vantant le bilan du gouvernement en la mati\u00e8re :&nbsp;\u00ab\u00a0nous avons engag\u00e9 une action r\u00e9solue pour la souverainet\u00e9 \u00e9conomique avec, pour la premi\u00e8re fois, le retour de l\u2019industrie sur notre sol \u2013 n\u2019en d\u00e9plaise aux Cassandre, il y a d\u00e9sormais plus d\u2019usines qui ouvrent que d\u2019usines qui ferment en France (&#8230;)\u00a0\u00bb<\/p>\n\n\n\n<p><strong>\u00ab\u00a0Notre agriculture est notre force, et notre fiert\u00e9 aussi. Alors je le dis ici solennellement : il doit y avoir une exception agricole fran\u00e7aise\u00a0\u00bb.&nbsp;\u00ab\u00a0Nous serons au rendez-vous, sans aucune ambigu\u00eft\u00e9\u00a0\u00bb, a-t-il ajout\u00e9, sans donner d&rsquo;annoncer pour le moment.<\/strong><\/p>\n\n\n\n<p><strong>\u00ab\u00a0Je suis lucide, face \u00e0 l\u2019empilement des normes, face aux d\u00e9cisions qui tombent d\u2019en haut et qui parfois tombent d\u2019on ne sait o\u00f9&nbsp;, elle doute, elle aussi, et attend des r\u00e9ponses et des solutions.\u00a0\u00bb<\/strong><\/p>\n\n\n\n<p>\u00ab\u00a0Je veux m\u2019adresser \u00e0 tous ces Fran\u00e7ais, souvent de la classe moyenne, toujours au rendez &#8211; vous de leurs responsabilit\u00e9s, qui ne se plaignent pas alors qu\u2019ils ont si souvent le sentiment de subir. A ces Fran\u00e7ais qui ont le sentiment d\u2019avoir tous les devoirs, quand d\u2019autres ont tous les droits\u00a0\u00bb,<\/p>\n\n\n\n<p>\u00ab\u00a0Nous avons une majorit\u00e9, que je salue et \u00e0 qui je veux dire ma confiance et ma fid\u00e9lit\u00e9. Mais cette majorit\u00e9 est relative et les Fran\u00e7ais attendent que nous cessions les querelles de principes pour \u00e9changer et pour agir ensemble\u00a0\u00bb.<\/p>\n\n\n\n<p><strong>Au c\u0153ur du discours du Premier ministre, la valeur travail.<\/strong>&nbsp;\u00ab\u00a0Ma priorit\u00e9 est claire : favoriser le travail pour que ceux qui en sont \u00e9loign\u00e9s s\u2019en rapprochent, en soutenant ceux qui n\u2019ont que le fruit de leur travail pour vivre, et qui sont toujours au rendez &#8211; vous de leurs responsabilit\u00e9s\u00a0\u00bb.<\/p>\n\n\n\n<p>\u00ab\u00a0Parler aux Fran\u00e7ais, c\u2019est entendre quatre appels \u00e0 l\u2019action. Pour le travail, pour qu\u2019il paie mieux et toujours plus que l\u2019inactivit\u00e9 \u2013 partout et pour tous . Pour nos services publics, pour qu\u2019ils soient accessibles et de qualit\u00e9 \u2013 partout et pour tous. Pour l\u2019autorit\u00e9, le civisme et le respect des droits et devoirs \u2013 partout et pour tous. Pour un environnement plus respirable \u2013 partout et pour tous.\u00a0\u00bb<\/p>\n\n\n\n<p>Et d&rsquo;\u00e9voquer&nbsp;\u00ab\u00a0l&rsquo;action d\u00e9terminante\u00a0\u00bb&nbsp;de ses pr\u00e9d\u00e9cesseurs Edouard Philippe, Jean Castex et Elisabeth Borne.<\/p>\n\n\n\n<p><strong>Avant d&rsquo;affirmer: \u00ab\u00a0Oui, j\u2019assume de le dire, il faut d\u00e9smicardiser la France\u00a0\u00bb.&nbsp;<\/strong>\u00ab\u00a0Nous avons un salaire minimum, un SMIC, nettement sup\u00e9rieur \u00e0 celui de nos voisins, et nous en sommes fiers. Mais nous avons une part de nos travailleurs proches du SMIC beaucoup plus importante que nos voisins. C\u2019est un probl\u00e8me.\u00a0\u00bb.&nbsp;\u00ab\u00a0On ne peut accepter une France o\u00f9 beaucoup sont condamn\u00e9 s \u00e0 rester proches du SMIC toute leur carri\u00e8re. La progression salariale doit, toujours, permettre de r\u00e9compenser l\u2019effort et le m\u00e9rite.\u00a0\u00bb.&nbsp;\u00ab\u00a0D\u00e8s le prochain projet de loi d e finance, en nous appuyant sur les propositions des parlementaires, des partenaires sociaux et sur un certain nombre de travaux d\u2019experts qui sont actuellement conduits, nous commencerons \u00e0 r\u00e9former ce syst\u00e8me.\u00a0\u00bb<\/p>\n\n\n\n<p><strong>\u00ab\u00a0Nous tiendrons l\u2019engagement du Pr\u00e9sident de la R\u00e9publique d\u2019une nouvelle baisse d\u2019imp\u00f4ts de 2 milliards d\u2019euros. Cette baisse d\u2019imp\u00f4t sera financ\u00e9e et la solidarit\u00e9 nationale devra s\u2019exercer pour nos classes moyennes.\u00a0\u00bb<\/strong><\/p>\n\n\n\n<p><strong>Gabriel Attal annonce un projet de loi pour le second semestre afin d&rsquo;int\u00e9grer le m\u00e9rite \u00e0 la r\u00e9mun\u00e9ration des fonctionnaires.<\/strong><\/p>\n\n\n\n<p><strong>Gabriel Attal annonce la g\u00e9n\u00e9ralisation de l&rsquo;exp\u00e9rimentation du conditionnement du RSA \u00e0 15 heures d&rsquo;activit\u00e9s&nbsp;\u00ab\u00a0\u00e0 tous les d\u00e9partements de France, d&rsquo;ici le 1er janvier 2025\u00a0\u00bb.<\/strong><\/p>\n\n\n\n<p>\u00ab\u00a0Nous combattrons \u00e9galement toutes les trappes \u00e0 inactivit\u00e9\u00a0\u00bb,&nbsp;poursuit Gabriel Attal. \u00ab\u00a0Je pense notamment \u00e0 l\u2019allocation de solidarit\u00e9 sp\u00e9cifique, qui prolonge l\u2019indemnisation du ch\u00f4mage et qui permet, sans travailler, de valider des trimestres de retraite. Or la retraite doit toujours rester le fruit du travail. Je proposerai sa suppression.\u00a0\u00bb, dit-il.<\/p>\n\n\n\n<p><strong>Gabriel Attal annonce l&rsquo;exp\u00e9rimentation \u00e0 \u00ab\u00a0tous mes ministres\u00a0\u00bb de la semaine en 4 jours dans \u00ab\u00a0les administrations centrales et d\u00e9concentr\u00e9es\u00a0\u00bb<\/strong>.&nbsp;\u00ab\u00a0Je veux que l\u2019Etat montre l\u2019exemple et que, d\u00e9sormais, dans l\u2019Etat, les personnels d\u2019entretien de l\u2019administration qui le souhaitent puissent travaillent aux m\u00eames horaires que tout le monde : aux horaires de bureau\u00a0\u00bb<\/p>\n\n\n\n<p><strong>Gabriel Attal annonce un projet de loi au printemps afin&nbsp;\u00ab\u00a0de d\u00e9verrouiller certaines professions comme les syndics ou encore les ventes en ligne de m\u00e9dicaments par les pharmacies.\u00a0\u00bb<\/strong><\/p>\n\n\n\n<p><strong>Sur le logement, le chef du gouvernement annonce&nbsp;\u00ab\u00a0un choc d&rsquo;offres avec 5 solutions :<\/strong><\/p>\n\n\n\n<p>Nous allons simplifier massivement les normes : revoir les DPE, simplifier l\u2019acc\u00e8s \u00e0 MaPrimeR\u00e9nov, faciliter la densification, lever les contraintes sur le zonage, acc\u00e9l\u00e9rer les proc\u00e9dures.<\/p>\n\n\n\n<p>&#8211; Nous d\u00e9signerons dans deux semaines, 20 territoires engag\u00e9s pour le logement, o\u00f9 nous acc\u00e9l\u00e8rerons toutes les proc\u00e9dures, comme nous avons su le faire pour l\u2019organisation des jeux olympiques et paralympiques, avec comme objectif d\u2019y cr\u00e9er 30 000 nouveaux logements d\u2019ici 3 ans.<\/p>\n\n\n\n<p>&#8211; Nous n\u2019h\u00e9siterons \u00e0 proc\u00e9der \u00e0 des r\u00e9quisitions pour des b\u00e2timents vides, notamment des b\u00e2timents de bureaux. Nous l\u2019avons d\u00e9j\u00e0 fait et nous continuerons.\u00a0\u00bb<\/p>\n\n\n\n<p>Et d&rsquo;annoncer que les maires auront d\u00e9sormais&nbsp;\u00ab\u00a0la main pour la premi\u00e8re attribution dans les nouveaux logements sociaux construits sur leur commune\u00a0\u00bb.<\/p>\n\n\n\n<p><strong>Et de poursuivre: \u00ab\u00a0D\u00e9smicardiser pour promouvoir le travail, d\u00e9v\u00e9rouiller pour lib\u00e9rer l\u2019initiative et la croissance, je veux aussi d\u00e9bureaucratiser la France \u00e0 tous les \u00e9chelons\u00a0\u00bb<\/strong><\/p>\n\n\n\n<p>\u00ab\u00a0Nous engagerons apr\u00e8s l\u2019\u00e9t\u00e9 une nouvelle \u00e9tape de la r\u00e9forme du droit du travail. Avec un objectif clair : lib\u00e9rer les \u00e9nergies de nos TPE et PME, simplifier consid\u00e9rablement leur quotidien et leur permettre de n\u00e9gocier certaines r\u00e8gles directement, entreprise par entreprise.\u00a0\u00bb<\/p>\n\n\n\n<p><strong>Et d&rsquo;annoncer:&nbsp;\u00ab\u00a0Je vous annonce que d\u00e8s cette ann\u00e9e, chacun pourra enfin porter plainte en ligne, partout sur le territoire\u00a0\u00bb.<\/strong><\/p>\n\n\n\n<p><strong>Avant de poursuivre: \u00ab\u00a0Je vous annonce une r\u00e8gle g\u00e9n\u00e9rale simple : tous les organes, comit\u00e9s et autres, qui ne se sont pas r\u00e9unis ces 12 derniers mois, seront supprim\u00e9s\u00a0\u00bb.<\/strong><\/p>\n\n\n\n<p>\u00ab\u00a0Des pans entiers de notre \u00e9conomie demandent des simplifications encore drastiques, notamment pour acc\u00e9l\u00e9rer le retour de notre industrie. Pourquoi ? Parce que trop de d\u00e9lais, c\u2019est moins de projets. Et donc moins d\u2019emplois et moins de croissance.\u00a0\u00bb<\/p>\n\n\n\n<p><strong>Gabriel Attal annonce: \u00ab\u00a0Je tiendrai l\u2019engagement de ma pr\u00e9d\u00e9cesseure de r\u00e9former l\u2019aide m\u00e9dicale d\u2019Etat. Nous le ferons avant l\u2019\u00e9t\u00e9 par voie r\u00e9glementaire, avec une base qui est connue : le rapport Evin \u2013 Stefanini\u00a0\u00bb<\/strong><\/p>\n\n\n\n<p>Et d&rsquo;\u00e9voquer la sant\u00e9: \u00ab\u00a0Aujourd\u2019hui, quel est le probl\u00e8me ? Malgr\u00e9 le travail de nos soignants, le temps m\u00e9dical manque. Nos compatriotes ne trouvent pas de m\u00e9decins et les d\u00e9lais aux urgences se rallongent. Cela se traduit par la d\u00e9sertification de notre pays, et par la saturation de nos h\u00f4pitaux\u00a0\u00bb.<\/p>\n\n\n\n<p>Comme l\u2019a annonc\u00e9 le Pr\u00e9sident de la R\u00e9publique, nous proc\u00e8derons \u00e0 la r\u00e9gularisation des m\u00e9decins \u00e9trangers sur notre territoire. C\u2019est pourquoi aussi, je vous l\u2019annonce, je nommerai un \u00e9missaire, charg\u00e9 d\u2019aller chercher \u00e0 l\u2019\u00e9tranger des m\u00e9decins qui voudraient venir exercer en France. Nous devons trouver les moyens de faire revenir nos jeunes fran\u00e7ais, partis \u00e9tudier la m\u00e9decine \u00e0 l\u2019\u00e9tranger<\/p>\n\n\n\n<p>\u00ab\u00a0D\u00e8s cet \u00e9t\u00e9, chaque d\u00e9partement devra \u00eatre dot\u00e9 d\u2019un service d\u2019acc\u00e8s aux soins, avec des professionnels organis\u00e9s pour assurer la permanence des soins\u00a0\u00bb, poursuit Gabriel Attal.<\/p>\n\n\n\n<p><strong>\u00ab\u00a0Je suis pr\u00eat \u00e0 aller plus loin, en restaurant des obligations de garde pour les m\u00e9decins lib\u00e9raux, en soir\u00e9e ou le week-end, dans leurs cabinets, \u00e0 l\u2019h\u00f4pital ou en maisons de sant\u00e9\u00a0\u00bb, annonce Gabriel Attal.<\/strong><\/p>\n\n\n\n<p><strong>Gabriel Attal souhaite \u00e9galement un&nbsp;\u00ab\u00a0principe simple\u00a0\u00bb : \u00ab\u00a0quand on a un rendez-vous chez le m\u00e9decin et qu\u2019on ne vient pas sans pr\u00e9venir, on paye.\u00a0\u00bb<\/strong><\/p>\n\n\n\n<p>Gabriel Attal annonce vouloir faire de la sant\u00e9 mentale \u00ab\u00a0une grande cause\u00a0\u00bb de son action gouvernementale. Il annonce la r\u00e9forme du dispositif&nbsp;\u00ab\u00a0MonSoutienPsy\u00a0\u00bb. \u00ab\u00a0Nous allons augmenter le tarif de la consultation rembours\u00e9e pour limiter au maximum le reste \u00e0 charge pour les jeunes patients et leurs familles. Pour lever tous les verrous, nous permettrons aussi aux jeunes d\u2019avoir acc\u00e8s directement \u00e0 un psychologue, sans n\u00e9cessairement passer par un m\u00e9decin\u00a0\u00bb<\/p>\n\n\n\n<p><strong>Gabriel Attal annonce \u00e0 partir de mai pour les infirmi\u00e8res scolaires \u00ab\u00a0une prime exceptionnelle de 800\u20ac\u00a0\u00bb et \u00ab\u00a0la revalorisation de&nbsp;\u00ab\u00a0leur salaire de 200 euros nets par mois en moyenne \u00e0 compter de cette date\u00a0\u00bb.<\/strong><\/p>\n\n\n\n<p>Et d&rsquo;annoncer: \u00ab\u00a0Je prends une d\u00e9cision claire : l\u2019Etat prend ses responsabilit\u00e9s et financera d\u00e9sormais l\u2019accompagnement des enfants en situation de handicap sur leur pause d\u00e9jeuner. C\u2019est un enjeu de solidarit\u00e9, de dignit\u00e9, de reconnaissance.\u00a0\u00bb<\/p>\n\n\n\n<p>Avant d&rsquo;\u00e9voquer l&rsquo;exp\u00e9rimentation de l&rsquo;uniforme \u00e0 l&rsquo;\u00e9cole:&nbsp;\u00ab\u00a0Et comme l\u2019a annonc\u00e9 le Pr\u00e9sident de la R\u00e9publique, si cette exp\u00e9rimentation est concluante, nous g\u00e9n\u00e9raliserons l\u2019uniforme en France \u00e0 la rentr\u00e9e 2026\u00a0\u00bb, assure le Premier ministre.<\/p>\n\n\n\n<p><strong>\u00ab\u00a0Je vous annonce que nous cr\u00e9erons des travaux d\u2019int\u00e9r\u00eat \u00e9ducatif, qui seront leurs \u00e9quivalents et seront donn\u00e9es plus facilement que les peines d\u2019int\u00e9r\u00eat g\u00e9n\u00e9ral\u00a0\u00bb, d\u00e9clare Gabriel Attal.<\/strong><\/p>\n\n\n\n<p><strong>\u00ab\u00a0Cela fera partie d\u2019une revue de l\u2019\u00e9chelle des sanctions dans nos \u00e9tablissements scolaires. D\u00e8s le plus jeune \u00e2ge, il faut en revenir \u00e0 un principe simple : &lsquo;tu casses, tu r\u00e9pares, tu salis, tu nettoies, tu d\u00e9fies l\u2019autorit\u00e9, tu apprends \u00e0 la respecter&rsquo;.\u00a0\u00bb<\/strong><\/p>\n\n\n\n<p>Sur la question des familles monoparentales et notamment des m\u00e8res isol\u00e9es, Gabriel Attal annonce qu&rsquo;il faut&nbsp;\u00ab\u00a0les aider\u00a0\u00bb. \u00ab\u00a0Aussi, d\u00e9sormais, quand un jeune sera sur la mauvaise pente, plut\u00f4t que de le laisser plonger dans la d\u00e9linquance, nous proposerons aux parents de le placer en internat, en y facilitant l\u2019acc\u00e8s, y compris financier\u00a0\u00bb.<\/p>\n\n\n\n<p>Concernant la s\u00e9curit\u00e9 et l&rsquo;ordre public, Gabriel Attal annonce:&nbsp;\u00ab\u00a0Nous allons mener des actions coordonn\u00e9es de tous les services de l\u2019Etat, forces de l\u2019ordre, \u00e9ducation, services sociaux, dans certains quartiers. C\u2019est le sens des Forces d\u2019Actions R\u00e9publicaines. Nous les d\u00e9ploierons fin f\u00e9vrier dans trois premiers territoires : \u00e0 Maubeuge, Valence et Besan\u00e7on\u00a0\u00bb.<\/p>\n\n\n\n<p><strong>Gabriel Attal annonce qu&rsquo;il lance les travaux en vue de la g\u00e9n\u00e9ralisation du Service national universel (SNU) \u00e0 la rentr\u00e9e scolaire 2026.<\/strong><\/p>\n\n\n\n<p><strong>\u00ab\u00a0Nous devons aussi taper les dealers au porte-monnaie et leur couper les vivres. C\u2019est pourquoi, je vous annonce que nous allons d\u00e9sormais geler les avoirs des trafiquants de drogue identifi\u00e9s.\u00a0\u00bb<\/strong><\/p>\n\n\n\n<p>\u00ab\u00a0Ecologie des solutions\u00a0\u00bb, ou \u00ab\u00a0\u00e9cologie \u00e0 la fran\u00e7aise\u00a0\u00bb, Gabriel Attal vante la vision du pr\u00e9sident de la R\u00e9publique sur cette th\u00e9matique.&nbsp;\u00ab\u00a0Oui, nous ferons rimer climat avec croissance\u00a0\u00bb.&nbsp;\u00ab\u00a0Je veux le dire sans ambigu\u00eft\u00e9 : le nucl\u00e9aire est une fiert\u00e9 fran\u00e7aise. Le nucl\u00e9aire est un atout majeur pour notre pays. J\u2019assume pleinement d\u2019\u00eatre \u00e0 la t\u00eate d\u2019un Gouvernement pro-\u00e9nergie nucl\u00e9aire.\u00a0\u00bb<\/p>\n\n\n\n<p>\u00ab\u00a0R\u00e9ussir la transition \u00e9cologique est le d\u00e9fi de notre g\u00e9n\u00e9ration. Notre jeunesse veut s\u2019engager, participer, aider. Elle se demande comment \u00eatre utile pour la plan\u00e8te.\u00a0\u00bb<\/p>\n\n\n\n<p><strong>\u00ab\u00a0Nous lancerons un Service civique \u00e9cologique, qui rassemblera d\u2019ici la fin du quinquennat 50 000 jeunes pr\u00eats \u00e0 s\u2019engager concr\u00e8tement pour le climat\u00a0\u00bb, annonce Gabriel Attal.<\/strong><\/p>\n\n\n\n<p>Nous ferons \u00e9voluer le r\u00e9gime de catastrophe naturelle pour le moderniser et \u00e9viter que certains assureurs n\u2019abandonnent les territoires les plus \u00e0 risques\u00a0\u00bb.<\/p>\n\n\n\n<p><strong>Gabriel Attal revient \u00e0 pr\u00e9sent \u00e0 l&rsquo;agriculture.&nbsp;\u00ab\u00a0Produire\u00a0\u00bb,&nbsp;mart\u00e8le Gabriel Attal, sous les cris de l&rsquo;opposition.&nbsp;\u00ab\u00a0Oui, je sais, cela vous d\u00e9range\u00a0\u00bb, r\u00e9torque-t-il \u00e0 la tribune.<\/strong><\/p>\n\n\n\n<p><strong>\u00ab\u00a0D\u2019ici le 15 mars, toutes les aides PAC seront vers\u00e9es sur les comptes bancaires des exploitants. Et nous travaillerons avec les r\u00e9gions pour que les aides \u00e0 l\u2019installation des jeunes agriculteurs puissent \u00eatre vers\u00e9es dans les prochaines semaines.\u00a0\u00bb<\/strong><\/p>\n\n\n\n<p><strong>\u00ab\u00a0J\u2019ai d\u00e9j\u00e0 parl\u00e9 des amendes et des contr\u00f4les, mais je peux vous dire que toutes les amendes qui seront inflig\u00e9es \u00e0 l\u2019industrie et \u00e0 la grande distribution, elles seront r\u00e9utilis\u00e9es pour soutenir les agriculteurs\u00a0\u00bb.<\/strong><\/p>\n\n\n\n<p><strong>\u00ab\u00a0Je vous annonce que nous allons d\u00e9bloquer des moyens nouveaux avec un fonds d\u2019urgence avant la fin de la semaine pour soutenir nos viticulteurs, particuli\u00e8rement en Occitanie\u00a0\u00bb.<\/strong><\/p>\n\n\n\n<p><strong>\u00ab\u00a0Je lance aujourd\u2019hui un grand plan de contr\u00f4le sur la tra\u00e7abilit\u00e9 des produits. L\u2019objectif est clair : garantir une concurrence \u00e9quitable !\u00a0\u00bb<\/strong><\/p>\n\n\n\n<p>Sur la fin de vie, Gabriel Attal confirme l&rsquo;examen avant l&rsquo;\u00e9t\u00e9 d&rsquo;un projet de loi sur le sujet.&nbsp;\u00ab\u00a0Ce d\u00e9bat animera notre soci\u00e9t\u00e9, je le sais. Je souhaite qu\u2019il puisse se tenir dans une volont\u00e9 d\u2019\u00e9quilibre et dans le respect des convictions de chacun\u00a0\u00bb, dit-il.<\/p>\n\n\n\n<p><strong>Gabriel Attal \u00e9voque \u00e0 pr\u00e9sent son homosexualit\u00e9, il est ovationn\u00e9 par les d\u00e9put\u00e9s de son camp.&nbsp;\u00ab\u00a0\u00catre Fran\u00e7ais en 2024, c\u2019est \u2013 dans un pays qui, il y a 10 ans seulement, se d\u00e9chirait autour du mariage pour tous \u2013 pouvoir \u00eatre Premier ministre en assumant son homosexualit\u00e9\u00a0\u00bb<\/strong><\/p>\n\n\n\n<p>\u00ab\u00a0Nous ne sommes pas condamn\u00e9s \u00e0 subir, mais d\u00e9termin\u00e9s \u00e0 agir. D\u00e9termin\u00e9s \u00e0 prendre notre destin en main. D\u00e9termin\u00e9s, Madame la Pr\u00e9sidente, Mesdames et Messieurs les d\u00e9put\u00e9s, parce que sommes la France et que rien ne r\u00e9siste au peuple fran\u00e7ais !\u00a0\u00bb<\/p>\n\n\n\n<p> \u00ab\u00a0J&rsquo;adresserai \u00e0 la repr\u00e9sentation nationale, \u00e0 15h, la feuille de route et les priorit\u00e9s du gouvernement\u00a0\u00bb, a \u00e9crit sobrement le Premier ministre sur le r\u00e9seau social X. Un visiteur de Matignon l&rsquo;a trouv\u00e9 \u00ab\u00a0confiant\u00a0\u00bb avant ce rendez-vous solennel. \u00ab\u00a0Il ne voit pas \u00e7a comme un Himalaya, mais comme le Puy de D\u00f4me. Il n&rsquo;est pas stress\u00e9\u00a0\u00bb.<\/p>\n\n\n\n<p>Ce discours devant l&rsquo;Assembl\u00e9e nationale, qui devrait durer moins d&rsquo;une heure, va lui permettre d&rsquo;exposer sa m\u00e9thode. Or celle de Gabriel Attal, bas\u00e9e sur \u00ab\u00a0l&rsquo;action\u00a0\u00bb et les \u00ab\u00a0r\u00e9sultats\u00a0\u00bb, avec beaucoup de d\u00e9placements sur le terrain, est d\u00e9j\u00e0 mise \u00e0 l&rsquo;\u00e9preuve par les agriculteurs, qui jugent insuffisantes ses premi\u00e8res mesures et continuent de barrer les routes.<\/p>\n\n\n\n<p>\u00ab\u00a0Notre d\u00e9termination est totale\u00a0\u00bb, a r\u00e9p\u00e9t\u00e9 mardi Arnaud Rousseau, pr\u00e9sident de la puissante FNSEA. Le d\u00e9put\u00e9 Renaissance Marc Ferracci \u00ab\u00a0ne s&rsquo;attend pas\u00a0\u00bb \u00e0 \u00ab\u00a0des annonces extr\u00eamement d\u00e9taill\u00e9es\u00a0\u00bb sur ce sujet dans le discours.<\/p>\n","protected":false},"excerpt":{"rendered":"<p>Gabriel Attal: \u00ab\u00a0Notre agriculture est notre force, il doit y avoir une exception agricole fran\u00e7aise\u00a0\u00bb &#8211; \u00ab\u00a0Il faut d\u00e9smicardiser la France\u00a0\u00bb &#8211; \u00ab\u00a0Je veux aussi d\u00e9bureaucratiser la France\u00a0\u00bb &nbsp;Le Premier ministre Gabriel Attal s&rsquo;exprime \u00e0 l&rsquo;Assembl\u00e9e nationale\u00a0\u00bb \u00ab\u00a0Je suis n\u00e9 en 1989, l&rsquo;ann\u00e9e du bicentenaire de la R\u00e9volution, Une ann\u00e9e 89 o\u00f9 l&rsquo;on a cru [&hellip;]<\/p>\n","protected":false},"author":2,"featured_media":27006,"comment_status":"open","ping_status":"open","sticky":false,"template":"","format":"standard","meta":{"_jetpack_memberships_contains_paid_content":false,"footnotes":"","jetpack_publicize_message":"","jetpack_publicize_feature_enabled":true,"jetpack_social_post_already_shared":true,"jetpack_social_options":{"image_generator_settings":{"template":"highway","default_image_id":0,"font":"","enabled":false},"version":2},"_wpas_customize_per_network":false},"categories":[405],"tags":[],"class_list":["post-27005","post","type-post","status-publish","format-standard","has-post-thumbnail","hentry","category-actu-france-monde"],"jetpack_publicize_connections":[],"jetpack_featured_media_url":"https:\/\/i0.wp.com\/www.iceagetv.com\/radiosite\/wp-content\/uploads\/2024\/01\/Gabriel-Attal.jpg?fit=679%2C293&ssl=1","jetpack_sharing_enabled":true,"_links":{"self":[{"href":"https:\/\/www.iceagetv.com\/radiosite\/wp-json\/wp\/v2\/posts\/27005","targetHints":{"allow":["GET"]}}],"collection":[{"href":"https:\/\/www.iceagetv.com\/radiosite\/wp-json\/wp\/v2\/posts"}],"about":[{"href":"https:\/\/www.iceagetv.com\/radiosite\/wp-json\/wp\/v2\/types\/post"}],"author":[{"embeddable":true,"href":"https:\/\/www.iceagetv.com\/radiosite\/wp-json\/wp\/v2\/users\/2"}],"replies":[{"embeddable":true,"href":"https:\/\/www.iceagetv.com\/radiosite\/wp-json\/wp\/v2\/comments?post=27005"}],"version-history":[{"count":1,"href":"https:\/\/www.iceagetv.com\/radiosite\/wp-json\/wp\/v2\/posts\/27005\/revisions"}],"predecessor-version":[{"id":27007,"href":"https:\/\/www.iceagetv.com\/radiosite\/wp-json\/wp\/v2\/posts\/27005\/revisions\/27007"}],"wp:featuredmedia":[{"embeddable":true,"href":"https:\/\/www.iceagetv.com\/radiosite\/wp-json\/wp\/v2\/media\/27006"}],"wp:attachment":[{"href":"https:\/\/www.iceagetv.com\/radiosite\/wp-json\/wp\/v2\/media?parent=27005"}],"wp:term":[{"taxonomy":"category","embeddable":true,"href":"https:\/\/www.iceagetv.com\/radiosite\/wp-json\/wp\/v2\/categories?post=27005"},{"taxonomy":"post_tag","embeddable":true,"href":"https:\/\/www.iceagetv.com\/radiosite\/wp-json\/wp\/v2\/tags?post=27005"}],"curies":[{"name":"wp","href":"https:\/\/api.w.org\/{rel}","templated":true}]}}