{"id":27011,"date":"2024-01-31T15:58:28","date_gmt":"2024-01-31T15:58:28","guid":{"rendered":"https:\/\/www.iceagetv.com\/radiosite\/?p=27011"},"modified":"2024-01-31T15:58:28","modified_gmt":"2024-01-31T15:58:28","slug":"une-enquete-pour-homicide-involontaire-par-conducteur-ouverte-apres-le-deces-dun-cycliste-ecrase-par-un-camion-pres-des-champs-elysees-a-paris","status":"publish","type":"post","link":"https:\/\/www.iceagetv.com\/radiosite\/une-enquete-pour-homicide-involontaire-par-conducteur-ouverte-apres-le-deces-dun-cycliste-ecrase-par-un-camion-pres-des-champs-elysees-a-paris\/","title":{"rendered":"Une enqu\u00eate pour \u00ab\u00a0homicide involontaire par conducteur\u00a0\u00bb ouverte apr\u00e8s le d\u00e9c\u00e8s d&rsquo;un cycliste \u00e9cras\u00e9 par un camion, pr\u00e8s des Champs-\u00c9lys\u00e9es \u00e0 Paris"},"content":{"rendered":"\n<p>Un cycliste \u00e2g\u00e9 de 32 ans est d\u00e9c\u00e9d\u00e9 apr\u00e8s avoir \u00e9t\u00e9 \u00e9cras\u00e9 par un camion benne pr\u00e8s des Champs-\u00c9lys\u00e9es \u00e0 Paris ce mardi, rapporte le site&nbsp;<a href=\"https:\/\/actu17.fr\/faits-divers\/paris-un-cycliste-meurt-ecrase-par-un-camion-pres-des-champs-elysees.html\" target=\"_blank\" rel=\"noreferrer noopener\">Actu 17<\/a>, confirmant une information de&nbsp;<a href=\"https:\/\/www.tf1info.fr\/justice-faits-divers\/paris-une-cycliste-mortellement-ecrasee-par-un-camion-pres-des-champs-elysees-2284522.html\" target=\"_blank\" rel=\"noreferrer noopener\">TF1<\/a>.&nbsp;A leur arriv\u00e9e sur les lieux, les secours et les autorit\u00e9s ont constat\u00e9 le d\u00e9c\u00e8s de la victime.&nbsp;Une source proche de l&rsquo;enqu\u00eate indique \u00e0 nos confr\u00e8res que le conducteur du camion a \u00e9t\u00e9 interpell\u00e9 et interrog\u00e9 par les policiers.<\/p>\n\n\n\n<p>Ce dernier, choqu\u00e9, a pr\u00e9cis\u00e9 aux forces de l&rsquo;ordre \u00ab\u00a0qu&rsquo;il venait de la place de la Concorde, en passant par le Cours la Reine, et qu&rsquo;il tournait sur l&rsquo;avenue Franklin-Roosevelt lorsqu&rsquo;il a senti avoir roul\u00e9 sur quelque chose, avant de s&rsquo;arr\u00eater\u00a0\u00bb, peut-on lire. Et d&rsquo;ajouter que l&rsquo;homme a assur\u00e9 qu&rsquo;il \u00ab\u00a0roulait au pas\u00a0\u00bb au moment de ce terrible accident.<\/p>\n\n\n\n<p>Des tests de d\u00e9pistage r\u00e9alis\u00e9s sur le conducteur ont montr\u00e9 qu&rsquo;il n&rsquo;avait consomm\u00e9 ni alcool, ni drogue, au moment des faits.<\/p>\n\n\n\n<p>Une enqu\u00eate pour \u00ab\u00a0homicide involontaire par conducteur\u00a0\u00bb a \u00e9t\u00e9 ouverte par le parquet de Paris. Le service de traitement judiciaire des accidents (STJA) a \u00e9t\u00e9 charg\u00e9 des investigations.<\/p>\n\n\n\n<p>Les images de vid\u00e9osurveillance vont \u00eatre exploit\u00e9es par les policiers, pr\u00e9cise-t-on.<\/p>\n\n\n\n<p>\u00ab\u00a0Il n\u2019appara\u00eet pour le moment aucune circonstance aggravante en lien avec le chauffeur\u00a0\u00bb,&nbsp;pr\u00e9cise le parquet \u00e0 TF1info.<\/p>\n","protected":false},"excerpt":{"rendered":"<p>Un cycliste \u00e2g\u00e9 de 32 ans est d\u00e9c\u00e9d\u00e9 apr\u00e8s avoir \u00e9t\u00e9 \u00e9cras\u00e9 par un camion benne pr\u00e8s des Champs-\u00c9lys\u00e9es \u00e0 Paris ce mardi, rapporte le site&nbsp;Actu 17, confirmant une information de&nbsp;TF1.&nbsp;A leur arriv\u00e9e sur les lieux, les secours et les autorit\u00e9s ont constat\u00e9 le d\u00e9c\u00e8s de la victime.&nbsp;Une source proche de l&rsquo;enqu\u00eate indique \u00e0 nos [&hellip;]<\/p>\n","protected":false},"author":2,"featured_media":27012,"comment_status":"open","ping_status":"open","sticky":false,"template":"","format":"standard","meta":{"_jetpack_memberships_contains_paid_content":false,"footnotes":"","jetpack_publicize_message":"","jetpack_publicize_feature_enabled":true,"jetpack_social_post_already_shared":true,"jetpack_social_options":{"image_generator_settings":{"template":"highway","default_image_id":0,"font":"","enabled":false},"version":2},"_wpas_customize_per_network":false},"categories":[405],"tags":[],"class_list":["post-27011","post","type-post","status-publish","format-standard","has-post-thumbnail","hentry","category-actu-france-monde"],"jetpack_publicize_connections":[],"jetpack_featured_media_url":"https:\/\/i0.wp.com\/www.iceagetv.com\/radiosite\/wp-content\/uploads\/2024\/01\/Une-enquete-pour-homicide-involontaire.jpg?fit=679%2C293&ssl=1","jetpack_sharing_enabled":true,"_links":{"self":[{"href":"https:\/\/www.iceagetv.com\/radiosite\/wp-json\/wp\/v2\/posts\/27011","targetHints":{"allow":["GET"]}}],"collection":[{"href":"https:\/\/www.iceagetv.com\/radiosite\/wp-json\/wp\/v2\/posts"}],"about":[{"href":"https:\/\/www.iceagetv.com\/radiosite\/wp-json\/wp\/v2\/types\/post"}],"author":[{"embeddable":true,"href":"https:\/\/www.iceagetv.com\/radiosite\/wp-json\/wp\/v2\/users\/2"}],"replies":[{"embeddable":true,"href":"https:\/\/www.iceagetv.com\/radiosite\/wp-json\/wp\/v2\/comments?post=27011"}],"version-history":[{"count":1,"href":"https:\/\/www.iceagetv.com\/radiosite\/wp-json\/wp\/v2\/posts\/27011\/revisions"}],"predecessor-version":[{"id":27013,"href":"https:\/\/www.iceagetv.com\/radiosite\/wp-json\/wp\/v2\/posts\/27011\/revisions\/27013"}],"wp:featuredmedia":[{"embeddable":true,"href":"https:\/\/www.iceagetv.com\/radiosite\/wp-json\/wp\/v2\/media\/27012"}],"wp:attachment":[{"href":"https:\/\/www.iceagetv.com\/radiosite\/wp-json\/wp\/v2\/media?parent=27011"}],"wp:term":[{"taxonomy":"category","embeddable":true,"href":"https:\/\/www.iceagetv.com\/radiosite\/wp-json\/wp\/v2\/categories?post=27011"},{"taxonomy":"post_tag","embeddable":true,"href":"https:\/\/www.iceagetv.com\/radiosite\/wp-json\/wp\/v2\/tags?post=27011"}],"curies":[{"name":"wp","href":"https:\/\/api.w.org\/{rel}","templated":true}]}}