{"id":27014,"date":"2024-02-01T09:01:22","date_gmt":"2024-02-01T09:01:22","guid":{"rendered":"https:\/\/www.iceagetv.com\/radiosite\/?p=27014"},"modified":"2024-02-01T09:01:22","modified_gmt":"2024-02-01T09:01:22","slug":"colere-des-agriculteurs-un-millier-de-tracteurs-dans-les-rues-de-bruxelles-avant-le-sommet-de-lue","status":"publish","type":"post","link":"https:\/\/www.iceagetv.com\/radiosite\/colere-des-agriculteurs-un-millier-de-tracteurs-dans-les-rues-de-bruxelles-avant-le-sommet-de-lue\/","title":{"rendered":"COL\u00c8RE DES AGRICULTEURS: UN MILLIER DE TRACTEURS DANS LES RUES DE BRUXELLES AVANT LE SOMMET DE L&rsquo;UE"},"content":{"rendered":"\n<p>Un millier de tracteurs bloquent ce jeudi 1er f\u00e9vrier plusieurs rues de Bruxelles aux abords d&rsquo;un sommet des dirigeants des Vingt-Sept, sur fond de<a href=\"https:\/\/www.bfmtv.com\/societe\/colere-des-agriculteurs_DN-202401230398.html\">&nbsp;col\u00e8re du monde agricole&nbsp;<\/a>\u00e0 l&rsquo;\u00e9gard de la politique europ\u00e9enne.<\/p>\n\n\n\n<blockquote class=\"wp-block-quote is-layout-flow wp-block-quote-is-layout-flow\">\n<p>\u00ab\u00a0Il y a mille tracteurs ou engins agricoles\u00a0\u00bb, a d\u00e9clar\u00e9 un porte-parole de la police, pr\u00e9cisant que ces agriculteurs provenaient essentiellement de Belgique.Sur les r\u00e9seaux sociaux, de nombreux habitants de la capitale belge ont publi\u00e9 photos et vid\u00e9os des v\u00e9hicules agricoles prenant le chemin du Parlement europ\u00e9en<\/p>\n\n\n\n<h2 class=\"wp-block-heading\">Des \u00ab\u00a0annonces fortes\u00a0\u00bb attendues<\/h2>\n\n\n\n<p>Aux alentours de 10h, Emmanuel MAcron doit s&rsquo;entretenir avec la pr\u00e9sidente de la Commission europ\u00e9enne Ursula von der Leyen au sujet du \u00ab\u00a0futur de l&rsquo;agriculture europ\u00e9enne\u00a0\u00bb, a annonc\u00e9 l&rsquo;Elys\u00e9e, avant le Sommet europ\u00e9en extraordinaire consacr\u00e9 au budget de l&rsquo;UE et \u00e0 l&rsquo;aide \u00e0 apporter \u00e0 l&rsquo;Ukraine.<\/p>\n<cite>Les aides d\u00e9gag\u00e9es mercredi par le gouvernement fran\u00e7ais comme les concessions de la Commission europ\u00e9enne &#8211; sur les jach\u00e8res et les importations ukrainiennes &#8211; n&rsquo;ont pas sembl\u00e9 trouver gr\u00e2ce aux yeux de la profession, \u00e9galement mobilis\u00e9e en Italie, Espagne et Allemagne.<\/cite><\/blockquote>\n","protected":false},"excerpt":{"rendered":"<p>Un millier de tracteurs bloquent ce jeudi 1er f\u00e9vrier plusieurs rues de Bruxelles aux abords d&rsquo;un sommet des dirigeants des Vingt-Sept, sur fond de&nbsp;col\u00e8re du monde agricole&nbsp;\u00e0 l&rsquo;\u00e9gard de la politique europ\u00e9enne. \u00ab\u00a0Il y a mille tracteurs ou engins agricoles\u00a0\u00bb, a d\u00e9clar\u00e9 un porte-parole de la police, pr\u00e9cisant que ces agriculteurs provenaient essentiellement de Belgique.Sur [&hellip;]<\/p>\n","protected":false},"author":2,"featured_media":27015,"comment_status":"open","ping_status":"open","sticky":false,"template":"","format":"standard","meta":{"_jetpack_memberships_contains_paid_content":false,"footnotes":"","jetpack_publicize_message":"","jetpack_publicize_feature_enabled":true,"jetpack_social_post_already_shared":true,"jetpack_social_options":{"image_generator_settings":{"template":"highway","default_image_id":0,"font":"","enabled":false},"version":2},"_wpas_customize_per_network":false},"categories":[405],"tags":[],"class_list":["post-27014","post","type-post","status-publish","format-standard","has-post-thumbnail","hentry","category-actu-france-monde"],"jetpack_publicize_connections":[],"jetpack_featured_media_url":"https:\/\/i0.wp.com\/www.iceagetv.com\/radiosite\/wp-content\/uploads\/2024\/02\/Un-millier-de-tracteurs-defilent-dans-les-rues-de-Bruxelles-avant-un-sommet-europeen-le-1er-fevrier-2024-1797315.jpg?fit=736%2C414&ssl=1","jetpack_sharing_enabled":true,"_links":{"self":[{"href":"https:\/\/www.iceagetv.com\/radiosite\/wp-json\/wp\/v2\/posts\/27014","targetHints":{"allow":["GET"]}}],"collection":[{"href":"https:\/\/www.iceagetv.com\/radiosite\/wp-json\/wp\/v2\/posts"}],"about":[{"href":"https:\/\/www.iceagetv.com\/radiosite\/wp-json\/wp\/v2\/types\/post"}],"author":[{"embeddable":true,"href":"https:\/\/www.iceagetv.com\/radiosite\/wp-json\/wp\/v2\/users\/2"}],"replies":[{"embeddable":true,"href":"https:\/\/www.iceagetv.com\/radiosite\/wp-json\/wp\/v2\/comments?post=27014"}],"version-history":[{"count":1,"href":"https:\/\/www.iceagetv.com\/radiosite\/wp-json\/wp\/v2\/posts\/27014\/revisions"}],"predecessor-version":[{"id":27016,"href":"https:\/\/www.iceagetv.com\/radiosite\/wp-json\/wp\/v2\/posts\/27014\/revisions\/27016"}],"wp:featuredmedia":[{"embeddable":true,"href":"https:\/\/www.iceagetv.com\/radiosite\/wp-json\/wp\/v2\/media\/27015"}],"wp:attachment":[{"href":"https:\/\/www.iceagetv.com\/radiosite\/wp-json\/wp\/v2\/media?parent=27014"}],"wp:term":[{"taxonomy":"category","embeddable":true,"href":"https:\/\/www.iceagetv.com\/radiosite\/wp-json\/wp\/v2\/categories?post=27014"},{"taxonomy":"post_tag","embeddable":true,"href":"https:\/\/www.iceagetv.com\/radiosite\/wp-json\/wp\/v2\/tags?post=27014"}],"curies":[{"name":"wp","href":"https:\/\/api.w.org\/{rel}","templated":true}]}}