{"id":27017,"date":"2024-02-01T16:42:29","date_gmt":"2024-02-01T16:42:29","guid":{"rendered":"https:\/\/www.iceagetv.com\/radiosite\/?p=27017"},"modified":"2024-02-01T16:42:29","modified_gmt":"2024-02-01T16:42:29","slug":"emmanuel-macron-veut-un-egalim-europeen-confusion-sur-les-barrages-alors-que-des-agriculteurs-annoncent-maintenir-les-barrages-malgre-lappel-de-la-fnsea-et-des-jeunes-agriculteurs","status":"publish","type":"post","link":"https:\/\/www.iceagetv.com\/radiosite\/emmanuel-macron-veut-un-egalim-europeen-confusion-sur-les-barrages-alors-que-des-agriculteurs-annoncent-maintenir-les-barrages-malgre-lappel-de-la-fnsea-et-des-jeunes-agriculteurs\/","title":{"rendered":"\u00a0Emmanuel Macron veut un \u00ab\u00a0Egalim europ\u00e9en\u00a0\u00bb &#8211; Confusion sur les barrages alors que des agriculteurs annoncent maintenir les barrages malgr\u00e9 l&rsquo;appel de la FNSEA et des Jeunes Agriculteurs"},"content":{"rendered":"\n<p><strong>Emmanuel Macron s&rsquo;exprime depuis Bruxelles<\/strong>.&nbsp;Il r\u00e9affirme le soutien de l&rsquo;UE \u00e0 l&rsquo;Ukraine. C&rsquo;\u00e9tait l&rsquo;un des sujets au c\u0153ur des discussions lors du sommet.\u00a0\u00bbLa Russie ne peut pas compter sur une quelconque fatigue des Europ\u00e9ens dans leur soutien \u00e0 l&rsquo;Ukraine.\u00a0\u00bb<\/p>\n\n\n\n<p>Concernant l&rsquo;agriculture, le pr\u00e9sident d\u00e9clare: \u00ab\u00a0Nous vivons une crise agricole en Europe depuis plusieurs mois\u00a0\u00bb<\/p>\n\n\n\n<p>\u00ab\u00a0Nos agriculteurs veulent vivre dignement de leur travail et ils ont raison\u00a0\u00bb, a-t-il indiqu\u00e9.<br>Et d&rsquo;assurer : \u00ab\u00a0Nous devons profond\u00e9ment changer les r\u00e8gles\u00a0\u00bb.&nbsp;\u00ab\u00a0Les temps changent\u00a0\u00bb, \u00e0 la fois depuis la crise du Covid, mais \u00e9galement sous l&rsquo;effet de la Guerre en Ukraine puis de la situation au \u00a8Proche-Orient, a-t-il poursuivi.<\/p>\n\n\n\n<p>Emmanuel Macron souhaite&nbsp;\u00ab\u00a0une Europe plus forte, plus concr\u00e8te\u00a0\u00bb&nbsp;pour prot\u00e9ger les agriculteurs fran\u00e7ais et europ\u00e9ens.\u00a0\u00bbJ&rsquo;ai demand\u00e9 \u00e0 mettre en place un Egalim europ\u00e9en.\u00a0\u00bb<\/p>\n\n\n\n<p>Et de faire part de son souhait de renforcer les contr\u00f4les des \u00ab\u00a0plus gros industriels\u00a0\u00bb et des \u00ab\u00a0plus gros distributeurs\u00a0\u00bb. Avant de promettre une posture \u00ab\u00a0intraitable\u00a0\u00bb de l&rsquo;UE.<\/p>\n\n\n\n<p>\u00ab\u00a0Mais l\u00e0 aussi, on a besoin d&rsquo;une Europe plus claire. Il faut qu&rsquo;il y ait des contr\u00f4les homog\u00e8nes au niveau europ\u00e9en\u00a0\u00bb.<\/p>\n\n\n\n<p>\u00ab\u00a0Nous devons prendre en compte la situation g\u00e9opolitique et la situation de notre continent et remettre au c\u0153ur des objectifs europ\u00e9ens notre souverainet\u00e9 alimentaire\u00a0\u00bb, d\u00e9clare \u00e9galement Emmanuel Macron.<\/p>\n\n\n\n<p>\u00ab\u00a0On demande que les r\u00e8gles sanitaires qu&rsquo;on impose \u00e0 nos agriculteurs soient les m\u00eames que celles des pays \u00e0 qui on ouvre nos portes.\u00a0\u00bb, a-t-il indiqu\u00e9.<\/p>\n\n\n\n<p>\u00ab\u00a0Davantage de production est une n\u00e9cessit\u00e9 dans le monde o\u00f9 nous vivons\u00a0\u00bb, estime d&rsquo;ailleurs Emmanuel Macron.&nbsp;<\/p>\n\n\n\n<p>\u00ab\u00a0Quand on a une r\u00e8gle europ\u00e9enne qui est transpos\u00e9e de la m\u00eame mani\u00e8re partout entre nos agriculteurs, il faut qu&rsquo;elle soit contr\u00f4l\u00e9e de la m\u00eame mani\u00e8re dans tous les pays.\u00a0\u00bb<\/p>\n\n\n\n<p>Et d&rsquo;annoncer qu&rsquo;\u00e0 certains seuils, l&rsquo;importation de produits d&rsquo;Ukraine pourra \u00eatre soumise \u00e0 des droits de douane.\u00a0\u00ab\u00a0Oui pour aider l&rsquo;Ukraine dans un contexte de guerre, non pour cr\u00e9er une situation de concurrence d\u00e9loyale qui profite \u00e0 quelques milliardaires ou \u00e0 quelques milliardaires qui ne respectent pas nos r\u00e8gles\u00a0\u00bb.<strong>\u00a0Confusion sur les barrages alors que plusieurs agriculteurs annoncent maintenir les barrages malgr\u00e9 l&rsquo;appel de la FNSEAContrairement \u00e0 la FNSEA et aux Jeunes Agriculteurs, la Conf\u00e9d\u00e9ration paysanne et la Coordination rurale restent pour l&rsquo;instant mobilis\u00e9s.\u00a0\u00bbNous (Jeunes agriculteurs et FNSEA) avons d\u00e9cid\u00e9 qu&rsquo;au vu de tout ce qui a \u00e9t\u00e9 annonc\u00e9, il faut qu&rsquo;on change de mode d&rsquo;action et nous appelons nos r\u00e9seaux \u00e0 suspendre nos blocages\u00a0\u00bb,\u00a0annonce Arnaud Gaillot, pr\u00e9sident des Jeunes agriculteurs.Le Pr\u00e9sident des jeunes agriculteurs se f\u00e9licite des mesures annonc\u00e9es pour v\u00e9rifier que l&rsquo;origine des produits est bien fran\u00e7aises.<\/strong><\/p>\n\n\n\n<p><strong>Conf\u00e9rence de presse de la FNSEA et des jeunes agriculteurs.&nbsp;<\/strong>Elle d\u00e9bute par une minute de silence, en hommage \u00e0 l&rsquo;agricultrice tu\u00e9e la semaine derni\u00e8re sur un barrage. Puis le Pr\u00e9sident de la FNSEA, Arnaud Rousseau prend la parole :<\/p>\n\n\n\n<p>\u00ab\u00a0Notre objectif \u00e9tait de dire \u00e0 Bruxelles qu&rsquo;il fallait changer de logiciel. Nous sommes tr\u00e8s touch\u00e9s par le message que nous apporte la nation. C&rsquo;est la premi\u00e8re que l&rsquo;on voit \u00e7a depuis au moins 25 ans.&nbsp;Cette Europe technocratique, nous ne la comprenons pas, nous ne comprenons pas sa vision. Ce qui se passe n&rsquo;est pas tenable.&nbsp;Le commissaire europ\u00e9en \u00e0 l&rsquo;Agriculture n&rsquo;a pas \u00e9t\u00e9 \u00e0 la hauteur de sa t\u00e2che.<\/p>\n\n\n\n<p>Les \u00e9lections de juin c&rsquo;est une \u00e9ch\u00e9ance capitale avec les \u00e9lections, m\u00eame si nous ne donnerons pas de consignes de votes.<\/p>\n\n\n\n<p><strong>Le gouvernement Fran\u00e7ais avec Gabriel Attal a donn\u00e9 des gages ( cet apr\u00e8s-midi) et s&rsquo;est engag\u00e9 sur un calendrier. Nous avons \u00e9t\u00e9 entendu sur plusieurs points avec des avanc\u00e9es tangibles<\/strong>, mais certains choses ne sont pas au rendez-vous.\u00a0\u00bb<\/p>\n\n\n\n<p><strong>Le Premier ministre Gabriel Attal reprend la parole. \u00ab\u00a0Nous aimons nos agriculteurs ! C&rsquo;est la France qui travaille\u00a0\u00bb, d\u00e9clare-t-il face aux journalistes. \u00ab\u00a0Ces mesures aujourd&rsquo;hui r\u00e9pondent \u00e0 une grande partie des attentes\u00a0\u00bb, a-t-il affirm\u00e9 en ajoutant qu&rsquo;elles sont \u00ab\u00a0le fruit d&rsquo;un grand travail avec leurs repr\u00e9sentants\u00a0\u00bb.<\/strong><\/p>\n\n\n\n<p><strong>\u00a0<\/strong>C&rsquo;est au tour du ministre de l&rsquo;Agriculture de prendre la parole. \u00ab\u00a0Nous augmenterons le budget d&rsquo;accompagnement \u00e0 l&rsquo;installation qui passera de 13 \u00e0 20 millions d&rsquo;euros\u00a0\u00bb, a indiqu\u00e9 Marc Fesneau. Et d&rsquo;ajouter : \u00ab\u00a0Le dispositif d&rsquo;exon\u00e9ration sp\u00e9cifique pour les travailleurs saisonniers a \u00e9t\u00e9 prolong\u00e9 par le gouvernement, il sera p\u00e9rennis\u00e9\u00a0\u00bb.<\/p>\n\n\n\n<p>Le ministre souhaite \u00ab\u00a0travailler au niveau europ\u00e9en sur les questions d&rsquo;\u00e9tiquetage d&rsquo;origine des produits\u00a0\u00bb. Marc Fesneau annonce la \u00ab\u00a0mise en pause\u00a0\u00bb du plan visant \u00e0 r\u00e9duire les pesticides pour le \u00ab\u00a0retravailler et le simplifier\u00a0\u00bb<\/p>\n\n\n\n<p><strong>\u00a0<\/strong>\u00ab\u00a0150 agents de la r\u00e9pression des fraudes sont mobilis\u00e9s dans toute la France pour effectuer des contr\u00f4les\u00a0\u00bb, d\u00e9clare le ministre de l&rsquo;Economie Bruno Le Maire qui pr\u00e9cise que \u00ab\u00a0toutes les cha\u00eenes de supermarch\u00e9s vont \u00eatre contr\u00f4l\u00e9es dans les prochains jours\u00a0\u00bb.<\/p>\n\n\n\n<p>\u00ab\u00a0Nous contr\u00f4lerons l&rsquo;origine France des produits. Il est inacceptable que cette origine France soit galvaud\u00e9e au d\u00e9triment de nos agriculteurs. Nous pr\u00e9voyons plus de 10.000 contr\u00f4les avec des sanctions qui pourront atteindre 10% du chiffre d&rsquo;affaires en cas de fraude\u00a0\u00bb<\/p>\n\n\n\n<p><strong>Le Premier ministre Gabriel Attal s&rsquo;exprime lors d&rsquo;une conf\u00e9rence de presse<\/strong><\/p>\n\n\n\n<p>\u00ab\u00a0La question qui se pose partout en Europe&nbsp; : y a-t-il un avenir pour notre agriculture ? La r\u00e9ponse est oui\u00a0\u00bb, \u00ab\u00a0Je veux dire aux agriculteurs qu&rsquo;avec les ministres nous voulons avancer pour eux\u00a0\u00bb<\/p>\n\n\n\n<p>\u00ab\u00a0Nous avons doubl\u00e9 le nombre d&rsquo;inspecteurs charg\u00e9 de contr\u00f4ler les prix et nous serons intraitables avec les industriels qui ne respectent pas les r\u00e8gles Egalim\u00a0\u00bb<\/p>\n\n\n\n<p>\u00ab\u00a0Jamais ma porte n&rsquo;a \u00e9t\u00e9 ferm\u00e9e\u00a0\u00bb aux agriculteurs. Gabriel Attal veut inscrire \u00ab\u00a0l&rsquo;objectif de souverainet\u00e9 alimentaire dans la loi\u00a0\u00bb<\/p>\n\n\n\n<p>\u00ab\u00a0Mieux reconna\u00eetre le m\u00e9tier d&rsquo;agriculteurs, prot\u00e9ger contre la concurrence d\u00e9loyale, lutter contre les surtranspositions, pr\u00e9server notre souverainet\u00e9 face au changement climatique\u00a0\u00bb<\/p>\n\n\n\n<p>Le Premier ministre annonce que \u00ab\u00a0150 millions d&rsquo;euros vont \u00eatre d\u00e9bloqu\u00e9s pour les \u00e9leveurs\u00a0\u00bb. \u00ab\u00a0Nous allons proposer une force de contr\u00f4le sanitaire europ\u00e9enne\u00a0\u00bb, a-t-il pr\u00e9cis\u00e9. Gabriel Attal&nbsp;\u00ab\u00a0souhaite que l\u2019on ait une l\u00e9gislation claire sur la viande de synth\u00e8se\u00a0\u00bb&nbsp;en Europe.<\/p>\n\n\n\n<p>\u00ab\u00a0Quand un agriculteur arr\u00eate son activit\u00e9, il faut qu&rsquo;un jeune puisse reprendre son activit\u00e9.\u00a0\u00bb<\/p>\n","protected":false},"excerpt":{"rendered":"<p>Emmanuel Macron s&rsquo;exprime depuis Bruxelles.&nbsp;Il r\u00e9affirme le soutien de l&rsquo;UE \u00e0 l&rsquo;Ukraine. C&rsquo;\u00e9tait l&rsquo;un des sujets au c\u0153ur des discussions lors du sommet.\u00a0\u00bbLa Russie ne peut pas compter sur une quelconque fatigue des Europ\u00e9ens dans leur soutien \u00e0 l&rsquo;Ukraine.\u00a0\u00bb Concernant l&rsquo;agriculture, le pr\u00e9sident d\u00e9clare: \u00ab\u00a0Nous vivons une crise agricole en Europe depuis plusieurs mois\u00a0\u00bb \u00ab\u00a0Nos [&hellip;]<\/p>\n","protected":false},"author":2,"featured_media":27018,"comment_status":"open","ping_status":"open","sticky":false,"template":"","format":"standard","meta":{"_jetpack_memberships_contains_paid_content":false,"footnotes":"","jetpack_publicize_message":"","jetpack_publicize_feature_enabled":true,"jetpack_social_post_already_shared":true,"jetpack_social_options":{"image_generator_settings":{"template":"highway","default_image_id":0,"font":"","enabled":false},"version":2},"_wpas_customize_per_network":false},"categories":[405],"tags":[],"class_list":["post-27017","post","type-post","status-publish","format-standard","has-post-thumbnail","hentry","category-actu-france-monde"],"jetpack_publicize_connections":[],"jetpack_featured_media_url":"https:\/\/i0.wp.com\/www.iceagetv.com\/radiosite\/wp-content\/uploads\/2024\/02\/Emmanuel-Macron-veut-un-Egalim-europeen.jpg?fit=675%2C285&ssl=1","jetpack_sharing_enabled":true,"_links":{"self":[{"href":"https:\/\/www.iceagetv.com\/radiosite\/wp-json\/wp\/v2\/posts\/27017","targetHints":{"allow":["GET"]}}],"collection":[{"href":"https:\/\/www.iceagetv.com\/radiosite\/wp-json\/wp\/v2\/posts"}],"about":[{"href":"https:\/\/www.iceagetv.com\/radiosite\/wp-json\/wp\/v2\/types\/post"}],"author":[{"embeddable":true,"href":"https:\/\/www.iceagetv.com\/radiosite\/wp-json\/wp\/v2\/users\/2"}],"replies":[{"embeddable":true,"href":"https:\/\/www.iceagetv.com\/radiosite\/wp-json\/wp\/v2\/comments?post=27017"}],"version-history":[{"count":1,"href":"https:\/\/www.iceagetv.com\/radiosite\/wp-json\/wp\/v2\/posts\/27017\/revisions"}],"predecessor-version":[{"id":27019,"href":"https:\/\/www.iceagetv.com\/radiosite\/wp-json\/wp\/v2\/posts\/27017\/revisions\/27019"}],"wp:featuredmedia":[{"embeddable":true,"href":"https:\/\/www.iceagetv.com\/radiosite\/wp-json\/wp\/v2\/media\/27018"}],"wp:attachment":[{"href":"https:\/\/www.iceagetv.com\/radiosite\/wp-json\/wp\/v2\/media?parent=27017"}],"wp:term":[{"taxonomy":"category","embeddable":true,"href":"https:\/\/www.iceagetv.com\/radiosite\/wp-json\/wp\/v2\/categories?post=27017"},{"taxonomy":"post_tag","embeddable":true,"href":"https:\/\/www.iceagetv.com\/radiosite\/wp-json\/wp\/v2\/tags?post=27017"}],"curies":[{"name":"wp","href":"https:\/\/api.w.org\/{rel}","templated":true}]}}