{"id":27035,"date":"2024-02-02T14:59:39","date_gmt":"2024-02-02T14:59:39","guid":{"rendered":"https:\/\/www.iceagetv.com\/radiosite\/?p=27035"},"modified":"2024-02-02T14:59:39","modified_gmt":"2024-02-02T14:59:39","slug":"disparition-de-lina-15-ans-en-septembre-dernier-lavocat-de-la-mere-de-ladolescente-deplore-navoir-aucune-information-sur-le-dossier-il-ny-a-pas-dautre-choix-q","status":"publish","type":"post","link":"https:\/\/www.iceagetv.com\/radiosite\/disparition-de-lina-15-ans-en-septembre-dernier-lavocat-de-la-mere-de-ladolescente-deplore-navoir-aucune-information-sur-le-dossier-il-ny-a-pas-dautre-choix-q\/","title":{"rendered":"Disparition de Lina, 15 ans, en septembre dernier: L\u2019avocat de la m\u00e8re de l\u2019adolescente d\u00e9plore n\u2019avoir \u00ab\u00a0aucune information sur le dossier\u00a0\u00bb &#8211; \u00ab\u00a0Il n&rsquo;y a pas d&rsquo;autre choix que de garder espoir\u00a0\u00bb, d\u00e9clare sa m\u00e8re"},"content":{"rendered":"\n<p><strong>&nbsp;<\/strong><strong>L\u2019avocat de la m\u00e8re de Lina s\u2019exprime lors d\u2019une conf\u00e9rence de presse. \u00ab\u00a0Nous n\u2019avons aucune information sur le dossier\u00a0\u00bb, a-t-il d\u00e9plor\u00e9. \u00ab\u00a0Nous saluons le travail des enqu\u00eateurs, de longue haleine, pour retrouver Lina\u00a0\u00bb, a-t-il ajout\u00e9 en pr\u00e9cisant que \u00ab\u00a0rien n&rsquo;est laiss\u00e9 au hasard\u00a0\u00bb.<\/strong><\/p>\n\n\n\n<p><strong>\u00ab\u00a0Nous avons la frustration de ne pas pouvoir acc\u00e9der au dossier, de ne pas conna\u00eetre les pistes qui sont ferm\u00e9es et de ne pas savoir les pistes qui sont encore ouvertes\u00a0\u00bb, a indiqu\u00e9 Matthieu Airoldi,<\/strong><\/p>\n\n\n\n<p><strong>Concernant la plainte pour viol d\u00e9pos\u00e9e par Lina en 2022, l\u2019avocat affirme \u00ab\u00a0ne pas comprendre\u00a0\u00bb ce classement sans suite. Pour lui, la plainte a \u00e9t\u00e9 \u00ab\u00a0mal trait\u00e9e\u00a0\u00bb.<\/strong><\/p>\n\n\n\n<p><strong>\u00ab\u00a0Je remercie toutes les personnes qui m&rsquo;envoient des soutiens, des gestes\u00a0\u00bb, a confi\u00e9, pour sa part, la m\u00e8re de Lina, en pr\u00e9cisant qu&rsquo;il faut \u00ab\u00a0garder espoir\u00a0\u00bb<\/strong><\/p>\n\n\n\n<p>\u00a0La m\u00e8re de Lina, adolescente de 15 ans disparue en Alsace le 23 septembre, a \u00e9t\u00e9 re\u00e7ue hier par les deux juges d&rsquo;instruction charg\u00e9es de l&rsquo;enqu\u00eate, \u00e0 qui elle a exprim\u00e9 sa \u00ab\u00a0frustration\u00a0\u00bb de ne pas \u00eatre davantage tenue au courant de l&rsquo;enqu\u00eate.<\/p>\n\n\n\n<p>\u00ab\u00a0M\u00eame si la frustration demeure parce que l&rsquo;acc\u00e8s au dossier complet n&rsquo;a pas \u00e9t\u00e9 possible, Madame Fanny Groll tient \u00e0 remercier l&rsquo;accueil des deux juges et leur qualit\u00e9 d&rsquo;\u00e9coute\u00a0\u00bb, a d\u00e9clar\u00e9 \u00e0 l&rsquo;AFP son avocat, Me Matthieu Airoldi, \u00e0 l&rsquo;issue de l&rsquo;audition, dont il s&rsquo;est dit \u00ab\u00a0satisfait\u00a0\u00bb.<\/p>\n\n\n\n<p>Jusqu&rsquo;\u00e0 cette premi\u00e8re audition avec les juges, apr\u00e8s quatre mois d&rsquo;enqu\u00eate,&nbsp;la m\u00e8re de Lina&nbsp;et son avocat n&rsquo;avaient pu prendre connaissance \u00ab\u00a0que de l&rsquo;enqu\u00eate pr\u00e9liminaire\u00a0\u00bb, soit les \u00e9l\u00e9ments d\u00e9couverts dans la premi\u00e8re semaine qui a suivi la disparition de la jeune fille.<\/p>\n\n\n\n<p>\u00ab\u00a0La qualit\u00e9 du travail des enqu\u00eateurs n&rsquo;est nullement remise en cause dans ce dossier, madame Groll sait que ceux-ci travaillent d&rsquo;arrache-pied pour faire toute la lumi\u00e8re sur les causes de cette disparition et retrouver sa fille\u00a0\u00bb, a ajout\u00e9 Me Airoldi. L&rsquo;avocat a annonc\u00e9 qu&rsquo;il tiendra ce vendredi une conf\u00e9rence de presse, en pr\u00e9sence de la m\u00e8re de Lina.<\/p>\n\n\n\n<p>L&rsquo;adolescente a disparu apr\u00e8s avoir quitt\u00e9 son domicile, \u00e0 Plaine (Bas-Rhin), pour se rendre \u00e0 la gare de Saint-Blaise-la-Roche, \u00e0 environ trois kilom\u00e8tres de l\u00e0, un trajet \u00e0 pied qu&rsquo;elle avait l&rsquo;habitude de faire.<\/p>\n","protected":false},"excerpt":{"rendered":"<p>&nbsp;L\u2019avocat de la m\u00e8re de Lina s\u2019exprime lors d\u2019une conf\u00e9rence de presse. \u00ab\u00a0Nous n\u2019avons aucune information sur le dossier\u00a0\u00bb, a-t-il d\u00e9plor\u00e9. \u00ab\u00a0Nous saluons le travail des enqu\u00eateurs, de longue haleine, pour retrouver Lina\u00a0\u00bb, a-t-il ajout\u00e9 en pr\u00e9cisant que \u00ab\u00a0rien n&rsquo;est laiss\u00e9 au hasard\u00a0\u00bb. \u00ab\u00a0Nous avons la frustration de ne pas pouvoir acc\u00e9der au dossier, de [&hellip;]<\/p>\n","protected":false},"author":2,"featured_media":27036,"comment_status":"open","ping_status":"open","sticky":false,"template":"","format":"standard","meta":{"_jetpack_memberships_contains_paid_content":false,"footnotes":"","jetpack_publicize_message":"","jetpack_publicize_feature_enabled":true,"jetpack_social_post_already_shared":true,"jetpack_social_options":{"image_generator_settings":{"template":"highway","default_image_id":0,"font":"","enabled":false},"version":2},"_wpas_customize_per_network":false},"categories":[405],"tags":[],"class_list":["post-27035","post","type-post","status-publish","format-standard","has-post-thumbnail","hentry","category-actu-france-monde"],"jetpack_publicize_connections":[],"jetpack_featured_media_url":"https:\/\/i0.wp.com\/www.iceagetv.com\/radiosite\/wp-content\/uploads\/2024\/02\/Disparition-de-Lina.jpg?fit=679%2C293&ssl=1","jetpack_sharing_enabled":true,"_links":{"self":[{"href":"https:\/\/www.iceagetv.com\/radiosite\/wp-json\/wp\/v2\/posts\/27035","targetHints":{"allow":["GET"]}}],"collection":[{"href":"https:\/\/www.iceagetv.com\/radiosite\/wp-json\/wp\/v2\/posts"}],"about":[{"href":"https:\/\/www.iceagetv.com\/radiosite\/wp-json\/wp\/v2\/types\/post"}],"author":[{"embeddable":true,"href":"https:\/\/www.iceagetv.com\/radiosite\/wp-json\/wp\/v2\/users\/2"}],"replies":[{"embeddable":true,"href":"https:\/\/www.iceagetv.com\/radiosite\/wp-json\/wp\/v2\/comments?post=27035"}],"version-history":[{"count":1,"href":"https:\/\/www.iceagetv.com\/radiosite\/wp-json\/wp\/v2\/posts\/27035\/revisions"}],"predecessor-version":[{"id":27037,"href":"https:\/\/www.iceagetv.com\/radiosite\/wp-json\/wp\/v2\/posts\/27035\/revisions\/27037"}],"wp:featuredmedia":[{"embeddable":true,"href":"https:\/\/www.iceagetv.com\/radiosite\/wp-json\/wp\/v2\/media\/27036"}],"wp:attachment":[{"href":"https:\/\/www.iceagetv.com\/radiosite\/wp-json\/wp\/v2\/media?parent=27035"}],"wp:term":[{"taxonomy":"category","embeddable":true,"href":"https:\/\/www.iceagetv.com\/radiosite\/wp-json\/wp\/v2\/categories?post=27035"},{"taxonomy":"post_tag","embeddable":true,"href":"https:\/\/www.iceagetv.com\/radiosite\/wp-json\/wp\/v2\/tags?post=27035"}],"curies":[{"name":"wp","href":"https:\/\/api.w.org\/{rel}","templated":true}]}}