{"id":27038,"date":"2024-02-03T07:46:38","date_gmt":"2024-02-03T07:46:38","guid":{"rendered":"https:\/\/www.iceagetv.com\/radiosite\/?p=27038"},"modified":"2024-02-03T07:46:38","modified_gmt":"2024-02-03T07:46:38","slug":"un-detenu-age-de-24-ans-de-la-maison-darret-de-fleury-merogis-sest-evade-durant-une-sortie-au-musee-du-quai-branly-a-paris-a-deux-pas-de-la-tour-eiffel","status":"publish","type":"post","link":"https:\/\/www.iceagetv.com\/radiosite\/un-detenu-age-de-24-ans-de-la-maison-darret-de-fleury-merogis-sest-evade-durant-une-sortie-au-musee-du-quai-branly-a-paris-a-deux-pas-de-la-tour-eiffel\/","title":{"rendered":"Un d\u00e9tenu \u00e2g\u00e9 de 24 ans de la maison d&rsquo;arr\u00eat de Fleury-M\u00e9rogis s&rsquo;est \u00e9vad\u00e9 durant.. une sortie au mus\u00e9e du quai Branly \u00e0 Paris, \u00e0 deux pas de la Tour Eiffel"},"content":{"rendered":"\n<p>L&rsquo;information est \u00e0 peine croyable, et pourtant elle est r\u00e9v\u00e9l\u00e9e ce matin par nos confr\u00e8res<a href=\"https:\/\/actu17.fr\/faits-divers\/un-detenu-de-la-prison-de-fleury-merogis-sevade-durant-une-sortie-au-musee-du-quai-branly-a-paris.html\" target=\"_blank\" rel=\"noreferrer noopener\">&nbsp;du site Actu17.<\/a>&nbsp;Un d\u00e9tenu \u00e2g\u00e9 de 24 ans&nbsp;de la maison d&rsquo;arr\u00eat de Fleury-M\u00e9rogis&nbsp;s&rsquo;est \u00e9vad\u00e9&nbsp; durant.. une sortie au mus\u00e9e du quai Branly \u00e0 Paris.&nbsp;Plusieurs d\u00e9tenus de cette prison de l&rsquo;Essonne ont particip\u00e9 \u00e0 cette sortie au mus\u00e9e du quai Branly-Jacques Chirac, encadr\u00e9s par des agents p\u00e9nitentiaires.<\/p>\n\n\n\n<p>En fin de matin\u00e9e, les fonctionnaires ont remarqu\u00e9 qu&rsquo;il manquait un d\u00e9tenu et ont donn\u00e9 l&rsquo;alerte. Les policiers ont alors \u00e9t\u00e9 appel\u00e9s par les gardiens de prison et les forces de l&rsquo;ordre se sont alors rendus sur place. Elles ont fouill\u00e9 le mus\u00e9e et ont proc\u00e9d\u00e9 \u00e0 des recherches dans le secteur, mais le d\u00e9tenu est rest\u00e9 introuvable. Il est d&rsquo;ailleurs toujours en fuite \u00e0 l&rsquo;heure qu&rsquo;il est.&nbsp;\u00ab\u00a0Ce d\u00e9tenu \u00e9tait \u00e9crou\u00e9 pour purger une peine de deux ans de prison pour des faits de vols aggrav\u00e9s\u00a0\u00bb, confie une source proche de l&rsquo;affaire.&nbsp;<\/p>\n\n\n\n<p>Le site Actu17 rappelle qu&rsquo;en septembre dernier, deux d\u00e9tenus de la m\u00eame prison avaient \u00e9galement profit\u00e9 d&rsquo;une sortie pour s&rsquo;\u00e9vader, mais cette fois ce n&rsquo;est pas une visite de mus\u00e9e, mais une ballade dans la for\u00eat de Fontainebleau.<\/p>\n\n\n\n<p>C\u2019est en 2006, sous l\u2019impulsion de Jacques Chirac que le mus\u00e9e du quai Branly &#8211; Jacques Chirac ouvre ses portes. Fruit de sa rencontre avec le collectionneur Jacques Kerchache, il est l\u2019aboutissement d\u2019un r\u00eave plus ancien, port\u00e9 par nombre d\u2019\u00e9crivains, de critiques et d\u2019anthropologues du 20e si\u00e8cle : rendre aux arts et civilisations non-occidentaux leur juste place au sein des mus\u00e9es nationaux. Pour servir cette ambition, l\u2019architecte Jean Nouvel a sign\u00e9 un \u00e9difice audacieux, pens\u00e9 comme un \u00e9crin pour conserver un h\u00e9ritage de pr\u00e8s de 300.000 \u0153uvres.<\/p>\n","protected":false},"excerpt":{"rendered":"<p>L&rsquo;information est \u00e0 peine croyable, et pourtant elle est r\u00e9v\u00e9l\u00e9e ce matin par nos confr\u00e8res&nbsp;du site Actu17.&nbsp;Un d\u00e9tenu \u00e2g\u00e9 de 24 ans&nbsp;de la maison d&rsquo;arr\u00eat de Fleury-M\u00e9rogis&nbsp;s&rsquo;est \u00e9vad\u00e9&nbsp; durant.. une sortie au mus\u00e9e du quai Branly \u00e0 Paris.&nbsp;Plusieurs d\u00e9tenus de cette prison de l&rsquo;Essonne ont particip\u00e9 \u00e0 cette sortie au mus\u00e9e du quai Branly-Jacques Chirac, [&hellip;]<\/p>\n","protected":false},"author":2,"featured_media":27040,"comment_status":"open","ping_status":"open","sticky":false,"template":"","format":"standard","meta":{"_jetpack_memberships_contains_paid_content":false,"footnotes":"","jetpack_publicize_message":"","jetpack_publicize_feature_enabled":true,"jetpack_social_post_already_shared":true,"jetpack_social_options":{"image_generator_settings":{"template":"highway","default_image_id":0,"font":"","enabled":false},"version":2},"_wpas_customize_per_network":false},"categories":[405],"tags":[],"class_list":["post-27038","post","type-post","status-publish","format-standard","has-post-thumbnail","hentry","category-actu-france-monde"],"jetpack_publicize_connections":[],"jetpack_featured_media_url":"https:\/\/i0.wp.com\/www.iceagetv.com\/radiosite\/wp-content\/uploads\/2024\/02\/Un-detenu-age-de-24-ans-de-la-maison-darret-de-Fleury-Merogis.jpg?fit=679%2C293&ssl=1","jetpack_sharing_enabled":true,"_links":{"self":[{"href":"https:\/\/www.iceagetv.com\/radiosite\/wp-json\/wp\/v2\/posts\/27038","targetHints":{"allow":["GET"]}}],"collection":[{"href":"https:\/\/www.iceagetv.com\/radiosite\/wp-json\/wp\/v2\/posts"}],"about":[{"href":"https:\/\/www.iceagetv.com\/radiosite\/wp-json\/wp\/v2\/types\/post"}],"author":[{"embeddable":true,"href":"https:\/\/www.iceagetv.com\/radiosite\/wp-json\/wp\/v2\/users\/2"}],"replies":[{"embeddable":true,"href":"https:\/\/www.iceagetv.com\/radiosite\/wp-json\/wp\/v2\/comments?post=27038"}],"version-history":[{"count":1,"href":"https:\/\/www.iceagetv.com\/radiosite\/wp-json\/wp\/v2\/posts\/27038\/revisions"}],"predecessor-version":[{"id":27041,"href":"https:\/\/www.iceagetv.com\/radiosite\/wp-json\/wp\/v2\/posts\/27038\/revisions\/27041"}],"wp:featuredmedia":[{"embeddable":true,"href":"https:\/\/www.iceagetv.com\/radiosite\/wp-json\/wp\/v2\/media\/27040"}],"wp:attachment":[{"href":"https:\/\/www.iceagetv.com\/radiosite\/wp-json\/wp\/v2\/media?parent=27038"}],"wp:term":[{"taxonomy":"category","embeddable":true,"href":"https:\/\/www.iceagetv.com\/radiosite\/wp-json\/wp\/v2\/categories?post=27038"},{"taxonomy":"post_tag","embeddable":true,"href":"https:\/\/www.iceagetv.com\/radiosite\/wp-json\/wp\/v2\/tags?post=27038"}],"curies":[{"name":"wp","href":"https:\/\/api.w.org\/{rel}","templated":true}]}}