{"id":27042,"date":"2024-02-03T12:13:47","date_gmt":"2024-02-03T12:13:47","guid":{"rendered":"https:\/\/www.iceagetv.com\/radiosite\/?p=27042"},"modified":"2024-02-03T12:13:47","modified_gmt":"2024-02-03T12:13:47","slug":"paris-trois-personnes-blessees-ce-matin-dont-une-gravement-lors-dune-attaque-au-couteau-vers-8h-gare-de-lyon-un-homme-originaire-du-mali-interpelle-gerald-darmanin-evoque-un-acte-insuppor","status":"publish","type":"post","link":"https:\/\/www.iceagetv.com\/radiosite\/paris-trois-personnes-blessees-ce-matin-dont-une-gravement-lors-dune-attaque-au-couteau-vers-8h-gare-de-lyon-un-homme-originaire-du-mali-interpelle-gerald-darmanin-evoque-un-acte-insuppor\/","title":{"rendered":"Paris : Trois personnes bless\u00e9es ce matin, dont une gravement, lors d&rsquo;une attaque au couteau vers 8h, Gare de Lyon &#8211; Un homme originaire du Mali interpell\u00e9 &#8211; G\u00e9rald Darmanin \u00e9voque \u00ab\u00a0un acte insupportable\u00a0\u00bb"},"content":{"rendered":"\n<p><strong>\u00a0Selon le Pr\u00e9fet de police de Paris, Laurent Nunes, \u00ab\u00a0rien ne laisse penser qu&rsquo;il puisse s&rsquo;agir d&rsquo;une attaque terroriste\u00a0\u00bbLes enqu\u00eateurs soup\u00e7onnent des troubles psychiatriques chez l&rsquo;assaillant<\/strong>, indique une source proche du dossier. Des m\u00e9dicaments pour une pathologie psychiatrique ont \u00e9t\u00e9 retrouv\u00e9s sur le suspect. Aucun signe de religiosit\u00e9 n&rsquo;a \u00e9t\u00e9 constat\u00e9 sur cet homme qui serait sans-abri. A ce stade, la piste terroriste est \u00e9cart\u00e9e. Le parquet national antiterroriste pr\u00e9cise rester en observation.<strong>Le journaliste Amaury Bucco de Valeurs Actuelles publie la photo des armes qui ont \u00e9t\u00e9 utilis\u00e9es par l&rsquo;assaillant Gare de LyonLes images de la Gare de Lyon du journaliste Cl\u00e9ment Lanot :\u00a0G\u00e9rald Darmanin vient de r\u00e9agir sur les r\u00e9seaux sociaux \u00e0 cette attaque en donnant quelques d\u00e9tails suppl\u00e9mentaires : \u00ab\u00a0<\/strong>Ce matin \u00e0 la Gare de Lyon, un individu a bless\u00e9 3 personnes \u00e0 l\u2019arme blanche avant d\u2019\u00eatre interpell\u00e9. Une personne est bless\u00e9e gravement. Deux autres le sont plus l\u00e9g\u00e8rement. Elles ont \u00e9t\u00e9 prises en charge par les services de secours. Merci \u00e0 ceux qui ont ma\u00eetris\u00e9 l\u2019auteur de cet acte insupportable.\u00a0\u00bb<strong>\u00a0Selon les premiers \u00e9l\u00e9ments, l&rsquo;homme est un homme originaire du Mali, n\u00e9 en 1992<\/strong>, qui a pr\u00e9sent\u00e9 aux policiers un permis de conduire italien, indique une source proche du dossier \u00e0 BFMTV.<\/p>\n","protected":false},"excerpt":{"rendered":"<p>\u00a0Selon le Pr\u00e9fet de police de Paris, Laurent Nunes, \u00ab\u00a0rien ne laisse penser qu&rsquo;il puisse s&rsquo;agir d&rsquo;une attaque terroriste\u00a0\u00bbLes enqu\u00eateurs soup\u00e7onnent des troubles psychiatriques chez l&rsquo;assaillant, indique une source proche du dossier. Des m\u00e9dicaments pour une pathologie psychiatrique ont \u00e9t\u00e9 retrouv\u00e9s sur le suspect. Aucun signe de religiosit\u00e9 n&rsquo;a \u00e9t\u00e9 constat\u00e9 sur cet homme qui [&hellip;]<\/p>\n","protected":false},"author":2,"featured_media":27043,"comment_status":"open","ping_status":"open","sticky":false,"template":"","format":"standard","meta":{"_jetpack_memberships_contains_paid_content":false,"footnotes":"","jetpack_publicize_message":"","jetpack_publicize_feature_enabled":true,"jetpack_social_post_already_shared":true,"jetpack_social_options":{"image_generator_settings":{"template":"highway","default_image_id":0,"font":"","enabled":false},"version":2},"_wpas_customize_per_network":false},"categories":[405],"tags":[],"class_list":["post-27042","post","type-post","status-publish","format-standard","has-post-thumbnail","hentry","category-actu-france-monde"],"jetpack_publicize_connections":[],"jetpack_featured_media_url":"https:\/\/i0.wp.com\/www.iceagetv.com\/radiosite\/wp-content\/uploads\/2024\/02\/Trois-personnes-blessees-ce-matin-dont-une-gravement-lors-dune-attaque-au-couteau.jpg?fit=679%2C293&ssl=1","jetpack_sharing_enabled":true,"_links":{"self":[{"href":"https:\/\/www.iceagetv.com\/radiosite\/wp-json\/wp\/v2\/posts\/27042","targetHints":{"allow":["GET"]}}],"collection":[{"href":"https:\/\/www.iceagetv.com\/radiosite\/wp-json\/wp\/v2\/posts"}],"about":[{"href":"https:\/\/www.iceagetv.com\/radiosite\/wp-json\/wp\/v2\/types\/post"}],"author":[{"embeddable":true,"href":"https:\/\/www.iceagetv.com\/radiosite\/wp-json\/wp\/v2\/users\/2"}],"replies":[{"embeddable":true,"href":"https:\/\/www.iceagetv.com\/radiosite\/wp-json\/wp\/v2\/comments?post=27042"}],"version-history":[{"count":1,"href":"https:\/\/www.iceagetv.com\/radiosite\/wp-json\/wp\/v2\/posts\/27042\/revisions"}],"predecessor-version":[{"id":27044,"href":"https:\/\/www.iceagetv.com\/radiosite\/wp-json\/wp\/v2\/posts\/27042\/revisions\/27044"}],"wp:featuredmedia":[{"embeddable":true,"href":"https:\/\/www.iceagetv.com\/radiosite\/wp-json\/wp\/v2\/media\/27043"}],"wp:attachment":[{"href":"https:\/\/www.iceagetv.com\/radiosite\/wp-json\/wp\/v2\/media?parent=27042"}],"wp:term":[{"taxonomy":"category","embeddable":true,"href":"https:\/\/www.iceagetv.com\/radiosite\/wp-json\/wp\/v2\/categories?post=27042"},{"taxonomy":"post_tag","embeddable":true,"href":"https:\/\/www.iceagetv.com\/radiosite\/wp-json\/wp\/v2\/tags?post=27042"}],"curies":[{"name":"wp","href":"https:\/\/api.w.org\/{rel}","templated":true}]}}