{"id":27048,"date":"2024-02-04T10:00:38","date_gmt":"2024-02-04T10:00:38","guid":{"rendered":"https:\/\/www.iceagetv.com\/radiosite\/?p=27048"},"modified":"2024-02-04T10:00:38","modified_gmt":"2024-02-04T10:00:38","slug":"attaque-gare-de-lyon-la-garde-a-vue-de-lassaillant-malien-a-ete-levee-hier-soir-apres-un-examen-affirmant-que-son-etat-psychiatrique-etait-incompatible-avec-la-mesure-de-contrainte","status":"publish","type":"post","link":"https:\/\/www.iceagetv.com\/radiosite\/attaque-gare-de-lyon-la-garde-a-vue-de-lassaillant-malien-a-ete-levee-hier-soir-apres-un-examen-affirmant-que-son-etat-psychiatrique-etait-incompatible-avec-la-mesure-de-contrainte\/","title":{"rendered":"Attaque Gare de Lyon : La garde \u00e0 vue de l&rsquo;assaillant Malien a \u00e9t\u00e9 lev\u00e9e hier soir apr\u00e8s un examen affirmant que son \u00ab\u00a0\u00e9tat psychiatrique \u00e9tait incompatible avec la mesure de contrainte\u00a0\u00bb\u00a0"},"content":{"rendered":"\n<p>Apr\u00e8s une journ\u00e9e en garde \u00e0 vue et les premi\u00e8res questions pos\u00e9es par les enqu\u00eateurs, la garde \u00e0 vue de l&rsquo;assaillant Malien a \u00e9t\u00e9 \u00ab\u00a0lev\u00e9e suite \u00e0 l&rsquo;examen de comportement\u00a0\u00bb, selon le parquet. Cet examen a r\u00e9v\u00e9l\u00e9 un \u00ab\u00a0\u00e9tat psychiatrique incompatible avec la mesure de contrainte. Il est donc pour le moment pris en charge par l&rsquo;infirmerie psychiatrique de la pr\u00e9fecture de police\u00a0\u00bb, a-t-il pr\u00e9cis\u00e9.<\/p>\n\n\n\n<p>De premiers \u00e9l\u00e9ments convergeaient initialement pour dire que l&rsquo;homme pr\u00e9sentait un \u00ab\u00a0profil SDF\u00a0\u00bb, mais \u00ab\u00a0aucun signe de religiosit\u00e9\u00a0\u00bb. Les enqu\u00eateurs s&rsquo;int\u00e9ressent notamment \u00e0 un compte TikTok, ouvert au nom de l&rsquo;assaillant sur lequel figure un homme noir \u00e0 lunettes, barbu, cheveux ras. Sur l&rsquo;une des vid\u00e9os, dat\u00e9e du 2 d\u00e9cembre 2023, l&rsquo;auteur du compte \u00e9crit : \u00ab\u00a0R.I.P. (repose en paix, NDLR) dans trois mois, qu&rsquo;Allah m&rsquo;accueille dans son paradis\u00a0\u00bb.<\/p>\n\n\n\n<p>Dans d&rsquo;autres vid\u00e9os, il exprime notamment son ressentiment \u00e0 l&rsquo;\u00e9gard de la France, faisant r\u00e9f\u00e9rence \u00e0 l&rsquo;intervention militaire fran\u00e7aise au Mali.<\/p>\n\n\n\n<p>Selon Le Parisien, le suspect pr\u00e9sente le profil d\u2019un d\u00e9s\u00e9quilibr\u00e9, un traitement d\u2019antipsychotiques et anti\u00e9pileptiques a \u00e9t\u00e9 retrouv\u00e9 sur lui, ainsi qu\u2019un ticket pour un rendez-vous dans un h\u00f4pital psychiatrique de Turin. Il \u00e9tait suivi depuis pr\u00e8s de sept ans et avait d\u00e9j\u00e0 \u00e9t\u00e9 intern\u00e9.<\/p>\n\n\n\n<p>Aucun lien terroriste n\u2019a \u00e9t\u00e9 \u00e9tabli \u00e0 ce stade alors que l\u2019enqu\u00eate pour tentative d\u2019assassinat d\u00e9bute \u00e0 peine.<\/p>\n\n\n\n<p>L&rsquo;assaillant, de nationalit\u00e9 malienne, \u00e9tait \u00ab\u00a0en situation r\u00e9guli\u00e8re en Italie depuis 2016, avec un titre \u00e9mis en 2019 tout \u00e0 fait valable\u00a0\u00bb, selon les documents trouv\u00e9s en sa possession, avait pr\u00e9cis\u00e9 plus t\u00f4t le pr\u00e9fet de police de Paris Laurent Nu\u00f1ez, qui s&rsquo;est rendu sur place. Ce titre lui permettait de voyager en France en toute l\u00e9galit\u00e9.<\/p>\n\n\n\n<p>Selon les papiers d&rsquo;identit\u00e9 qu&rsquo;il a pr\u00e9sent\u00e9s, il est n\u00e9 le 1er janvier 1992, selon une source proche du dossier. Il \u00e9tait jusque-l\u00e0 inconnu des services de police fran\u00e7ais comme italiens, selon une source polici\u00e8re.<\/p>\n\n\n\n<p>\u00ab\u00a0Cet individu manifestement souffre de troubles psychiatriques\u00a0\u00bb, avait pr\u00e9cis\u00e9 le pr\u00e9fet et \u00ab\u00a0des m\u00e9dicaments\u00a0\u00bb ont \u00e9t\u00e9 retrouv\u00e9s sur lui.<\/p>\n\n\n\n<p>L&rsquo;attaque s&rsquo;est produite \u00e0 moins de six mois des Jeux olympiques de Paris o\u00f9 15 millions de visiteurs sont attendus dans un contexte s\u00e9curitaire tendu. Le plan Vigipirate avait \u00e9t\u00e9 r\u00e9trograd\u00e9 au niveau 2 (\u00ab\u00a0s\u00e9curit\u00e9 renforc\u00e9e &#8211; risque attentat\u00a0\u00bb) le 15 janvier. L&rsquo;agression a eu lieu peu apr\u00e8s 7 h 30 dans le hall 3 de la gare, situ\u00e9 en sous-terrain, qui m\u00e8ne notamment aux trains de banlieue comme les RER A et D et la ligne R qui dessert le sud de la Seine-et-Marne.<\/p>\n\n\n\n<p>L&rsquo;assaillant a bless\u00e9 gri\u00e8vement un homme en lui portant un coup de couteau \u00e0 l&rsquo;abdomen et deux coups de marteau \u00e0 la t\u00eate, selon une source polici\u00e8re. Selon le parquet, cette personne avait toujours un pronostic \u00ab\u00a0vital engag\u00e9\u00a0\u00bb en d\u00e9but de soir\u00e9e et \u00e9tait toujours hospitalis\u00e9e, tout comme une autre personne plus l\u00e9g\u00e8rement bless\u00e9e.<\/p>\n\n\n\n<p>Une troisi\u00e8me personne, bless\u00e9e \u00e0 une main, est sortie de l&rsquo;h\u00f4pital. Selon le minist\u00e8re public, tous trois, hospitalis\u00e9s \u00e0 Saint-Antoine et Lariboisi\u00e8re, sont des \u00ab\u00a0passants\u00a0\u00bb qui se seraient \u00ab\u00a0interpos\u00e9s\u00a0\u00bb et ont \u00e9t\u00e9 \u00ab\u00a0bless\u00e9s par des coups de couteau et de marteau\u00a0\u00bb.<\/p>\n","protected":false},"excerpt":{"rendered":"<p>Apr\u00e8s une journ\u00e9e en garde \u00e0 vue et les premi\u00e8res questions pos\u00e9es par les enqu\u00eateurs, la garde \u00e0 vue de l&rsquo;assaillant Malien a \u00e9t\u00e9 \u00ab\u00a0lev\u00e9e suite \u00e0 l&rsquo;examen de comportement\u00a0\u00bb, selon le parquet. Cet examen a r\u00e9v\u00e9l\u00e9 un \u00ab\u00a0\u00e9tat psychiatrique incompatible avec la mesure de contrainte. Il est donc pour le moment pris en charge [&hellip;]<\/p>\n","protected":false},"author":2,"featured_media":27049,"comment_status":"open","ping_status":"open","sticky":false,"template":"","format":"standard","meta":{"_jetpack_memberships_contains_paid_content":false,"footnotes":"","jetpack_publicize_message":"","jetpack_publicize_feature_enabled":true,"jetpack_social_post_already_shared":true,"jetpack_social_options":{"image_generator_settings":{"template":"highway","default_image_id":0,"font":"","enabled":false},"version":2},"_wpas_customize_per_network":false},"categories":[405],"tags":[],"class_list":["post-27048","post","type-post","status-publish","format-standard","has-post-thumbnail","hentry","category-actu-france-monde"],"jetpack_publicize_connections":[],"jetpack_featured_media_url":"https:\/\/i0.wp.com\/www.iceagetv.com\/radiosite\/wp-content\/uploads\/2024\/02\/Attaque-Gare-de-Lyon.jpg?fit=679%2C293&ssl=1","jetpack_sharing_enabled":true,"_links":{"self":[{"href":"https:\/\/www.iceagetv.com\/radiosite\/wp-json\/wp\/v2\/posts\/27048","targetHints":{"allow":["GET"]}}],"collection":[{"href":"https:\/\/www.iceagetv.com\/radiosite\/wp-json\/wp\/v2\/posts"}],"about":[{"href":"https:\/\/www.iceagetv.com\/radiosite\/wp-json\/wp\/v2\/types\/post"}],"author":[{"embeddable":true,"href":"https:\/\/www.iceagetv.com\/radiosite\/wp-json\/wp\/v2\/users\/2"}],"replies":[{"embeddable":true,"href":"https:\/\/www.iceagetv.com\/radiosite\/wp-json\/wp\/v2\/comments?post=27048"}],"version-history":[{"count":1,"href":"https:\/\/www.iceagetv.com\/radiosite\/wp-json\/wp\/v2\/posts\/27048\/revisions"}],"predecessor-version":[{"id":27050,"href":"https:\/\/www.iceagetv.com\/radiosite\/wp-json\/wp\/v2\/posts\/27048\/revisions\/27050"}],"wp:featuredmedia":[{"embeddable":true,"href":"https:\/\/www.iceagetv.com\/radiosite\/wp-json\/wp\/v2\/media\/27049"}],"wp:attachment":[{"href":"https:\/\/www.iceagetv.com\/radiosite\/wp-json\/wp\/v2\/media?parent=27048"}],"wp:term":[{"taxonomy":"category","embeddable":true,"href":"https:\/\/www.iceagetv.com\/radiosite\/wp-json\/wp\/v2\/categories?post=27048"},{"taxonomy":"post_tag","embeddable":true,"href":"https:\/\/www.iceagetv.com\/radiosite\/wp-json\/wp\/v2\/tags?post=27048"}],"curies":[{"name":"wp","href":"https:\/\/api.w.org\/{rel}","templated":true}]}}