{"id":27054,"date":"2024-02-04T17:31:43","date_gmt":"2024-02-04T17:31:43","guid":{"rendered":"https:\/\/www.iceagetv.com\/radiosite\/?p=27054"},"modified":"2024-02-04T17:31:43","modified_gmt":"2024-02-04T17:31:43","slug":"corse-des-militants-independantistes-corses-sont-entres-dans-une-maison-presentee-comme-appartenant-au-garde-des-sceaux-eric-dupond-moretti-dans-le-village-de-centuri","status":"publish","type":"post","link":"https:\/\/www.iceagetv.com\/radiosite\/corse-des-militants-independantistes-corses-sont-entres-dans-une-maison-presentee-comme-appartenant-au-garde-des-sceaux-eric-dupond-moretti-dans-le-village-de-centuri\/","title":{"rendered":"Corse : Des militants ind\u00e9pendantistes corses sont entr\u00e9s dans une maison pr\u00e9sent\u00e9e comme appartenant au Garde des Sceaux, \u00c9ric Dupond-Moretti, dans le village de Centuri"},"content":{"rendered":"\n<p>Des militants ind\u00e9pendantistes corses sont entr\u00e9s dans une maison pr\u00e9sent\u00e9e comme appartenant au Garde des Sceaux, \u00c9ric Dupond-Moretti, dans le village de Centuri.&nbsp;Une enqu\u00eate a \u00e9t\u00e9 ouverte pour violation de domicile et d\u00e9gradations aggrav\u00e9es. Le mouvement ind\u00e9pendantiste Core in Fronte a revendiqu\u00e9 samedi une \u00abop\u00e9ration symbolique et politique\u00bb.<\/p>\n\n\n\n<p>L&rsquo;enqu\u00eate a \u00e9t\u00e9 ouverte pour violation de domicile et d\u00e9gradations aggrav\u00e9es, a pr\u00e9cis\u00e9 \u00e0 l&rsquo;AFP Jean-Philippe Navarre, procureur de la R\u00e9publique de Bastia, sans confirmer officiellement l&rsquo;identit\u00e9 du propri\u00e9taire de la maison vis\u00e9e.<\/p>\n\n\n\n<p>Sur X, le mouvement ind\u00e9pendantiste Core in Fronte a revendiqu\u00e9 samedi une \u00abop\u00e9ration symbolique et politique\u00bb visant le \u00abdomicile secondaire de \u00c9ric Dupond Moretti\u00bb, afin de \u00abd\u00e9noncer les m\u00e9canismes r\u00e9pressifs en Corse\u00bb.<\/p>\n\n\n\n<p>Aux fen\u00eatres de cette maison, au c\u0153ur du village de Centuri, dans le Cap Corse, les militants ont accroch\u00e9 des draps portant notamment les slogans \u00abR\u00e9pression, amendes, Basta !\u00bb ou encore \u00abSoluzione pulitica\u00bb (NDLR: \u00absolution politique\u00bb en langue corse).<\/p>\n\n\n\n<p>Cette action de Core in Fronte, qui compte six \u00e9lus \u00e0 l&rsquo;assembl\u00e9e de Corse, a \u00e9t\u00e9 r\u00e9alis\u00e9e en pr\u00e9sence de journalistes de France 3 Via Stella et Corse-Matin. Dans leurs revendications, exprim\u00e9es lors d&rsquo;une conf\u00e9rence de presse devant la maison, les nationalistes ont directement attaqu\u00e9 un ministre \u00abqui ne s&rsquo;exprime jamais sur la question politique corse, sur la r\u00e9pression et la situation des anciens prisonniers politiques corses.\u00bb<\/p>\n","protected":false},"excerpt":{"rendered":"<p>Des militants ind\u00e9pendantistes corses sont entr\u00e9s dans une maison pr\u00e9sent\u00e9e comme appartenant au Garde des Sceaux, \u00c9ric Dupond-Moretti, dans le village de Centuri.&nbsp;Une enqu\u00eate a \u00e9t\u00e9 ouverte pour violation de domicile et d\u00e9gradations aggrav\u00e9es. Le mouvement ind\u00e9pendantiste Core in Fronte a revendiqu\u00e9 samedi une \u00abop\u00e9ration symbolique et politique\u00bb. L&rsquo;enqu\u00eate a \u00e9t\u00e9 ouverte pour violation de [&hellip;]<\/p>\n","protected":false},"author":2,"featured_media":27055,"comment_status":"open","ping_status":"open","sticky":false,"template":"","format":"standard","meta":{"_jetpack_memberships_contains_paid_content":false,"footnotes":"","jetpack_publicize_message":"","jetpack_publicize_feature_enabled":true,"jetpack_social_post_already_shared":true,"jetpack_social_options":{"image_generator_settings":{"template":"highway","default_image_id":0,"font":"","enabled":false},"version":2},"_wpas_customize_per_network":false},"categories":[405],"tags":[],"class_list":["post-27054","post","type-post","status-publish","format-standard","has-post-thumbnail","hentry","category-actu-france-monde"],"jetpack_publicize_connections":[],"jetpack_featured_media_url":"https:\/\/i0.wp.com\/www.iceagetv.com\/radiosite\/wp-content\/uploads\/2024\/02\/corse.jpg?fit=679%2C293&ssl=1","jetpack_sharing_enabled":true,"_links":{"self":[{"href":"https:\/\/www.iceagetv.com\/radiosite\/wp-json\/wp\/v2\/posts\/27054","targetHints":{"allow":["GET"]}}],"collection":[{"href":"https:\/\/www.iceagetv.com\/radiosite\/wp-json\/wp\/v2\/posts"}],"about":[{"href":"https:\/\/www.iceagetv.com\/radiosite\/wp-json\/wp\/v2\/types\/post"}],"author":[{"embeddable":true,"href":"https:\/\/www.iceagetv.com\/radiosite\/wp-json\/wp\/v2\/users\/2"}],"replies":[{"embeddable":true,"href":"https:\/\/www.iceagetv.com\/radiosite\/wp-json\/wp\/v2\/comments?post=27054"}],"version-history":[{"count":1,"href":"https:\/\/www.iceagetv.com\/radiosite\/wp-json\/wp\/v2\/posts\/27054\/revisions"}],"predecessor-version":[{"id":27056,"href":"https:\/\/www.iceagetv.com\/radiosite\/wp-json\/wp\/v2\/posts\/27054\/revisions\/27056"}],"wp:featuredmedia":[{"embeddable":true,"href":"https:\/\/www.iceagetv.com\/radiosite\/wp-json\/wp\/v2\/media\/27055"}],"wp:attachment":[{"href":"https:\/\/www.iceagetv.com\/radiosite\/wp-json\/wp\/v2\/media?parent=27054"}],"wp:term":[{"taxonomy":"category","embeddable":true,"href":"https:\/\/www.iceagetv.com\/radiosite\/wp-json\/wp\/v2\/categories?post=27054"},{"taxonomy":"post_tag","embeddable":true,"href":"https:\/\/www.iceagetv.com\/radiosite\/wp-json\/wp\/v2\/tags?post=27054"}],"curies":[{"name":"wp","href":"https:\/\/api.w.org\/{rel}","templated":true}]}}