{"id":27066,"date":"2024-02-06T13:45:56","date_gmt":"2024-02-06T13:45:56","guid":{"rendered":"https:\/\/www.iceagetv.com\/radiosite\/?p=27066"},"modified":"2024-02-06T13:45:56","modified_gmt":"2024-02-06T13:45:56","slug":"agression-a-la-gare-de-lyon-a-paris-le-suspect-a-reconnu-son-acte-en-garde-a-vue-lavoir-premedite-et-etre-venu-en-france-dans-ce-but","status":"publish","type":"post","link":"https:\/\/www.iceagetv.com\/radiosite\/agression-a-la-gare-de-lyon-a-paris-le-suspect-a-reconnu-son-acte-en-garde-a-vue-lavoir-premedite-et-etre-venu-en-france-dans-ce-but\/","title":{"rendered":"Agression \u00e0 la gare de Lyon \u00e0 Paris: Le suspect a reconnu son acte en garde \u00e0 vue, l&rsquo;avoir pr\u00e9m\u00e9dit\u00e9 et \u00eatre venu en France dans ce but\u00a0"},"content":{"rendered":"\n<p>Le ressortissant malien de 32 ans qui a bless\u00e9 plusieurs personnes samedi \u00e0 la gare de Lyon&nbsp;\u00e0 Paris voulait \u00ab\u00a0s&rsquo;en prendre \u00e0 des Fran\u00e7ais\u00a0\u00bb d&rsquo;apr\u00e8s les premiers \u00e9l\u00e9ments des investigations, a indiqu\u00e9 ce mardi le parquet de Paris.<\/p>\n\n\n\n<p>\u00ab\u00a0Les d\u00e9clarations du mis en cause, comme l&rsquo;exploitation de son t\u00e9l\u00e9phone, ont conduit \u00e0 envisager qu&rsquo;il avait commis son acte pour s&rsquo;en prendre \u00e0 des Fran\u00e7ais, en raison de leur appartenance \u00e0 la nation\u00a0\u00bb,\u00a0a \u00e9crit dans un communiqu\u00e9 le parquet, qui a ouvert une information judiciaire pour tentatives d&rsquo;assassinat aggrav\u00e9es notamment.<strong>\u00a0Selon CNews, le suspect a reconnu son acte en garde \u00e0 vue, l&rsquo;avoir pr\u00e9m\u00e9dit\u00e9 et \u00eatre venu en France dans ce but. Selon les premiers \u00e9l\u00e9ments, il semble que sa pathologie psychiatrique n&rsquo;a pas eu d&rsquo;impact, ni de r\u00f4le dans son passage \u00e0 l&rsquo;acte.<\/strong><\/p>\n\n\n\n<p><strong>Le Malien de 32 ans qui a bless\u00e9 trois personnes au couteau samedi \u00e0 la gare de Lyon \u00e0 Paris, va \u00eatre pr\u00e9sent\u00e9 mardi matin \u00e0 un juge d&rsquo;instruction en vue de sa mise en examen, a indiqu\u00e9 le parquet de Paris.<\/strong>&nbsp;Mis en cause dans cette enqu\u00eate ouverte pour tentative d&rsquo;assassinats, l&rsquo;homme \u00e9tait en garde \u00e0 vue depuis samedi, apr\u00e8s une interruption de pr\u00e8s de 24 heures entre samedi et dimanche en raison d&rsquo;un passage \u00e0 l&rsquo;infirmerie psychiatrique de la pr\u00e9fecture de police de Paris.<\/p>\n\n\n\n<p>Parmi les bless\u00e9s, le pronostic vital d&rsquo;un homme de 66 ans \u00e9tait \u00ab\u00a0toujours engag\u00e9\u00a0\u00bb lundi apr\u00e8s-midi d&rsquo;apr\u00e8s le parquet. Le suspect lui a port\u00e9 un coup de couteau \u00e0 l&rsquo;abdomen et deux coups de marteau \u00e0 la t\u00eate, peu apr\u00e8s 7h30 samedi, selon une source polici\u00e8re. Deux autres hommes, n\u00e9s en octobre 1966 et f\u00e9vrier 2000, ont aussi \u00e9t\u00e9 bless\u00e9s par \u00ab\u00a0des coups en s&rsquo;interposant\u00a0\u00bb, avait pr\u00e9cis\u00e9 lundi le parquet. Le minist\u00e8re public a aussi \u00e9voqu\u00e9 deux autres victimes: \u00ab\u00a0une femme n\u00e9e en f\u00e9vrier 1999, qui \u00e9tait derri\u00e8re le mis en cause lorsqu\u2019il a mis feu \u00e0 son sac, et apr\u00e8s qui il a couru\u00a0\u00bb ainsi qu'\u00a0\u00bbun homme n\u00e9 en juin 1979, agent de s\u00e9curit\u00e9, qui est \u00e9galement intervenu\u00a0\u00bb.<\/p>\n\n\n\n<p>L&rsquo;assaillant, de nationalit\u00e9 malienne, \u00e9tait \u00ab\u00a0en situation r\u00e9guli\u00e8re en Italie depuis 2016, avec un titre \u00e9mis en 2019 tout \u00e0 fait valable\u00a0\u00bb, selon les documents d&rsquo;identit\u00e9 trouv\u00e9s en sa possession, avait pr\u00e9cis\u00e9 samedi le pr\u00e9fet de police de Paris Laurent Nu\u00f1ez. Ce titre lui permettait de voyager en France en toute l\u00e9galit\u00e9.<\/p>\n\n\n\n<p>Selon les carabiniers italiens, le suspect a v\u00e9cu jusqu&rsquo;\u00e0 2021 dans un centre d\u2019accueil g\u00e9r\u00e9 par l\u2019association catholique Agathon dans le village de Montalto Dora, au nord de Turin. Inconnu des services de police fran\u00e7ais comme italiens, \u00ab\u00a0il \u00e9tait suivi pour des probl\u00e8mes psychiatriques mais il n\u2019a jamais manifest\u00e9 de tendances violentes\u00a0\u00bb, ont-ils pr\u00e9cis\u00e9 \u00e0 l&rsquo;AFP.<\/p>\n\n\n\n<p>Les premiers \u00e9l\u00e9ments de l&rsquo;enqu\u00eate ont men\u00e9 jusqu&rsquo;\u00e0 un compte TikTok ouvert au nom de l&rsquo;assaillant, sur lequel on voit un homme noir \u00e0 lunettes, barbu, cheveux ras. Sur l&rsquo;une des vid\u00e9os, dat\u00e9e du 2 d\u00e9cembre 2023, l&rsquo;auteur du compte \u00e9crit : \u00ab\u00a0R.I.P. (repose en paix, NDLR) dans trois mois, qu&rsquo;Allah m&rsquo;accueille dans son paradis\u00a0\u00bb. Dans d&rsquo;autres vid\u00e9os, il exprime notamment son ressentiment \u00e0 l&rsquo;\u00e9gard de la France, faisant r\u00e9f\u00e9rence \u00e0 l&rsquo;intervention militaire fran\u00e7aise au Mali.<\/p>\n","protected":false},"excerpt":{"rendered":"<p>Le ressortissant malien de 32 ans qui a bless\u00e9 plusieurs personnes samedi \u00e0 la gare de Lyon&nbsp;\u00e0 Paris voulait \u00ab\u00a0s&rsquo;en prendre \u00e0 des Fran\u00e7ais\u00a0\u00bb d&rsquo;apr\u00e8s les premiers \u00e9l\u00e9ments des investigations, a indiqu\u00e9 ce mardi le parquet de Paris. \u00ab\u00a0Les d\u00e9clarations du mis en cause, comme l&rsquo;exploitation de son t\u00e9l\u00e9phone, ont conduit \u00e0 envisager qu&rsquo;il avait [&hellip;]<\/p>\n","protected":false},"author":2,"featured_media":27067,"comment_status":"open","ping_status":"open","sticky":false,"template":"","format":"standard","meta":{"_jetpack_memberships_contains_paid_content":false,"footnotes":"","jetpack_publicize_message":"","jetpack_publicize_feature_enabled":true,"jetpack_social_post_already_shared":true,"jetpack_social_options":{"image_generator_settings":{"template":"highway","default_image_id":0,"font":"","enabled":false},"version":2},"_wpas_customize_per_network":false},"categories":[405],"tags":[],"class_list":["post-27066","post","type-post","status-publish","format-standard","has-post-thumbnail","hentry","category-actu-france-monde"],"jetpack_publicize_connections":[],"jetpack_featured_media_url":"https:\/\/i0.wp.com\/www.iceagetv.com\/radiosite\/wp-content\/uploads\/2024\/02\/Agression-a-la-gare-de-Lyon-a-Paris.jpg?fit=679%2C293&ssl=1","jetpack_sharing_enabled":true,"_links":{"self":[{"href":"https:\/\/www.iceagetv.com\/radiosite\/wp-json\/wp\/v2\/posts\/27066","targetHints":{"allow":["GET"]}}],"collection":[{"href":"https:\/\/www.iceagetv.com\/radiosite\/wp-json\/wp\/v2\/posts"}],"about":[{"href":"https:\/\/www.iceagetv.com\/radiosite\/wp-json\/wp\/v2\/types\/post"}],"author":[{"embeddable":true,"href":"https:\/\/www.iceagetv.com\/radiosite\/wp-json\/wp\/v2\/users\/2"}],"replies":[{"embeddable":true,"href":"https:\/\/www.iceagetv.com\/radiosite\/wp-json\/wp\/v2\/comments?post=27066"}],"version-history":[{"count":1,"href":"https:\/\/www.iceagetv.com\/radiosite\/wp-json\/wp\/v2\/posts\/27066\/revisions"}],"predecessor-version":[{"id":27068,"href":"https:\/\/www.iceagetv.com\/radiosite\/wp-json\/wp\/v2\/posts\/27066\/revisions\/27068"}],"wp:featuredmedia":[{"embeddable":true,"href":"https:\/\/www.iceagetv.com\/radiosite\/wp-json\/wp\/v2\/media\/27067"}],"wp:attachment":[{"href":"https:\/\/www.iceagetv.com\/radiosite\/wp-json\/wp\/v2\/media?parent=27066"}],"wp:term":[{"taxonomy":"category","embeddable":true,"href":"https:\/\/www.iceagetv.com\/radiosite\/wp-json\/wp\/v2\/categories?post=27066"},{"taxonomy":"post_tag","embeddable":true,"href":"https:\/\/www.iceagetv.com\/radiosite\/wp-json\/wp\/v2\/tags?post=27066"}],"curies":[{"name":"wp","href":"https:\/\/api.w.org\/{rel}","templated":true}]}}