{"id":27070,"date":"2024-02-07T12:26:09","date_gmt":"2024-02-07T12:26:09","guid":{"rendered":"https:\/\/www.iceagetv.com\/radiosite\/?p=27070"},"modified":"2024-02-07T12:26:09","modified_gmt":"2024-02-07T12:26:09","slug":"hommage-aux-francais-victimes-du-hamas-nous-sommes-68-millions-de-francais-endeuilles-par-les-attaques-terroristes-du-7-octobre-emmanuel-macron-le-president-denonce-le-plus-grand-mass","status":"publish","type":"post","link":"https:\/\/www.iceagetv.com\/radiosite\/hommage-aux-francais-victimes-du-hamas-nous-sommes-68-millions-de-francais-endeuilles-par-les-attaques-terroristes-du-7-octobre-emmanuel-macron-le-president-denonce-le-plus-grand-mass\/","title":{"rendered":"\u00a0Hommage aux Fran\u00e7ais victimes du Hamas: \u00ab\u00a0Nous sommes 68 millions de Fran\u00e7ais endeuill\u00e9s par les attaques terroristes du 7 octobre\u00a0\u00bb (Emmanuel Macron) &#8211; Le pr\u00e9sident d\u00e9nonce \u00ab\u00a0le plus grand massacre antis\u00e9mite de notre si\u00e8cle\u00a0\u00bb"},"content":{"rendered":"\n<p><strong>Le point sur ce que l&rsquo;on sait<\/strong><\/p>\n\n\n\n<p>Le pr\u00e9sident Emmanuel Macron a affirm\u00e9 mercredi que l\u2019attaque men\u00e9e par le Hamas en Isra\u00ebl le 7 octobre avait \u00e9t\u00e9 \u00ab&nbsp;le plus grand massacre antis\u00e9mite de notre si\u00e8cle&nbsp;\u00bb, lors de l\u2019hommage national aux 42 Fran\u00e7ais tu\u00e9s par cette \u00ab&nbsp;barbarie&nbsp;\u00bb.<\/p>\n\n\n\n<p>\u00ab&nbsp;Le 7 octobre dernier, \u00e0 l\u2019aube, l\u2019indicible a ressurgi des profondeurs de l\u2019Histoire&nbsp;\u00bb, a d\u00e9clar\u00e9 le chef de l\u2019Etat dans la cour de l\u2019H\u00f4tel des Invalides \u00e0 Paris, en pr\u00e9sence notamment des familles des victimes. \u00ab&nbsp;Il \u00e9tait 6 heures et le Hamas lan\u00e7a par surprise l\u2019attaque massive et odieuse, le plus grand massacre antis\u00e9mite de notre si\u00e8cle&nbsp;\u00bb.<\/p>\n\n\n\n<p>\u00ab&nbsp;Nous sommes 68 millions de Fran\u00e7ais endeuill\u00e9s par les attaques terroristes du 7 octobre dernier. 68 millions moins 42 vies fauch\u00e9es, 68 millions dont six vies bless\u00e9es, 68 millions dont quatre vies \u00e0 jamais meurtries par leur captivit\u00e9. 68 millions dont trois vies sont encore prisonni\u00e8res, pour la lib\u00e9ration desquelles nous luttons chaque jour. Leurs chaises vides sont l\u00e0&nbsp;\u00bb, a-t-il scand\u00e9.<\/p>\n\n\n\n<p>Trois chaises avaient \u00e9t\u00e9 laiss\u00e9es vides dans la tribune des familles, pour les trois Fran\u00e7ais encore pr\u00e9sum\u00e9s otages du mouvement islamiste palestinien.<\/p>\n\n\n\n<p>Les \u00ab&nbsp;destins&nbsp;\u00bb des victimes du Hamas \u00ab&nbsp;ne sont pas les seuls que le d\u00e9chirement du Moyen-Orient continue de broyer dans cette tornade de souffrance qu\u2019est la guerre&nbsp;\u00bb, a ensuite expliqu\u00e9 le pr\u00e9sident de la R\u00e9publique. \u00ab&nbsp;Et toutes les vies se valent, inestimables aux yeux de la France&nbsp;\u00bb, a-t-il insist\u00e9.<\/p>\n\n\n\n<p>Emmanuel Macron a \u00e9galement estim\u00e9 qu\u2019il ne fallait \u00ab&nbsp;rien c\u00e9der \u00e0 un antis\u00e9mitisme rampant, d\u00e9sinhib\u00e9, ici comme l\u00e0-bas, car rien ne le justifie&nbsp;\u00bb. \u00ab&nbsp;Rien ne saurait justifier ni excuser ce terrorisme&nbsp;\u00bb.<\/p>\n\n\n\n<p>L\u2019Elys\u00e9e pr\u00e9voit de consacrer ult\u00e9rieurement aussi un \u00ab\u00a0hommage\u00a0\u00bb ou un \u00ab\u00a0temps m\u00e9moriel\u00a0\u00bb aux victimes fran\u00e7aises des bombardements isra\u00e9liens \u00e0 Gaza, mais ni la date ni le format n\u2019ont \u00e9t\u00e9 fix\u00e9s.L&rsquo;hommage est d\u00e9sormais termin\u00e9. Le Pr\u00e9sident Emmanuel Macron s&rsquo;entretient avec les membres des familles des victimes.&rsquo;orchestre de la Garde r\u00e9publicaine interpr\u00e8te la \u00ab\u00a0Marche fun\u00e8bre\u00a0\u00bb\u00a0de Chopin. Les portraits des 42 victimes, port\u00e9s par des gardes r\u00e9publicains, quittent la cour des Invalides<\/p>\n\n\n\n<p><strong>Le pr\u00e9sident Emmanuel Macron s&rsquo;exprime<\/strong><\/p>\n\n\n\n<p>\u00ab\u00a0Nous sommes 68 millions, moins 42 juifs fauch\u00e9s, 68 millions, dont 6 vies bless\u00e9es. Nous sommes 68 millions de Fran\u00e7ais endeuill\u00e9s par les attaques terroristes du 7 octobre\u00a0\u00bb<\/p>\n\n\n\n<p>\u00ab\u00a0Leurs visages sont l\u00e0, comme autant de vies interrompues. (&#8230;) Le 7 octobre dernier, \u00e0 l&rsquo;aube, l&rsquo;indicible a ressurgi des profondeurs de l&rsquo;histoire\u00a0\u00bb<\/p>\n\n\n\n<p>\u00ab\u00a0Il \u00e9tait 6 heures et le Hamas lan\u00e7a par surprise l&rsquo;attaque massive et odieuse, le plus grand massacre antis\u00e9mite de notre si\u00e8cle. Et dans les notes de musiques d&rsquo;un lieu de f\u00eate ont \u00e9clat\u00e9 les tambours de l&rsquo;enfer\u00a0\u00bb<\/p>\n\n\n\n<p>\u00ab\u00a0Ceux qui tuent par haine, trouveront toujours face \u00e0 eux ceux qui sont pr\u00eats \u00e0 mourir par amour\u00a0\u00bb. Emmanuel Macron d\u00e9nonce \u00ab\u00a0le plus grand massacre antis\u00e9mite de notre si\u00e8cle\u00a0\u00bb<\/p>\n\n\n\n<p>\u00ab\u00a0Ils ne sont pas tous n\u00e9s sous le ciel de France, ils ne sont pas tous morts sous le ciel de France, mais ils \u00e9taient de France.\u00a0\u00bb<br>\u00ab\u00a0Refusant l&rsquo;esprit de mort, de chaos des terroristes, jamais sans nous, nous ne laisserons prosp\u00e9rer l&rsquo;esprit de revanche, dans cet instant de deuil, rien ne doit jamais nous diviser\u00a0\u00bb. \u00ab\u00a0Rien ne saurait excuser ni justifier ce terrorisme, rien\u00a0\u00bb<\/p>\n","protected":false},"excerpt":{"rendered":"<p>Le point sur ce que l&rsquo;on sait Le pr\u00e9sident Emmanuel Macron a affirm\u00e9 mercredi que l\u2019attaque men\u00e9e par le Hamas en Isra\u00ebl le 7 octobre avait \u00e9t\u00e9 \u00ab&nbsp;le plus grand massacre antis\u00e9mite de notre si\u00e8cle&nbsp;\u00bb, lors de l\u2019hommage national aux 42 Fran\u00e7ais tu\u00e9s par cette \u00ab&nbsp;barbarie&nbsp;\u00bb. \u00ab&nbsp;Le 7 octobre dernier, \u00e0 l\u2019aube, l\u2019indicible a ressurgi [&hellip;]<\/p>\n","protected":false},"author":2,"featured_media":27071,"comment_status":"open","ping_status":"open","sticky":false,"template":"","format":"standard","meta":{"_jetpack_memberships_contains_paid_content":false,"footnotes":"","jetpack_publicize_message":"","jetpack_publicize_feature_enabled":true,"jetpack_social_post_already_shared":true,"jetpack_social_options":{"image_generator_settings":{"template":"highway","default_image_id":0,"font":"","enabled":false},"version":2},"_wpas_customize_per_network":false},"categories":[405],"tags":[],"class_list":["post-27070","post","type-post","status-publish","format-standard","has-post-thumbnail","hentry","category-actu-france-monde"],"jetpack_publicize_connections":[],"jetpack_featured_media_url":"https:\/\/i0.wp.com\/www.iceagetv.com\/radiosite\/wp-content\/uploads\/2024\/02\/Hommage-aux-Francais-victimes-du-Hamas.jpg?fit=679%2C293&ssl=1","jetpack_sharing_enabled":true,"_links":{"self":[{"href":"https:\/\/www.iceagetv.com\/radiosite\/wp-json\/wp\/v2\/posts\/27070","targetHints":{"allow":["GET"]}}],"collection":[{"href":"https:\/\/www.iceagetv.com\/radiosite\/wp-json\/wp\/v2\/posts"}],"about":[{"href":"https:\/\/www.iceagetv.com\/radiosite\/wp-json\/wp\/v2\/types\/post"}],"author":[{"embeddable":true,"href":"https:\/\/www.iceagetv.com\/radiosite\/wp-json\/wp\/v2\/users\/2"}],"replies":[{"embeddable":true,"href":"https:\/\/www.iceagetv.com\/radiosite\/wp-json\/wp\/v2\/comments?post=27070"}],"version-history":[{"count":1,"href":"https:\/\/www.iceagetv.com\/radiosite\/wp-json\/wp\/v2\/posts\/27070\/revisions"}],"predecessor-version":[{"id":27072,"href":"https:\/\/www.iceagetv.com\/radiosite\/wp-json\/wp\/v2\/posts\/27070\/revisions\/27072"}],"wp:featuredmedia":[{"embeddable":true,"href":"https:\/\/www.iceagetv.com\/radiosite\/wp-json\/wp\/v2\/media\/27071"}],"wp:attachment":[{"href":"https:\/\/www.iceagetv.com\/radiosite\/wp-json\/wp\/v2\/media?parent=27070"}],"wp:term":[{"taxonomy":"category","embeddable":true,"href":"https:\/\/www.iceagetv.com\/radiosite\/wp-json\/wp\/v2\/categories?post=27070"},{"taxonomy":"post_tag","embeddable":true,"href":"https:\/\/www.iceagetv.com\/radiosite\/wp-json\/wp\/v2\/tags?post=27070"}],"curies":[{"name":"wp","href":"https:\/\/api.w.org\/{rel}","templated":true}]}}