{"id":27073,"date":"2024-02-07T15:26:27","date_gmt":"2024-02-07T15:26:27","guid":{"rendered":"https:\/\/www.iceagetv.com\/radiosite\/?p=27073"},"modified":"2024-02-07T15:26:27","modified_gmt":"2024-02-07T15:26:27","slug":"la-femme-suspectee-davoir-tue-son-fils-de-5-ans-a-noisy-le-grand-mise-en-examen-son-conjoint-place-en-garde-a-vue-dans-le-sud-de-la-france","status":"publish","type":"post","link":"https:\/\/www.iceagetv.com\/radiosite\/la-femme-suspectee-davoir-tue-son-fils-de-5-ans-a-noisy-le-grand-mise-en-examen-son-conjoint-place-en-garde-a-vue-dans-le-sud-de-la-france\/","title":{"rendered":"La femme suspect\u00e9e d&rsquo;avoir tu\u00e9 son fils de 5 ans \u00e0 Noisy-le-Grand mise en examen &#8211; Son conjoint plac\u00e9 en garde \u00e0 vue dans le sud de la France"},"content":{"rendered":"\n<p>La femme suspect\u00e9e d&rsquo;avoir tu\u00e9 son fils de 5 ans samedi \u00e0 Noisy-le-Grand a \u00e9t\u00e9 mise en examen et son conjoint plac\u00e9 en garde \u00e0 vue dans le sud de la France, a appris l&rsquo;AFP du parquet de Bobigny et de source proche de l&rsquo;enqu\u00eate. Cette femme de 36 ans avait \u00e9t\u00e9 plac\u00e9e en garde \u00e0 vue samedi pour meurtre sur mineur de moins de 15 ans. Le d\u00e9bat sur sa d\u00e9tention provisoire se tiendra jeudi, a pr\u00e9cis\u00e9 le parquet.<\/p>\n\n\n\n<p>D&rsquo;apr\u00e8s une source proche de l&rsquo;enqu\u00eate, confirmant une information d&rsquo;Objectif Gard, le conjoint de la m\u00e8re s&rsquo;est rendu mardi vers 11h30 au commissariat de N\u00eemes (Gard), se sachant recherch\u00e9. Il y a \u00e9t\u00e9 plac\u00e9 en garde \u00e0 vue et y est interrog\u00e9 par les enqu\u00eateurs de la Brigade de protection des mineurs de la police judiciaire parisienne charg\u00e9s des investigations, a ajout\u00e9 la m\u00eame source. Le parquet de Bobigny n&rsquo;a cependant pas confirm\u00e9 cette information.<\/p>\n\n\n\n<p>Vers 21h30 samedi, les sapeurs-pompiers sont intervenus au domicile familial \u00e0 Noisy-le-Grand (Seine-Saint-Denis) pour un enfant \u00e2g\u00e9 de 5 ans, \u00abtomb\u00e9 dans la baignoire\u00bb, d&rsquo;apr\u00e8s sa m\u00e8re, avait relat\u00e9 \u00e0 l&rsquo;AFP une source polici\u00e8re. Une heure apr\u00e8s leur intervention, le gar\u00e7on en arr\u00eat cardiorespiratoire est d\u00e9c\u00e9d\u00e9.<\/p>\n\n\n\n<p>Le corps recouvert d&rsquo;ecchymoses du gar\u00e7on les a pouss\u00e9s \u00e0 appeler les forces de l&rsquo;ordre. Deux autres enfants, n\u00e9s en 2013 et 2016 et pr\u00e9sents au domicile, ont \u00e9t\u00e9 plac\u00e9s provisoirement. D&rsquo;apr\u00e8s le parquet, la famille avait d\u00e9j\u00e0 fait l&rsquo;objet d&rsquo;un suivi \u00e9ducatif, une mesure de protection de l&rsquo;enfance propos\u00e9e aux parents faisant face \u00e0 des difficult\u00e9s.<\/p>\n","protected":false},"excerpt":{"rendered":"<p>La femme suspect\u00e9e d&rsquo;avoir tu\u00e9 son fils de 5 ans samedi \u00e0 Noisy-le-Grand a \u00e9t\u00e9 mise en examen et son conjoint plac\u00e9 en garde \u00e0 vue dans le sud de la France, a appris l&rsquo;AFP du parquet de Bobigny et de source proche de l&rsquo;enqu\u00eate. Cette femme de 36 ans avait \u00e9t\u00e9 plac\u00e9e en garde [&hellip;]<\/p>\n","protected":false},"author":2,"featured_media":27074,"comment_status":"open","ping_status":"open","sticky":false,"template":"","format":"standard","meta":{"_jetpack_memberships_contains_paid_content":false,"footnotes":"","jetpack_publicize_message":"","jetpack_publicize_feature_enabled":true,"jetpack_social_post_already_shared":true,"jetpack_social_options":{"image_generator_settings":{"template":"highway","default_image_id":0,"font":"","enabled":false},"version":2},"_wpas_customize_per_network":false},"categories":[405],"tags":[],"class_list":["post-27073","post","type-post","status-publish","format-standard","has-post-thumbnail","hentry","category-actu-france-monde"],"jetpack_publicize_connections":[],"jetpack_featured_media_url":"https:\/\/i0.wp.com\/www.iceagetv.com\/radiosite\/wp-content\/uploads\/2024\/02\/La-femme-suspectee-davoir-tue-son-fils-de-5-ans-a-Noisy-le-Grand.jpg?fit=679%2C293&ssl=1","jetpack_sharing_enabled":true,"_links":{"self":[{"href":"https:\/\/www.iceagetv.com\/radiosite\/wp-json\/wp\/v2\/posts\/27073","targetHints":{"allow":["GET"]}}],"collection":[{"href":"https:\/\/www.iceagetv.com\/radiosite\/wp-json\/wp\/v2\/posts"}],"about":[{"href":"https:\/\/www.iceagetv.com\/radiosite\/wp-json\/wp\/v2\/types\/post"}],"author":[{"embeddable":true,"href":"https:\/\/www.iceagetv.com\/radiosite\/wp-json\/wp\/v2\/users\/2"}],"replies":[{"embeddable":true,"href":"https:\/\/www.iceagetv.com\/radiosite\/wp-json\/wp\/v2\/comments?post=27073"}],"version-history":[{"count":1,"href":"https:\/\/www.iceagetv.com\/radiosite\/wp-json\/wp\/v2\/posts\/27073\/revisions"}],"predecessor-version":[{"id":27075,"href":"https:\/\/www.iceagetv.com\/radiosite\/wp-json\/wp\/v2\/posts\/27073\/revisions\/27075"}],"wp:featuredmedia":[{"embeddable":true,"href":"https:\/\/www.iceagetv.com\/radiosite\/wp-json\/wp\/v2\/media\/27074"}],"wp:attachment":[{"href":"https:\/\/www.iceagetv.com\/radiosite\/wp-json\/wp\/v2\/media?parent=27073"}],"wp:term":[{"taxonomy":"category","embeddable":true,"href":"https:\/\/www.iceagetv.com\/radiosite\/wp-json\/wp\/v2\/categories?post=27073"},{"taxonomy":"post_tag","embeddable":true,"href":"https:\/\/www.iceagetv.com\/radiosite\/wp-json\/wp\/v2\/tags?post=27073"}],"curies":[{"name":"wp","href":"https:\/\/api.w.org\/{rel}","templated":true}]}}