{"id":27080,"date":"2024-02-07T19:41:10","date_gmt":"2024-02-07T19:41:10","guid":{"rendered":"https:\/\/www.iceagetv.com\/radiosite\/?p=27080"},"modified":"2024-02-07T19:41:10","modified_gmt":"2024-02-07T19:41:10","slug":"francois-bayrou-annonce-de-soir-a-lagence-france-presse-quil-nentrera-pas-au-gouvernement-faute-daccord-profond-sur-la-politique-a-suivre-il-indique-egalement-avoir-decline-le-mini","status":"publish","type":"post","link":"https:\/\/www.iceagetv.com\/radiosite\/francois-bayrou-annonce-de-soir-a-lagence-france-presse-quil-nentrera-pas-au-gouvernement-faute-daccord-profond-sur-la-politique-a-suivre-il-indique-egalement-avoir-decline-le-mini\/","title":{"rendered":"\u00a0Fran\u00e7ois Bayrou annonce de soir \u00e0 l&rsquo;Agence France Presse qu&rsquo;il n&rsquo;entrera pas au gouvernement \u00ab\u00a0faute d&rsquo;accord profond sur la politique \u00e0 suivre\u00a0\u00bb &#8211; Il indique \u00e9galement avoir d\u00e9clin\u00e9 le Minist\u00e8re des Arm\u00e9es"},"content":{"rendered":"\n<p>Fran\u00e7ois Bayrou a indiqu\u00e9 ce soir \u00e0 nos confr\u00e8res de l&rsquo;Agence France Presse qu&rsquo;il \u00ab\u00a0n&rsquo;entrera pas au gouvernement\u00a0\u00bb faute d'\u00a0\u00bbaccord profond sur la politique \u00e0 suivre\u00a0\u00bb, alors que la seconde partie du remaniement est attendue dans les prochaines heures.&nbsp;<\/p>\n\n\n\n<p>\u00ab\u00a0Il y avait deux domaines qui me paraissaient m\u00e9riter un engagement plein&nbsp;: le minist\u00e8re de l&rsquo;\u00c9ducation, qui conna\u00eet aujourd&rsquo;hui une crise de confiance qui vient de loin et que je croyais que l&rsquo;on pouvait corriger. Mais de nombreuses discussions m&rsquo;ont fait conclure \u00e0 une diff\u00e9rence d&rsquo;approche sur la m\u00e9thode \u00e0 suivre qui me parait r\u00e9dhibitoire\u00a0\u00bb, a d\u00e9clar\u00e9 Fran\u00e7ois Bayrou.<\/p>\n\n\n\n<p>\u00ab\u00a0Le deuxi\u00e8me sujet, c&rsquo;est le gouffre qui s&rsquo;est creus\u00e9 entre la province et Paris, toutes les crises de l&rsquo;am\u00e9nagement du territoire et la distance d\u00e9sormais de plus en plus grande entre les citoyens et l&rsquo;action publique. Nous n&rsquo;avons pas pu trouver un accord sur ces deux points\u00a0\u00bb, a poursuivi le pr\u00e9sident du MoDem, qui dit avoir par ailleurs d\u00e9clin\u00e9 le minist\u00e8re des Arm\u00e9es.<\/p>\n\n\n\n<p>A l\u2019inverse de ses proches, pour la plupart condamn\u00e9s, l\u2019ancien ministre et triple candidat \u00e0 la pr\u00e9sidentielle a \u00e9t\u00e9 relax\u00e9 en premi\u00e8re instance, lundi 5 f\u00e9vrier, dans l\u2019affaire des assistants parlementaires du MoDem.<\/p>\n\n\n\n<p>La 11e chambre correctionnelle de Paris a conclu \u00e0 l\u2019\u00ab absence de toute preuve \u00bb qu\u2019il \u00e9tait personnellement impliqu\u00e9 dans le montage organis\u00e9 par sa formation pour faire r\u00e9mun\u00e9rer des salari\u00e9s sur les cr\u00e9dits d\u00e9volus aux assistants parlementaires des d\u00e9put\u00e9s europ\u00e9ens. \u00ab C\u2019est un cauchemar de sept ann\u00e9es qui vient de s\u2019achever \u00bb, s\u2019est f\u00e9licit\u00e9 M. Bayrou, pr\u00e9sent \u00e0 l\u2019annonce du jugement.<\/p>\n","protected":false},"excerpt":{"rendered":"<p>Fran\u00e7ois Bayrou a indiqu\u00e9 ce soir \u00e0 nos confr\u00e8res de l&rsquo;Agence France Presse qu&rsquo;il \u00ab\u00a0n&rsquo;entrera pas au gouvernement\u00a0\u00bb faute d&rsquo;\u00a0\u00bbaccord profond sur la politique \u00e0 suivre\u00a0\u00bb, alors que la seconde partie du remaniement est attendue dans les prochaines heures.&nbsp; \u00ab\u00a0Il y avait deux domaines qui me paraissaient m\u00e9riter un engagement plein&nbsp;: le minist\u00e8re de l&rsquo;\u00c9ducation, [&hellip;]<\/p>\n","protected":false},"author":2,"featured_media":27081,"comment_status":"open","ping_status":"open","sticky":false,"template":"","format":"standard","meta":{"_jetpack_memberships_contains_paid_content":false,"footnotes":"","jetpack_publicize_message":"","jetpack_publicize_feature_enabled":true,"jetpack_social_post_already_shared":true,"jetpack_social_options":{"image_generator_settings":{"template":"highway","default_image_id":0,"font":"","enabled":false},"version":2},"_wpas_customize_per_network":false},"categories":[405],"tags":[],"class_list":["post-27080","post","type-post","status-publish","format-standard","has-post-thumbnail","hentry","category-actu-france-monde"],"jetpack_publicize_connections":[],"jetpack_featured_media_url":"https:\/\/i0.wp.com\/www.iceagetv.com\/radiosite\/wp-content\/uploads\/2024\/02\/Francois-Bayrou-annonce-de-soir-a-lAgence-France-Presse.jpg?fit=679%2C293&ssl=1","jetpack_sharing_enabled":true,"_links":{"self":[{"href":"https:\/\/www.iceagetv.com\/radiosite\/wp-json\/wp\/v2\/posts\/27080","targetHints":{"allow":["GET"]}}],"collection":[{"href":"https:\/\/www.iceagetv.com\/radiosite\/wp-json\/wp\/v2\/posts"}],"about":[{"href":"https:\/\/www.iceagetv.com\/radiosite\/wp-json\/wp\/v2\/types\/post"}],"author":[{"embeddable":true,"href":"https:\/\/www.iceagetv.com\/radiosite\/wp-json\/wp\/v2\/users\/2"}],"replies":[{"embeddable":true,"href":"https:\/\/www.iceagetv.com\/radiosite\/wp-json\/wp\/v2\/comments?post=27080"}],"version-history":[{"count":1,"href":"https:\/\/www.iceagetv.com\/radiosite\/wp-json\/wp\/v2\/posts\/27080\/revisions"}],"predecessor-version":[{"id":27082,"href":"https:\/\/www.iceagetv.com\/radiosite\/wp-json\/wp\/v2\/posts\/27080\/revisions\/27082"}],"wp:featuredmedia":[{"embeddable":true,"href":"https:\/\/www.iceagetv.com\/radiosite\/wp-json\/wp\/v2\/media\/27081"}],"wp:attachment":[{"href":"https:\/\/www.iceagetv.com\/radiosite\/wp-json\/wp\/v2\/media?parent=27080"}],"wp:term":[{"taxonomy":"category","embeddable":true,"href":"https:\/\/www.iceagetv.com\/radiosite\/wp-json\/wp\/v2\/categories?post=27080"},{"taxonomy":"post_tag","embeddable":true,"href":"https:\/\/www.iceagetv.com\/radiosite\/wp-json\/wp\/v2\/tags?post=27080"}],"curies":[{"name":"wp","href":"https:\/\/api.w.org\/{rel}","templated":true}]}}