{"id":27089,"date":"2024-02-09T07:55:31","date_gmt":"2024-02-09T07:55:31","guid":{"rendered":"https:\/\/www.iceagetv.com\/radiosite\/?p=27089"},"modified":"2024-02-09T07:55:31","modified_gmt":"2024-02-09T07:55:31","slug":"le-remaniement-enfin-acheve-voici-tous-les-mouvements-de-ministres-dans-lequipe-de-gabriel-attal","status":"publish","type":"post","link":"https:\/\/www.iceagetv.com\/radiosite\/le-remaniement-enfin-acheve-voici-tous-les-mouvements-de-ministres-dans-lequipe-de-gabriel-attal\/","title":{"rendered":"Le remaniement enfin achev\u00e9, voici tous les mouvements de ministres dans l\u2019\u00e9quipe de Gabriel Attal"},"content":{"rendered":"\n<p>Le casting est enfin complet. Un mois apr\u00e8s la nomination de Gabriel Attal \u00e0 Matignon, Emmanuel Macron a compl\u00e9t\u00e9 le gouvernement en nommant ce jeudi 8\u00a0f\u00e9vrier une vingtaine de nouvelles personnalit\u00e9s.\u00a0<a href=\"https:\/\/www.huffingtonpost.fr\/politique\/article\/nicole-belloubet-pressentie-pour-remplacer-amelie-oudea-castera-a-l-education-nationale_229498.html\">Sans Fran\u00e7ois Bayrou<\/a>\u00a0qui a d\u00e9clin\u00e9 les offres qui lui ont \u00e9t\u00e9 faites mais avec\u00a0<a href=\"https:\/\/www.huffingtonpost.fr\/politique\/video\/amelie-oudea-castera-un-long-mois-de-galere-pour-la-ministre-finalement-debarquee-de-la-rue-de-grenelle_229511.html\">Nicole Belloubet qui remplace Am\u00e9lie Oud\u00e9a-Cast\u00e9ra \u00e0 l\u2019\u00c9ducation<\/a>. Cette derni\u00e8re reste en charge des Sports.<\/p>\n\n\n\n<p>Par rapport \u00e0 la pr\u00e9c\u00e9dente \u00e9quipe d\u2019\u00c9lisabeth Borne, les changements sont nombreux, surtout chez les sortants.&nbsp;<em>Le HuffPost<\/em>&nbsp;vous r\u00e9capitule l\u2019ensemble des mouvements.<\/p>\n\n\n\n<h2 class=\"wp-block-heading\" id=\"3776436\">ILS RESTENT<\/h2>\n\n\n\n<p><strong>Les ministres<\/strong><\/p>\n\n\n\n<p>\u00b7 Bruno Le&nbsp;Maire, ministre de l\u2019\u00c9conomie<\/p>\n\n\n\n<p>\u00b7 G\u00e9rald Darmanin, ministre de l\u2019Int\u00e9rieur<\/p>\n\n\n\n<p>\u00b7 \u00c9ric Dupond-Moretti, ministre de la Justice<\/p>\n\n\n\n<p>\u00b7 S\u00e9bastien Lecornu, ministre des Arm\u00e9es<\/p>\n\n\n\n<p>\u00b7 Sylvie Retailleau, ministre de l\u2019Enseignement sup\u00e9rieur<\/p>\n\n\n\n<p>\u00b7 Marc Fesneau, ministre de l\u2019Agriculture<\/p>\n\n\n\n<p>\u00b7 Christophe B\u00e9chu, ministre de la Transition \u00e9cologique<\/p>\n\n\n\n<p>\u00b7 Stanislas Gu\u00e9rini, ministre de la Fonction publique<\/p>\n\n\n\n<p><strong>Les ministres d\u00e9l\u00e9gu\u00e9s<\/strong><\/p>\n\n\n\n<p>\u00b7 Roland Lescure, charg\u00e9 de l\u2019Industrie<\/p>\n\n\n\n<p>\u00b7 Olivia Gr\u00e9goire, charg\u00e9e des Entreprises, du Tourisme et de la Consommation<\/p>\n\n\n\n<p>\u00b7 Thomas Cazenave, charg\u00e9 des Comptes publics<\/p>\n\n\n\n<p>\u00b7 Dominique Faure, charg\u00e9e des Collectivit\u00e9s territoriales<\/p>\n\n\n\n<p>\u00b7 Fadila Khattabi, charg\u00e9e des Personnes \u00e2g\u00e9es et des Personnes handicap\u00e9es<\/p>\n\n\n\n<p><strong>Les secr\u00e9taires d\u2019\u00c9tat<\/strong><\/p>\n\n\n\n<p>\u00b7 Sabrina Agresti-Roubache, charg\u00e9e de la Ville<\/p>\n\n\n\n<p>\u00b7 Chrysoula Zacharopoulou, charg\u00e9e du D\u00e9veloppement<\/p>\n\n\n\n<p>\u00b7 Patricia Miralles, charg\u00e9e des Anciens combattants<\/p>\n\n\n\n<p>\u00b7 Herv\u00e9 Berville, charg\u00e9 de la Mer<\/p>\n\n\n\n<h2 class=\"wp-block-heading\" id=\"3776624\">ILS ENTRENT<\/h2>\n\n\n\n<p><strong>Les ministres<\/strong><\/p>\n\n\n\n<p>\u00b7 Catherine Vautrin, ministre du Travail, de la Sant\u00e9, et des Solidarit\u00e9s<\/p>\n\n\n\n<p>\u00b7 Nicole Belloubet, ministre de l\u2019\u00c9ducation<\/p>\n\n\n\n<p>\u00b7 Rachida Dati, ministre de la Culture<\/p>\n\n\n\n<p>\u00b7 St\u00e9phane S\u00e9journ\u00e9, ministre des Affaires \u00e9trang\u00e8res<\/p>\n\n\n\n<p><strong>Les ministres d\u00e9l\u00e9gu\u00e9s<\/strong><\/p>\n\n\n\n<p>\u00b7 Prisca Th\u00e9venot, porte-parole<\/p>\n\n\n\n<p>\u00b7 Marie Lebec, charg\u00e9e des Relations avec le Parlement<\/p>\n\n\n\n<p>\u00b7 Marie Gu\u00e9venoux, charg\u00e9e des Outre-mer<\/p>\n\n\n\n<p>\u00b7 Fr\u00e9d\u00e9ric Valletoux, charg\u00e9 de la Sant\u00e9<\/p>\n\n\n\n<p>\u00b7 Guillaume Kasbarian, charg\u00e9 du Logement<\/p>\n\n\n\n<p><strong>Les secr\u00e9taires d\u2019\u00c9tat<\/strong><\/p>\n\n\n\n<p>\u00b7 Marina Ferrari, charg\u00e9e du Num\u00e9rique<\/p>\n\n\n\n<h2 class=\"wp-block-heading\" id=\"3776652\">ILS SORTENT<\/h2>\n\n\n\n<p><strong>Les ministres<\/strong><\/p>\n\n\n\n<p>\u00b7 Catherine Colonna, ministre des Affaires \u00e9trang\u00e8res<\/p>\n\n\n\n<p>\u00b7 Olivier Dussopt, ministre du Travail<\/p>\n\n\n\n<p>\u00b7 Rima Abdul-Malak, ministre de la Culture<\/p>\n\n\n\n<p>\u00b7 Agn\u00e8s Firmin Le Bodo, ministre de la Sant\u00e9<\/p>\n\n\n\n<p><strong>Les ministres d\u00e9l\u00e9gu\u00e9s<\/strong><\/p>\n\n\n\n<p>\u00b7 Olivier V\u00e9ran, porte-parole du gouvernement<\/p>\n\n\n\n<p>\u00b7 B\u00e9rang\u00e8re Couillard, charg\u00e9e de l\u2019\u00c9galit\u00e9<\/p>\n\n\n\n<p>\u00b7 Philippe Vigier, charg\u00e9 des Outre-mer<\/p>\n\n\n\n<p>\u00b7 Olivier Becht, charg\u00e9 du Commerce ext\u00e9rieur<\/p>\n\n\n\n<p>\u00b7 Carole Grandjean, charg\u00e9 de la Formation professionnelle<\/p>\n\n\n\n<p>\u00b7 Cl\u00e9ment Beaune, charg\u00e9 des Transports<\/p>\n\n\n\n<p><strong>Les secr\u00e9taires d\u2019\u00c9tat<\/strong><\/p>\n\n\n\n<p>\u00b7 Charlotte Caubel, charg\u00e9 de l\u2019Enfance<\/p>\n\n\n\n<p>\u00b7 Laurence Boone, charg\u00e9e de l\u2019Europe<\/p>\n\n\n\n<h2 class=\"wp-block-heading\" id=\"3776688\">ILS BOUGENT<\/h2>\n\n\n\n<p><strong>Les ministres<\/strong><\/p>\n\n\n\n<p>\u00b7 Am\u00e9lie Oud\u00e9a-Cast\u00e9ra, de l\u2019\u00c9ducation et Sports aux Sports<\/p>\n\n\n\n<p>\u00b7 Agn\u00e8s Pannier Runacher de la Transition \u00e9nerg\u00e9tique \u00e0 l\u2019Agriculture<\/p>\n\n\n\n<p><strong>Les ministres d\u00e9l\u00e9gu\u00e9s<\/strong><\/p>\n\n\n\n<p>\u00b7 Aurore Berg\u00e9, charg\u00e9e de l\u2019\u00c9galit\u00e9 entre les femmes et les hommes<\/p>\n\n\n\n<p>\u00b7 Sarah El Ha\u00efry, charg\u00e9e de l\u2019Enfance, de la Jeunesse et des Familles<\/p>\n\n\n\n<p>\u00b7 Agn\u00e8s Pannier-Runacher, charg\u00e9e de l\u2019Agriculture<\/p>\n\n\n\n<p>\u00b7 Franck Riester, charg\u00e9 du Commerce ext\u00e9rieur<\/p>\n\n\n\n<p>\u00b7 Jean-No\u00ebl Barrot, charg\u00e9 de l\u2019Europe<\/p>\n\n\n\n<p>\u00b7 Patrice Vergriete, charg\u00e9 des Transports<\/p>\n","protected":false},"excerpt":{"rendered":"<p>Le casting est enfin complet. Un mois apr\u00e8s la nomination de Gabriel Attal \u00e0 Matignon, Emmanuel Macron a compl\u00e9t\u00e9 le gouvernement en nommant ce jeudi 8\u00a0f\u00e9vrier une vingtaine de nouvelles personnalit\u00e9s.\u00a0Sans Fran\u00e7ois Bayrou\u00a0qui a d\u00e9clin\u00e9 les offres qui lui ont \u00e9t\u00e9 faites mais avec\u00a0Nicole Belloubet qui remplace Am\u00e9lie Oud\u00e9a-Cast\u00e9ra \u00e0 l\u2019\u00c9ducation. Cette derni\u00e8re reste en [&hellip;]<\/p>\n","protected":false},"author":2,"featured_media":27090,"comment_status":"open","ping_status":"open","sticky":false,"template":"","format":"standard","meta":{"_jetpack_memberships_contains_paid_content":false,"footnotes":"","jetpack_publicize_message":"","jetpack_publicize_feature_enabled":true,"jetpack_social_post_already_shared":true,"jetpack_social_options":{"image_generator_settings":{"template":"highway","default_image_id":0,"font":"","enabled":false},"version":2},"_wpas_customize_per_network":false},"categories":[405],"tags":[],"class_list":["post-27089","post","type-post","status-publish","format-standard","has-post-thumbnail","hentry","category-actu-france-monde"],"jetpack_publicize_connections":[],"jetpack_featured_media_url":"https:\/\/i0.wp.com\/www.iceagetv.com\/radiosite\/wp-content\/uploads\/2024\/02\/Le-remaniement-enfin-acheve.jpg?fit=640%2C360&ssl=1","jetpack_sharing_enabled":true,"_links":{"self":[{"href":"https:\/\/www.iceagetv.com\/radiosite\/wp-json\/wp\/v2\/posts\/27089","targetHints":{"allow":["GET"]}}],"collection":[{"href":"https:\/\/www.iceagetv.com\/radiosite\/wp-json\/wp\/v2\/posts"}],"about":[{"href":"https:\/\/www.iceagetv.com\/radiosite\/wp-json\/wp\/v2\/types\/post"}],"author":[{"embeddable":true,"href":"https:\/\/www.iceagetv.com\/radiosite\/wp-json\/wp\/v2\/users\/2"}],"replies":[{"embeddable":true,"href":"https:\/\/www.iceagetv.com\/radiosite\/wp-json\/wp\/v2\/comments?post=27089"}],"version-history":[{"count":1,"href":"https:\/\/www.iceagetv.com\/radiosite\/wp-json\/wp\/v2\/posts\/27089\/revisions"}],"predecessor-version":[{"id":27091,"href":"https:\/\/www.iceagetv.com\/radiosite\/wp-json\/wp\/v2\/posts\/27089\/revisions\/27091"}],"wp:featuredmedia":[{"embeddable":true,"href":"https:\/\/www.iceagetv.com\/radiosite\/wp-json\/wp\/v2\/media\/27090"}],"wp:attachment":[{"href":"https:\/\/www.iceagetv.com\/radiosite\/wp-json\/wp\/v2\/media?parent=27089"}],"wp:term":[{"taxonomy":"category","embeddable":true,"href":"https:\/\/www.iceagetv.com\/radiosite\/wp-json\/wp\/v2\/categories?post=27089"},{"taxonomy":"post_tag","embeddable":true,"href":"https:\/\/www.iceagetv.com\/radiosite\/wp-json\/wp\/v2\/tags?post=27089"}],"curies":[{"name":"wp","href":"https:\/\/api.w.org\/{rel}","templated":true}]}}