{"id":27129,"date":"2024-02-13T14:34:02","date_gmt":"2024-02-13T14:34:02","guid":{"rendered":"https:\/\/www.iceagetv.com\/radiosite\/?p=27129"},"modified":"2024-02-13T14:34:02","modified_gmt":"2024-02-13T14:34:02","slug":"robert-bandinter-le-figaro-revele-que-la-famille-ne-souhaite-ni-la-presence-du-rassemblement-national-ni-celle-des-insoumis-a-lhommage-national-prevu-demain","status":"publish","type":"post","link":"https:\/\/www.iceagetv.com\/radiosite\/robert-bandinter-le-figaro-revele-que-la-famille-ne-souhaite-ni-la-presence-du-rassemblement-national-ni-celle-des-insoumis-a-lhommage-national-prevu-demain\/","title":{"rendered":"Robert Bandinter &#8211; Le Figaro r\u00e9v\u00e8le que la famille ne souhaite ni la pr\u00e9sence du Rassemblement National, ni celle des Insoumis \u00e0 l&rsquo;hommage national pr\u00e9vu demain"},"content":{"rendered":"\n<p>Ce mercredi midi se tiendra&nbsp;Place Vend\u00f4me, \u00e0 Paris,&nbsp;l&rsquo;hommage national \u00e0 Robert Badinter, d\u00e9c\u00e9d\u00e9 la semaine derni\u00e8re \u00e0 l&rsquo;\u00e2ge de 95 ans.<\/p>\n\n\n\n<p><a href=\"https:\/\/www.lefigaro.fr\/politique\/hommage-a-robert-badinter-la-famille-ne-souhaite-pas-la-presence-du-rn-et-de-lfi-20240213\" target=\"_blank\" rel=\"noreferrer noopener\">Le Figaro<\/a>&nbsp;rapporte que, conform\u00e9ment \u00e0 une demande de sa famille, \u00ab\u00a0l\u2019\u00c9lys\u00e9e a fait savoir au Rassemblement national et \u00e0 La France insoumise que leur pr\u00e9sence n\u2019\u00e9tait pas souhait\u00e9e\u00a0\u00bb. Et d&rsquo;indiquer que \u00ab\u00a0cette exigence aurait \u00e9t\u00e9 fermement formul\u00e9e par la philosophe \u00c9lisabeth Badinter, veuve de l\u2019ancien garde des Sceaux qui porta l\u2019abolition de la peine de mort.\u00a0\u00bb<\/p>\n\n\n\n<p>Nos&nbsp;<a href=\"https:\/\/www.lefigaro.fr\/politique\/hommage-a-robert-badinter-la-famille-ne-souhaite-pas-la-presence-du-rn-et-de-lfi-20240213\" target=\"_blank\" rel=\"noreferrer noopener\">confr\u00e8res<\/a>&nbsp;indiquent toutefois que \u00ab\u00a0dans la mesure o\u00f9 il a \u00e9t\u00e9 officiellement d\u00e9cid\u00e9 de convier les pr\u00e9sidents des groupes de l\u2019Assembl\u00e9e nationale, la nationaliste Marine Le Pen (RN) et la m\u00e9lenchoniste Mathilde Panot (LFI) devraient, pour des raisons de protocole, recevoir une invitation\u00a0\u00bb.<\/p>\n\n\n\n<p>Malgr\u00e9 tout, Marine Le Pen devrait respecter la demande de la famille en ne se rendant pas \u00e0 la c\u00e9r\u00e9monie. \u00abNotre ligne n\u2019a pas vari\u00e9 : nous respectons toujours la volont\u00e9 des proches des d\u00e9funts\u00bb, explique l\u2019un de ses proches au Figaro.<\/p>\n","protected":false},"excerpt":{"rendered":"<p>Ce mercredi midi se tiendra&nbsp;Place Vend\u00f4me, \u00e0 Paris,&nbsp;l&rsquo;hommage national \u00e0 Robert Badinter, d\u00e9c\u00e9d\u00e9 la semaine derni\u00e8re \u00e0 l&rsquo;\u00e2ge de 95 ans. Le Figaro&nbsp;rapporte que, conform\u00e9ment \u00e0 une demande de sa famille, \u00ab\u00a0l\u2019\u00c9lys\u00e9e a fait savoir au Rassemblement national et \u00e0 La France insoumise que leur pr\u00e9sence n\u2019\u00e9tait pas souhait\u00e9e\u00a0\u00bb. Et d&rsquo;indiquer que \u00ab\u00a0cette exigence aurait [&hellip;]<\/p>\n","protected":false},"author":2,"featured_media":27130,"comment_status":"open","ping_status":"open","sticky":false,"template":"","format":"standard","meta":{"_jetpack_memberships_contains_paid_content":false,"footnotes":"","jetpack_publicize_message":"","jetpack_publicize_feature_enabled":true,"jetpack_social_post_already_shared":true,"jetpack_social_options":{"image_generator_settings":{"template":"highway","default_image_id":0,"font":"","enabled":false},"version":2},"_wpas_customize_per_network":false},"categories":[405],"tags":[],"class_list":["post-27129","post","type-post","status-publish","format-standard","has-post-thumbnail","hentry","category-actu-france-monde"],"jetpack_publicize_connections":[],"jetpack_featured_media_url":"https:\/\/i0.wp.com\/www.iceagetv.com\/radiosite\/wp-content\/uploads\/2024\/02\/Robert-Bandinter.jpg?fit=679%2C293&ssl=1","jetpack_sharing_enabled":true,"_links":{"self":[{"href":"https:\/\/www.iceagetv.com\/radiosite\/wp-json\/wp\/v2\/posts\/27129","targetHints":{"allow":["GET"]}}],"collection":[{"href":"https:\/\/www.iceagetv.com\/radiosite\/wp-json\/wp\/v2\/posts"}],"about":[{"href":"https:\/\/www.iceagetv.com\/radiosite\/wp-json\/wp\/v2\/types\/post"}],"author":[{"embeddable":true,"href":"https:\/\/www.iceagetv.com\/radiosite\/wp-json\/wp\/v2\/users\/2"}],"replies":[{"embeddable":true,"href":"https:\/\/www.iceagetv.com\/radiosite\/wp-json\/wp\/v2\/comments?post=27129"}],"version-history":[{"count":1,"href":"https:\/\/www.iceagetv.com\/radiosite\/wp-json\/wp\/v2\/posts\/27129\/revisions"}],"predecessor-version":[{"id":27131,"href":"https:\/\/www.iceagetv.com\/radiosite\/wp-json\/wp\/v2\/posts\/27129\/revisions\/27131"}],"wp:featuredmedia":[{"embeddable":true,"href":"https:\/\/www.iceagetv.com\/radiosite\/wp-json\/wp\/v2\/media\/27130"}],"wp:attachment":[{"href":"https:\/\/www.iceagetv.com\/radiosite\/wp-json\/wp\/v2\/media?parent=27129"}],"wp:term":[{"taxonomy":"category","embeddable":true,"href":"https:\/\/www.iceagetv.com\/radiosite\/wp-json\/wp\/v2\/categories?post=27129"},{"taxonomy":"post_tag","embeddable":true,"href":"https:\/\/www.iceagetv.com\/radiosite\/wp-json\/wp\/v2\/tags?post=27129"}],"curies":[{"name":"wp","href":"https:\/\/api.w.org\/{rel}","templated":true}]}}