{"id":27132,"date":"2024-02-14T12:08:30","date_gmt":"2024-02-14T12:08:30","guid":{"rendered":"https:\/\/www.iceagetv.com\/radiosite\/?p=27132"},"modified":"2024-02-14T12:08:30","modified_gmt":"2024-02-14T12:08:30","slug":"hommage-national-a-robert-badinter-emmanuel-macron-demande-lentree-au-pantheon-de-lex-garde-des-sceaux-votre-nom-devra-sinscrire-avec-ceux-qui-ont-tant-fait-pour-le-progres-humain-et-pour-l","status":"publish","type":"post","link":"https:\/\/www.iceagetv.com\/radiosite\/hommage-national-a-robert-badinter-emmanuel-macron-demande-lentree-au-pantheon-de-lex-garde-des-sceaux-votre-nom-devra-sinscrire-avec-ceux-qui-ont-tant-fait-pour-le-progres-humain-et-pour-l\/","title":{"rendered":"Hommage national \u00e0 Robert Badinter &#8211; Emmanuel Macron demande l&rsquo;entr\u00e9e au Panth\u00e9on de l&rsquo;ex-garde des Sceaux: \u00ab\u00a0Votre nom devra s&rsquo;inscrire avec ceux qui ont tant fait pour le progr\u00e8s humain et pour la France\u00a0\u00bb"},"content":{"rendered":"\n<p><strong>Emmanuel Macron demande l&rsquo;entr\u00e9e au Panth\u00e9on de l&rsquo;ex-garde des Sceaux.&nbsp;<\/strong><strong>\u00ab\u00a0<\/strong><strong>Alors s&rsquo;ouvre le temps de la reconnaissance de la nation, aussi votre nom devra s&rsquo;inscrire avec ceux qui ont tant fait pour le progr\u00e8s humain et pour la France et vous attendent au Panth\u00e9on\u00a0\u00bb, a d\u00e9clar\u00e9 le chef de l&rsquo;Etat lors de l&rsquo;hommage national.<\/strong><\/p>\n\n\n\n<p><strong>11h30:<\/strong>&nbsp;Emmanuel Macron pr\u00e9side ce midi un hommage national \u00e0 Robert Badinter, un \u00ab&nbsp;sage&nbsp;\u00bb et une \u00ab&nbsp;conscience r\u00e9publicaine&nbsp;\u00bb, sur la place Vend\u00f4me, si\u00e8ge du minist\u00e8re de la Justice o\u00f9 l\u2019ancien garde des Sceaux socialiste porta l\u2019abolition de la peine de mort. Le chef de l\u2019Etat a promis de s\u2019exprimer, dans son discours, sur une \u00e9ventuelle entr\u00e9e de l\u2019avocat, d\u00e9c\u00e9d\u00e9 la semaine derni\u00e8re \u00e0 l\u2019\u00e2ge de 95 ans, au Panth\u00e9on, ce temple r\u00e9publicain qui proclame sur son fronton \u00ab&nbsp;Aux grands hommes, la patrie reconnaissante&nbsp;\u00bb.<\/p>\n\n\n\n<p>Et Robert Badinter \u00e9tait bien \u00ab&nbsp;un grand homme&nbsp;\u00bb, a acquiesc\u00e9 d\u00e8s vendredi le pr\u00e9sident apr\u00e8s l\u2019annonce de la mort de l\u2019ancien ministre (1981-1986). \u00ab&nbsp;Ces choses-l\u00e0 prennent du temps&nbsp;\u00bb, a-t-il toutefois soulign\u00e9. \u00ab&nbsp;C\u2019est d\u2019abord \u00e0 la famille, en libert\u00e9, de prendre le temps qu\u2019elle jugera n\u00e9cessaire pour se prononcer&nbsp;\u00bb, a expliqu\u00e9 mardi un membre de l\u2019entourage d\u2019Emmanuel Macron.<\/p>\n\n\n\n<p>Le premier secr\u00e9taire du PS Olivier Faure en a fait officiellement la demande au chef de l\u2019Etat. \u00ab&nbsp;C\u2019est l\u00e9gitime&nbsp;\u00bb car au Panth\u00e9on ce sont \u00ab&nbsp;les grands hommes qui ont port\u00e9 de grandes id\u00e9es&nbsp;\u00bb, a estim\u00e9 mercredi sur franceinfo le pr\u00e9sident du Conseil Constitutionnel Laurent Fabius, fonction occup\u00e9e par Robert Badinter de 1986 \u00e0 1995.<\/p>\n\n\n\n<p>L\u2019Elys\u00e9e, en concertation avec la famille, a choisi un lieu symbolique et in\u00e9dit pour saluer la m\u00e9moire de Robert Badinter lors d\u2019une c\u00e9r\u00e9monie ouverte au public: la place Vend\u00f4me, devant la chancellerie, o\u00f9 plusieurs milliers de personnes sont venues depuis samedi lui rendre hommage.<\/p>\n\n\n\n<p>C\u2019est l\u00e0 que le ministre de Fran\u00e7ois Mitterrand porta la loi du 9 octobre 1981 abolissant la peine de mort, dans une France alors majoritairement en faveur du ch\u00e2timent supr\u00eame.<\/p>\n\n\n\n<p>\u00ab&nbsp;J\u2019ai l\u2019honneur de demander, au nom du gouvernement de la R\u00e9publique, l\u2019abolition de la peine de mort en France&nbsp;\u00bb: la premi\u00e8re phrase de son discours \u00e0 la tribune de l\u2019Assembl\u00e9e est rest\u00e9e dans l\u2019Histoire, \u00ab&nbsp;un moment immense dans sa vie&nbsp;\u00bb. Il s\u2019investit par la suite pour l\u2019abolition universelle de la peine capitale, un combat qu\u2019Emmanuel Macron dit aujourd\u2019hui vouloir perp\u00e9tuer, en accueillant en 2026 en France le prochain congr\u00e8s mondial de cette cause.<\/p>\n","protected":false},"excerpt":{"rendered":"<p>Emmanuel Macron demande l&rsquo;entr\u00e9e au Panth\u00e9on de l&rsquo;ex-garde des Sceaux.&nbsp;\u00ab\u00a0Alors s&rsquo;ouvre le temps de la reconnaissance de la nation, aussi votre nom devra s&rsquo;inscrire avec ceux qui ont tant fait pour le progr\u00e8s humain et pour la France et vous attendent au Panth\u00e9on\u00a0\u00bb, a d\u00e9clar\u00e9 le chef de l&rsquo;Etat lors de l&rsquo;hommage national. 11h30:&nbsp;Emmanuel Macron [&hellip;]<\/p>\n","protected":false},"author":2,"featured_media":27133,"comment_status":"open","ping_status":"open","sticky":false,"template":"","format":"standard","meta":{"_jetpack_memberships_contains_paid_content":false,"footnotes":"","jetpack_publicize_message":"","jetpack_publicize_feature_enabled":true,"jetpack_social_post_already_shared":true,"jetpack_social_options":{"image_generator_settings":{"template":"highway","default_image_id":0,"font":"","enabled":false},"version":2},"_wpas_customize_per_network":false},"categories":[405],"tags":[],"class_list":["post-27132","post","type-post","status-publish","format-standard","has-post-thumbnail","hentry","category-actu-france-monde"],"jetpack_publicize_connections":[],"jetpack_featured_media_url":"https:\/\/i0.wp.com\/www.iceagetv.com\/radiosite\/wp-content\/uploads\/2024\/02\/Hommage-national-a-Robert-Badinter.jpg?fit=679%2C293&ssl=1","jetpack_sharing_enabled":true,"_links":{"self":[{"href":"https:\/\/www.iceagetv.com\/radiosite\/wp-json\/wp\/v2\/posts\/27132","targetHints":{"allow":["GET"]}}],"collection":[{"href":"https:\/\/www.iceagetv.com\/radiosite\/wp-json\/wp\/v2\/posts"}],"about":[{"href":"https:\/\/www.iceagetv.com\/radiosite\/wp-json\/wp\/v2\/types\/post"}],"author":[{"embeddable":true,"href":"https:\/\/www.iceagetv.com\/radiosite\/wp-json\/wp\/v2\/users\/2"}],"replies":[{"embeddable":true,"href":"https:\/\/www.iceagetv.com\/radiosite\/wp-json\/wp\/v2\/comments?post=27132"}],"version-history":[{"count":1,"href":"https:\/\/www.iceagetv.com\/radiosite\/wp-json\/wp\/v2\/posts\/27132\/revisions"}],"predecessor-version":[{"id":27134,"href":"https:\/\/www.iceagetv.com\/radiosite\/wp-json\/wp\/v2\/posts\/27132\/revisions\/27134"}],"wp:featuredmedia":[{"embeddable":true,"href":"https:\/\/www.iceagetv.com\/radiosite\/wp-json\/wp\/v2\/media\/27133"}],"wp:attachment":[{"href":"https:\/\/www.iceagetv.com\/radiosite\/wp-json\/wp\/v2\/media?parent=27132"}],"wp:term":[{"taxonomy":"category","embeddable":true,"href":"https:\/\/www.iceagetv.com\/radiosite\/wp-json\/wp\/v2\/categories?post=27132"},{"taxonomy":"post_tag","embeddable":true,"href":"https:\/\/www.iceagetv.com\/radiosite\/wp-json\/wp\/v2\/tags?post=27132"}],"curies":[{"name":"wp","href":"https:\/\/api.w.org\/{rel}","templated":true}]}}