{"id":2714,"date":"2015-08-24T16:53:21","date_gmt":"2015-08-24T16:53:21","guid":{"rendered":"http:\/\/www.iceagetv.com\/radiosite\/?p=2714"},"modified":"2015-08-24T16:53:21","modified_gmt":"2015-08-24T16:53:21","slug":"france-televisions-ce-matin-sest-deroulee-la-passation-de-pouvoirs-officielle-entre-remy-pflimlin-et-delphine-ernotte-cunci","status":"publish","type":"post","link":"https:\/\/www.iceagetv.com\/radiosite\/france-televisions-ce-matin-sest-deroulee-la-passation-de-pouvoirs-officielle-entre-remy-pflimlin-et-delphine-ernotte-cunci\/","title":{"rendered":"France T\u00e9l\u00e9visions: Ce matin s\u2019est d\u00e9roul\u00e9e la passation de pouvoirs officielle entre R\u00e9my Pflimlin et Delphine Ernotte Cunci"},"content":{"rendered":"<p>\n\tCe matin s&rsquo;est d&eacute;roul&eacute;e la passation de pouvoirs officielle entre R&eacute;my Pflimlin et Delphine Ernotte Cunci, nouvelle Pr&eacute;sidente-Directrice g&eacute;n&eacute;rale de France T&eacute;l&eacute;visions, depuis le 22 ao&ucirc;t 2015. Devant l&rsquo;ensemble des cadres dirigeants de France T&eacute;l&eacute;visions, Delphine Ernotte Cunci a dit sa fiert&eacute; et son engagement pour le service public audiovisuel.&nbsp;<br \/>\n\tDelphine Ernotte Cunci a d&#39;abord tenu &agrave; remercier R&eacute;my Pflimlin et ses &eacute;quipes pour le travail r&eacute;alis&eacute; durant les cinq derni&egrave;res ann&eacute;es.&nbsp;<br \/>\n\tElle a pr&eacute;sent&eacute; ses quatre priorit&eacute;s :&nbsp;<br \/>\n\t&#8211; Affirmer des chaines avec des identit&eacute;s fortes et cr&eacute;atives. Chaque cha&icirc;ne devra &ecirc;tre consid&eacute;r&eacute;e comme un &eacute;diteur de programmes &agrave; part enti&egrave;re, au service de programmes innovants et audacieux.&nbsp;<br \/>\n\t&#8211; Lancer une chaine d&rsquo;information d&eacute;di&eacute;e &agrave; la compr&eacute;hension du monde. Le succ&egrave;s de l&rsquo;information &agrave; France T&eacute;l&eacute;visions est un atout consid&eacute;rable pour b&acirc;tir la premi&egrave;re r&eacute;daction d&rsquo;Europe avec le projet Info 2015 et lancer une cha&icirc;ne d&rsquo;information continue d&eacute;di&eacute;e au d&eacute;cryptage et &agrave; la compr&eacute;hension.&nbsp;<br \/>\n\t&#8211; Acc&eacute;l&eacute;rer la convergence num&eacute;rique. La transformation num&eacute;rique de l&rsquo;entreprise a d&rsquo;ores et d&eacute;j&agrave; &eacute;t&eacute; engag&eacute;e, il faut aujourd&rsquo;hui r&eacute;ussir la convergence entre la t&eacute;l&eacute;vision lin&eacute;aire traditionnelle et la cr&eacute;ation num&eacute;rique, en embarquant pleinement l&rsquo;&eacute;volution des m&eacute;tiers.&nbsp;<br \/>\n\t&#8211; Conqu&eacute;rir de nouvelles ressources &agrave; l&#39;international et sur tous les &eacute;crans. La cr&eacute;ation d&rsquo;une Direction Commerciale marquera le lancement d&rsquo;une politique commerciale offensive, consacr&eacute;e tant &agrave; la commercialisation des droits qu&rsquo;&agrave; la coproduction internationale.&nbsp;<br \/>\n\tDes Assises de l&rsquo;entreprise seront organis&eacute;es d&rsquo;Octobre &agrave; D&eacute;cembre, afin d&rsquo;associer tous les salari&eacute;s &agrave; un diagnostic partag&eacute; qui pourra &eacute;clairer la strat&eacute;gie de l&#39;entreprise. Le retour &agrave; l&rsquo;&eacute;quilibre financier sera un des objectifs majeurs du Contrat d&rsquo;Objectifs et de Moyens, dont la n&eacute;gociation s&rsquo;engagera avec les tutelles dans les semaines &agrave; venir.&nbsp;<br \/>\n\tDans les semaines qui viennent la pr&eacute;sidente de France T&eacute;l&eacute;visions ira &agrave; la rencontre des salari&eacute;s. Elle leur a affirm&eacute; d&egrave;s ce matin,&nbsp; &quot;son envie et sa d&eacute;termination pour passer &agrave; l&rsquo;action &quot;.\n<\/p>\n<p>\n\tDelphine Ernotte Cunci a nomm&eacute; un comit&eacute; ex&eacute;cutif compos&eacute; de 12 membres :&nbsp;<br \/>\n\t&#8211; Caroline Got&nbsp;, directrice g&eacute;n&eacute;rale d&eacute;l&eacute;gu&eacute;e &agrave; la strat&eacute;gie et aux programmes ;&nbsp;<br \/>\n\t&#8211; Fabrice Lacroix,&nbsp;directeur g&eacute;n&eacute;ral d&eacute;l&eacute;gu&eacute; &agrave; la gestion et aux moyens ;&nbsp;<br \/>\n\t&#8211; Arnaud Lesaunier,&nbsp;directeur g&eacute;n&eacute;ral d&eacute;l&eacute;gu&eacute; aux ressources humaines et &agrave; l&rsquo;organisation ;&nbsp;<br \/>\n\t&#8211; Laetitia Recayte,&nbsp;directrice du d&eacute;veloppement commercial. Elle aura la responsabilit&eacute; de trois filiales du groupe : Multim&eacute;dia France Production (MFP), France T&eacute;l&eacute;visions Distribution et France T&eacute;l&eacute;visions Publicit&eacute; ;&nbsp;<br \/>\n\t&#8211; Christian Vion,&nbsp;secr&eacute;taire g&eacute;n&eacute;ral de France T&eacute;l&eacute;visions ;&nbsp;<br \/>\n\t&#8211; Nilou Soyeux&nbsp;, directrice de la communication, avec la responsabilit&eacute; de la communication externe et de la communication interne, ainsi que de la RSE (responsabilit&eacute; soci&eacute;tale et environnementale) ;&nbsp;<br \/>\n\t&#8211; Pascal Golomer,&nbsp;directeur ex&eacute;cutif en charge de l&#39;information ;&nbsp;<br \/>\n\t&#8211; Vincent Meslet,&nbsp;directeur ex&eacute;cutif de France 2 ;&nbsp;<br \/>\n\t&#8211; Dana Hastier,&nbsp;directrice ex&eacute;cutive de France 3. Elle aura en charge l&#39;antenne nationale et le r&eacute;seau r&eacute;gional de France 3, dont Yannick Letranchant aura la responsabilit&eacute; en tant que directeur d&eacute;l&eacute;gu&eacute; de France 3, charg&eacute; du r&eacute;seau r&eacute;gional ;&nbsp;<br \/>\n\t&#8211; Michel Kops,&nbsp;&nbsp; directeur ex&eacute;cutif en charge de l&#39;outre-mer, avec la responsabilit&eacute; du r&eacute;seau Outre-mer 1&egrave;re et de France &Ocirc;, dont Gilles Camouilly demeure directeur de l&#39;antenne et des programmes ;&nbsp;<br \/>\n\t&#8211; Tiphaine de Raguenel,&nbsp;directrice ex&eacute;cutive de France 4 ;&nbsp;<br \/>\n\t&#8211; Michel Field,&nbsp;&nbsp;directeur ex&eacute;cutif de France 5.&nbsp;<\/p>\n<p>\tSont &eacute;galement nomm&eacute;s :&nbsp;<br \/>\n\t&#8211; Patrice Papet,&nbsp;conseiller aupr&egrave;s de la pr&eacute;sidente, en charge du suivi de la transition jusqu&rsquo;au d&eacute;but de l&rsquo;ann&eacute;e 2016 ;&nbsp;<br \/>\n\t&#8211; Fran&ccedil;ois Guilbeau,&nbsp;charg&eacute; d&#39;achever le travail engag&eacute; sur l&#39;international, en particulier sur la francophonie, jusqu&#39;au d&eacute;but de l&#39;ann&eacute;e 2016 ;&nbsp;<br \/>\n\t&#8211; St&eacute;phane Sitbon-Gomez,&nbsp;directeur de cabinet de la pr&eacute;sidente.&nbsp;<\/p>\n","protected":false},"excerpt":{"rendered":"<p>Ce matin s&rsquo;est d&eacute;roul&eacute;e la passation de pouvoirs officielle entre R&eacute;my Pflimlin et Delphine Ernotte Cunci, nouvelle Pr&eacute;sidente-Directrice g&eacute;n&eacute;rale de France T&eacute;l&eacute;visions, depuis le 22 ao&ucirc;t 2015. Devant l&rsquo;ensemble des cadres dirigeants de France T&eacute;l&eacute;visions, Delphine Ernotte Cunci a dit sa fiert&eacute; et son engagement pour le service public audiovisuel.&nbsp; Delphine Ernotte Cunci a d&#39;abord [&hellip;]<\/p>\n","protected":false},"author":2,"featured_media":2715,"comment_status":"open","ping_status":"open","sticky":false,"template":"","format":"standard","meta":{"_jetpack_memberships_contains_paid_content":false,"footnotes":"","jetpack_publicize_message":"","jetpack_publicize_feature_enabled":true,"jetpack_social_post_already_shared":false,"jetpack_social_options":{"image_generator_settings":{"template":"highway","default_image_id":0,"font":"","enabled":false},"version":2},"_wpas_customize_per_network":false},"categories":[1],"tags":[603],"class_list":["post-2714","post","type-post","status-publish","format-standard","has-post-thumbnail","hentry","category-uncategorized","tag-france-televisions"],"jetpack_publicize_connections":[],"jetpack_featured_media_url":"https:\/\/i0.wp.com\/www.iceagetv.com\/radiosite\/wp-content\/uploads\/2015\/08\/France-T%C3%A9l%C3%A9visions.jpg?fit=628%2C288&ssl=1","jetpack_sharing_enabled":true,"_links":{"self":[{"href":"https:\/\/www.iceagetv.com\/radiosite\/wp-json\/wp\/v2\/posts\/2714","targetHints":{"allow":["GET"]}}],"collection":[{"href":"https:\/\/www.iceagetv.com\/radiosite\/wp-json\/wp\/v2\/posts"}],"about":[{"href":"https:\/\/www.iceagetv.com\/radiosite\/wp-json\/wp\/v2\/types\/post"}],"author":[{"embeddable":true,"href":"https:\/\/www.iceagetv.com\/radiosite\/wp-json\/wp\/v2\/users\/2"}],"replies":[{"embeddable":true,"href":"https:\/\/www.iceagetv.com\/radiosite\/wp-json\/wp\/v2\/comments?post=2714"}],"version-history":[{"count":1,"href":"https:\/\/www.iceagetv.com\/radiosite\/wp-json\/wp\/v2\/posts\/2714\/revisions"}],"predecessor-version":[{"id":2716,"href":"https:\/\/www.iceagetv.com\/radiosite\/wp-json\/wp\/v2\/posts\/2714\/revisions\/2716"}],"wp:featuredmedia":[{"embeddable":true,"href":"https:\/\/www.iceagetv.com\/radiosite\/wp-json\/wp\/v2\/media\/2715"}],"wp:attachment":[{"href":"https:\/\/www.iceagetv.com\/radiosite\/wp-json\/wp\/v2\/media?parent=2714"}],"wp:term":[{"taxonomy":"category","embeddable":true,"href":"https:\/\/www.iceagetv.com\/radiosite\/wp-json\/wp\/v2\/categories?post=2714"},{"taxonomy":"post_tag","embeddable":true,"href":"https:\/\/www.iceagetv.com\/radiosite\/wp-json\/wp\/v2\/tags?post=2714"}],"curies":[{"name":"wp","href":"https:\/\/api.w.org\/{rel}","templated":true}]}}