{"id":27163,"date":"2024-02-16T11:55:57","date_gmt":"2024-02-16T11:55:57","guid":{"rendered":"https:\/\/www.iceagetv.com\/radiosite\/?p=27163"},"modified":"2024-02-16T11:55:57","modified_gmt":"2024-02-16T11:55:57","slug":"alexei-navalny-principal-opposant-au-president-vladimir-poutine-et-condamne-a-une-peine-de-19-ans-de-prison-pour-extremisme-est-mort-en-prison-a-lage-de-47-ans-selon-des-medias-russes","status":"publish","type":"post","link":"https:\/\/www.iceagetv.com\/radiosite\/alexei-navalny-principal-opposant-au-president-vladimir-poutine-et-condamne-a-une-peine-de-19-ans-de-prison-pour-extremisme-est-mort-en-prison-a-lage-de-47-ans-selon-des-medias-russes\/","title":{"rendered":"Alexe\u00ef Navalny, principal opposant au pr\u00e9sident Vladimir Poutine et condamn\u00e9 \u00e0 une peine de 19 ans de prison pour \u00ab\u00a0extr\u00e9misme\u00a0\u00bb, est mort en prison \u00e0 l\u2019\u00e2ge de 47 ans, selon des m\u00e9dias russes"},"content":{"rendered":"\n<p>L\u2019opposant russe et adversaire num\u00e9ro 1 du Kremlin, Alexe\u00ef Navalny, est mort vendredi dans la prison de l\u2019Arctique o\u00f9 il purgeait une peine de 19 ans de prison, ont annonc\u00e9 les services p\u00e9nitentiaires (FSIN).<\/p>\n\n\n\n<p>\u00ab&nbsp;Le 16 f\u00e9vrier 2024, dans le centre p\u00e9nitentiaire N\u00b03, le prisonnier Navalny A.A. s\u2019est senti mal apr\u00e8s une promenade et a presque imm\u00e9diatement perdu connaissance&nbsp;\u00bb, a indiqu\u00e9 le FSIN de la r\u00e9gion arctique de Iamal dans un communiqu\u00e9, assurant que les secours avaient tent\u00e9 de le sauver.<\/p>\n\n\n\n<p>\u00ab&nbsp;Tous les gestes de r\u00e9animation n\u00e9cessaires ont \u00e9t\u00e9 pratiqu\u00e9s mais n\u2019ont pas donn\u00e9 de r\u00e9sultat positif. Les m\u00e9decins urgentistes ont constat\u00e9 la mort du patient. Les causes de la mort sont en train d\u2019\u00eatre \u00e9tablies&nbsp;\u00bb, a-t-il pr\u00e9cis\u00e9, dans ce communiqu\u00e9 lapidaire.<\/p>\n\n\n\n<p>Le militant \u00e2g\u00e9 de 47 ans purgeait une peine de 19 ans de prison pour \u00ab&nbsp;extr\u00e9misme&nbsp;\u00bb dans une colonie p\u00e9nitentiaire recul\u00e9e de l\u2019Arctique, dans des conditions tr\u00e8s difficiles. Ses multiples proc\u00e8s avaient \u00e9t\u00e9 largement d\u00e9nonc\u00e9 comme politiques et une mani\u00e8re de le punir pour son opposition \u00e0 Vladimir Poutine.<\/p>\n\n\n\n<p>Le pr\u00e9sident russe a \u00e9t\u00e9 inform\u00e9 du d\u00e9c\u00e8s, selon son porte-parole Dmitri Peskov. Lors de diverses audiences \u00e0 des proc\u00e8s auxquels il participait par vid\u00e9o ces derniers mois, ce grand blond au regard bleu per\u00e7ant apparaissait amaigri et vieilli. Il avait encha\u00een\u00e9 les probl\u00e8mes de sant\u00e9 li\u00e9 \u00e0 une gr\u00e8ve de la faim et \u00e0 l\u2019empoisonnement dont il avait \u00e9t\u00e9 victime en 2020 et auquel il avait surv\u00e9cu miraculeusement.<\/p>\n","protected":false},"excerpt":{"rendered":"<p>L\u2019opposant russe et adversaire num\u00e9ro 1 du Kremlin, Alexe\u00ef Navalny, est mort vendredi dans la prison de l\u2019Arctique o\u00f9 il purgeait une peine de 19 ans de prison, ont annonc\u00e9 les services p\u00e9nitentiaires (FSIN). \u00ab&nbsp;Le 16 f\u00e9vrier 2024, dans le centre p\u00e9nitentiaire N\u00b03, le prisonnier Navalny A.A. s\u2019est senti mal apr\u00e8s une promenade et a [&hellip;]<\/p>\n","protected":false},"author":2,"featured_media":27164,"comment_status":"open","ping_status":"open","sticky":false,"template":"","format":"standard","meta":{"_jetpack_memberships_contains_paid_content":false,"footnotes":"","jetpack_publicize_message":"","jetpack_publicize_feature_enabled":true,"jetpack_social_post_already_shared":true,"jetpack_social_options":{"image_generator_settings":{"template":"highway","default_image_id":0,"font":"","enabled":false},"version":2},"_wpas_customize_per_network":false},"categories":[405],"tags":[],"class_list":["post-27163","post","type-post","status-publish","format-standard","has-post-thumbnail","hentry","category-actu-france-monde"],"jetpack_publicize_connections":[],"jetpack_featured_media_url":"https:\/\/i0.wp.com\/www.iceagetv.com\/radiosite\/wp-content\/uploads\/2024\/02\/Alexei-Navalny.jpg?fit=679%2C293&ssl=1","jetpack_sharing_enabled":true,"_links":{"self":[{"href":"https:\/\/www.iceagetv.com\/radiosite\/wp-json\/wp\/v2\/posts\/27163","targetHints":{"allow":["GET"]}}],"collection":[{"href":"https:\/\/www.iceagetv.com\/radiosite\/wp-json\/wp\/v2\/posts"}],"about":[{"href":"https:\/\/www.iceagetv.com\/radiosite\/wp-json\/wp\/v2\/types\/post"}],"author":[{"embeddable":true,"href":"https:\/\/www.iceagetv.com\/radiosite\/wp-json\/wp\/v2\/users\/2"}],"replies":[{"embeddable":true,"href":"https:\/\/www.iceagetv.com\/radiosite\/wp-json\/wp\/v2\/comments?post=27163"}],"version-history":[{"count":1,"href":"https:\/\/www.iceagetv.com\/radiosite\/wp-json\/wp\/v2\/posts\/27163\/revisions"}],"predecessor-version":[{"id":27165,"href":"https:\/\/www.iceagetv.com\/radiosite\/wp-json\/wp\/v2\/posts\/27163\/revisions\/27165"}],"wp:featuredmedia":[{"embeddable":true,"href":"https:\/\/www.iceagetv.com\/radiosite\/wp-json\/wp\/v2\/media\/27164"}],"wp:attachment":[{"href":"https:\/\/www.iceagetv.com\/radiosite\/wp-json\/wp\/v2\/media?parent=27163"}],"wp:term":[{"taxonomy":"category","embeddable":true,"href":"https:\/\/www.iceagetv.com\/radiosite\/wp-json\/wp\/v2\/categories?post=27163"},{"taxonomy":"post_tag","embeddable":true,"href":"https:\/\/www.iceagetv.com\/radiosite\/wp-json\/wp\/v2\/tags?post=27163"}],"curies":[{"name":"wp","href":"https:\/\/api.w.org\/{rel}","templated":true}]}}