{"id":27184,"date":"2024-02-19T14:36:35","date_gmt":"2024-02-19T14:36:35","guid":{"rendered":"https:\/\/www.iceagetv.com\/radiosite\/?p=27184"},"modified":"2024-02-19T14:36:35","modified_gmt":"2024-02-19T14:36:35","slug":"jo-de-paris-2024-ratp-tour-eiffel-taxis-et-si-une-greve-bouleversait-totalement-la-fete","status":"publish","type":"post","link":"https:\/\/www.iceagetv.com\/radiosite\/jo-de-paris-2024-ratp-tour-eiffel-taxis-et-si-une-greve-bouleversait-totalement-la-fete\/","title":{"rendered":"JO de Paris 2024\u00a0: RATP, tour Eiffel, taxis\u2026 Et si une gr\u00e8ve bouleversait totalement la f\u00eate\u00a0?"},"content":{"rendered":"\n<p>Amoins de six mois du d\u00e9but des<a href=\"https:\/\/www.20minutes.fr\/sport\/jo_2024\/\">\u00a0Jeux de Paris<\/a>, les tensions sont particuli\u00e8rement fortes. Apr\u00e8s les\u00a0<a href=\"https:\/\/www.20minutes.fr\/societe\/4074331-20240203-manifestation-agriculteurs-blocages-termines-actions-coup-poing\" target=\"_blank\" rel=\"noreferrer noopener\">agriculteurs<\/a>, les contr\u00f4leurs de la SNCF ont d\u00e9bray\u00e9 ce week-end, un\u00a0<a href=\"https:\/\/www.20minutes.fr\/paris\/4073474-20240130-ratp-preavis-greve-court-fevrier-septembre-legal\" target=\"_blank\" rel=\"noreferrer noopener\">pr\u00e9avis de gr\u00e8ve<\/a>\u00a0a \u00e9t\u00e9 d\u00e9pos\u00e9 \u00e0 la RATP jusqu\u2019\u00e0 la fin des Jeux paralympiques, les\u00a0<a href=\"https:\/\/www.20minutes.fr\/societe\/4077003-20240219-greve-taxis-pourquoi-taxis-organisent-barrages-filtrants-plusieurs-villes-lundi\" target=\"_blank\" rel=\"noreferrer noopener\">taxis<\/a>\u00a0organisent des journ\u00e9es de mobilisation et la\u00a0<a href=\"https:\/\/www.20minutes.fr\/paris\/4077020-20240219-paris-pleines-vacances-scolaires-tour-eiffel-greve\" target=\"_blank\" rel=\"noreferrer noopener\">tour Eiffel<\/a>\u00a0est ferm\u00e9e ce lundi. Bref, les acteurs d\u00e9terminants pour faire rayonner les Jeux et Paris profitent de cette ann\u00e9e particuli\u00e8re pour demander des avanc\u00e9es sur le front social.<\/p>\n\n\n\n<p>Si le&nbsp;<em>boss&nbsp;<\/em>de la SNCF tente par tous les moyens de&nbsp;<a href=\"https:\/\/www.20minutes.fr\/societe\/greve\/4075288-20240208-bonus-indemnite-logement-primes-comment-boss-sncf-tente-empecher-greve-pleines-vacances-hiver\" target=\"_blank\" rel=\"noreferrer noopener\">calmer la fronde<\/a>, on craint tout de m\u00eame une envol\u00e9e des luttes au printemps pour profiter de ce rapport de force en faveur des salari\u00e9s. Tiendront-ils r\u00e9ellement jusqu\u2019\u00e0 l\u2019\u00e9t\u00e9&nbsp;? Et qu\u2019est-ce qui pourrait perturber totalement le grand raout des JO de Paris&nbsp;?<\/p>\n\n\n\n<h2 class=\"wp-block-heading\">Une gr\u00e8ve des transports en commun<\/h2>\n\n\n\n<p>C\u2019est sans doute le plus \u00e9vident et le plus visible\u00a0: une gr\u00e8ve dans les transports franciliens, et m\u00eame partout en France, remettrait largement en question le bon d\u00e9roulement des Jeux l\u2019\u00e9t\u00e9 prochain. M\u00eame s\u2019il y a encore des\u00a0<a href=\"https:\/\/www.20minutes.fr\/sport\/jo_2024\/4055915-20231027-jo-paris-2024-deja-angles-morts-plan-transports\" target=\"_blank\" rel=\"noreferrer noopener\">angles morts<\/a>\u00a0dans le plan transports, les m\u00e9tros et RER sont essentiels pour transporter les plus de 15\u00a0millions de touristes attendus dans la capitale pour les seuls\u00a0<a href=\"https:\/\/www.20minutes.fr\/sport\/jo\/\">Jeux olympiques<\/a>\u00a0et paralympiques. Si le pr\u00e9avis de gr\u00e8ve de la RATP \u00e9tait activ\u00e9 du 26\u00a0juillet au 12\u00a0ao\u00fbt, personne n\u2019ose imaginer le boxon engendr\u00e9.<\/p>\n\n\n\n<p>D\u2019ailleurs, interrog\u00e9 dans \u00ab&nbsp;Questions politiques&nbsp;\u00bb sur&nbsp;<a href=\"https:\/\/www.20minutes.fr\/medias\/france_inter\/\">France Inter<\/a>&nbsp;ce week-end, le ministre de l\u2019Agriculture Marc Fesneau, qui s\u2019est pourtant d\u00e9clar\u00e9 \u00ab&nbsp;non sp\u00e9cialiste de la question&nbsp;\u00bb, a remis sur la table la question du service minimum pour limiter l\u2019impact de d\u00e9brayages comme celui des contr\u00f4leurs SNCF. De quoi inspirer&nbsp;<a href=\"https:\/\/www.20minutes.fr\/societe\/4076287-20240214-sncf-trains-annules-revendications-jo-tout-comprendre-greve-incomprehensible-week-end\" target=\"_blank\" rel=\"noreferrer noopener\">Patrice Vergriete<\/a>, tout juste nomm\u00e9 ministre des Transports&nbsp;?<\/p>\n\n\n\n<h2 class=\"wp-block-heading\">Qui des taxis ou des VTC fera le plus de bruit&nbsp;?<\/h2>\n\n\n\n<p>Sur les routes de France ce lundi, on peut aussi croiser du c\u00f4t\u00e9 de Strasbourg, Marseille ou dans l\u2019<a href=\"https:\/\/www.20minutes.fr\/dossier\/ain\">Ain<\/a>, notamment, des barrages filtrants organis\u00e9s par des chauffeurs de taxi, qui protestent contre la modification des r\u00e8gles du transport sanitaire, int\u00e9gr\u00e9e \u00e0 la loi de finance de la&nbsp;<a href=\"https:\/\/www.20minutes.fr\/dossier\/securite_sociale\">S\u00e9curit\u00e9 sociale<\/a>. Ils s\u2019\u00e9taient d\u00e9j\u00e0 mobilis\u00e9s en d\u00e9cembre et en janvier. Et pourraient poursuivre jusqu\u2019\u00e0 l\u2019\u00e9t\u00e9 ces rassemblements ponctuels. S\u2019ils ont bien re\u00e7u l\u2019autorisation d\u2019utiliser les voies olympiques durant la dur\u00e9e des JOP, ce n\u2019est en revanche pas le cas des VTC, qui pourraient aussi r\u00e9clamer leur part dans le plan transports en organisant une mobilisation.<\/p>\n\n\n\n<p>En octobre, une mobilisation des syndicats de chauffeurs VTC et des applications, unis dans une coalition baptis\u00e9e \u00ab&nbsp;Paris Mobilit\u00e9&nbsp;<a href=\"https:\/\/www.20minutes.fr\/dossier\/vtc\">VTC<\/a>&nbsp;\u00bb, avait \u00e9crit au ministre des Transports&nbsp;<a href=\"https:\/\/www.20minutes.fr\/politique\/clement-beaune\/\">Cl\u00e9ment Beaune<\/a>&nbsp;pour demander une entrevue et b\u00e9n\u00e9ficier de l\u2019acc\u00e8s aux voies r\u00e9serv\u00e9es, mais aussi des subventions pour \u00e9quiper les v\u00e9hicules et transporter les personnes \u00e0 mobilit\u00e9 r\u00e9duite. Rest\u00e9e lettre morte, ils attendent des solutions de la part de leur nouveau ministre et pr\u00e9voient une gr\u00e8ve samedi prochain.<\/p>\n\n\n\n<h2 class=\"wp-block-heading\">Apr\u00e8s la tour Eiffel, quel monument susceptible de fermer&nbsp;?<\/h2>\n\n\n\n<p>Ce lundi, c\u2019est le monument embl\u00e9matique de Paris qui a ferm\u00e9 ses portes. Une partie du personnel de la tour Eiffel est en gr\u00e8ve pour protester contre la gestion de la Mairie de Paris, propri\u00e9taire quasi exclusif de la Sete, la soci\u00e9t\u00e9 d\u2019exploitation du monument parisien. En cause\u00a0: les moyens octroy\u00e9s \u00e0 l\u2019entretien de la Dame de Fer et une hausse de la redevance que les comptes ne seraient pas capables de supporter.<\/p>\n\n\n\n<p>D\u00e9j\u00e0 ferm\u00e9e fin d\u00e9cembre, la tour Eiffel pourrait-elle aussi l\u2019\u00eatre \u00e0 l\u2019\u00e9t\u00e9 alors qu\u2019un stade \u00e0 ciel ouvert doit \u00eatre mont\u00e9 \u00e0 ses pieds, sur le Champ de Mars, pour la comp\u00e9tition de beach-volley et le c\u00e9cifoot&nbsp;? Et dans son sillage, Notre-Dame-de-Paris, le&nbsp;<a href=\"https:\/\/www.20minutes.fr\/dossier\/musee_du_louvre\">mus\u00e9e du Louvre<\/a>&nbsp;ou le ch\u00e2teau de Versailles&nbsp;? Pas du meilleur augure pour le comit\u00e9 d\u2019organisation des JO, qui a pens\u00e9 l\u2019\u00e9v\u00e9nement comme un terrain de jeu en pleine Ville lumi\u00e8re, ni pour la fr\u00e9quentation touristique de la capitale, qui a retrouv\u00e9 \u00e0 l\u2019\u00e9t\u00e9&nbsp;2023 son niveau d\u2019avant Covid.<\/p>\n\n\n\n<h2 class=\"wp-block-heading\">Les forces de s\u00e9curit\u00e9 satisfaites des annonces du Premier ministre&nbsp;?<\/h2>\n\n\n\n<p>Avec de tr\u00e8s fortes interrogations sur la s\u00fbret\u00e9 et la s\u00e9curit\u00e9 des Jeux, police et gendarmerie seront en premi\u00e8re ligne. Et la menace d\u2019une gr\u00e8ve planait fortement sur l\u2019\u00e9t\u00e9 olympique. Mais a priori, G\u00e9rald Darmanin a calm\u00e9 cette partie de la fronde en accordant jusqu\u2019\u00e0 1.900 euros de prime pour les agents mobilis\u00e9s. M\u00eame si les effectifs de la s\u00e9curit\u00e9 priv\u00e9e risquent d\u2019\u00eatre trop peu nombreux par rapport aux pr\u00e9visions, le ministre de l\u2019Int\u00e9rieur s\u2019est assur\u00e9 que les forces de l\u2019ordre ne fassent pas d\u00e9fection au pire moment.<\/p>\n\n\n\n<p>Restent encore de nombreux \u00ab&nbsp;premiers de cord\u00e9e&nbsp;\u00bb qui pourraient faire valoir leurs droits d\u2019ici \u00e0 l\u2019\u00e9t\u00e9&nbsp;: soignants, livreurs de repas, chauffeurs d\u2019autocars, routiers,&nbsp;etc. La liste est longue et risque de donner des sueurs froides au Cojop et au gouvernement. Surtout si l\u2019opposition,&nbsp;<a href=\"https:\/\/www.20minutes.fr\/politique\/4076710-20240216-jo-2024-democratie-sociale-mathilde-panot-encourage-faire-greve\" target=\"_blank\" rel=\"noreferrer noopener\">Mathilde Panot&nbsp;<\/a>en t\u00eate, pousse \u00e0 \u00ab&nbsp;utiliser le rapport de force au maximum&nbsp;\u00bb.<\/p>\n","protected":false},"excerpt":{"rendered":"<p>Amoins de six mois du d\u00e9but des\u00a0Jeux de Paris, les tensions sont particuli\u00e8rement fortes. Apr\u00e8s les\u00a0agriculteurs, les contr\u00f4leurs de la SNCF ont d\u00e9bray\u00e9 ce week-end, un\u00a0pr\u00e9avis de gr\u00e8ve\u00a0a \u00e9t\u00e9 d\u00e9pos\u00e9 \u00e0 la RATP jusqu\u2019\u00e0 la fin des Jeux paralympiques, les\u00a0taxis\u00a0organisent des journ\u00e9es de mobilisation et la\u00a0tour Eiffel\u00a0est ferm\u00e9e ce lundi. Bref, les acteurs d\u00e9terminants pour [&hellip;]<\/p>\n","protected":false},"author":2,"featured_media":27185,"comment_status":"open","ping_status":"open","sticky":false,"template":"","format":"standard","meta":{"_jetpack_memberships_contains_paid_content":false,"footnotes":"","jetpack_publicize_message":"","jetpack_publicize_feature_enabled":true,"jetpack_social_post_already_shared":true,"jetpack_social_options":{"image_generator_settings":{"template":"highway","default_image_id":0,"font":"","enabled":false},"version":2},"_wpas_customize_per_network":false},"categories":[405],"tags":[],"class_list":["post-27184","post","type-post","status-publish","format-standard","has-post-thumbnail","hentry","category-actu-france-monde"],"jetpack_publicize_connections":[],"jetpack_featured_media_url":"https:\/\/i0.wp.com\/www.iceagetv.com\/radiosite\/wp-content\/uploads\/2024\/02\/JO-de-Paris-2024.jpg?fit=680%2C383&ssl=1","jetpack_sharing_enabled":true,"_links":{"self":[{"href":"https:\/\/www.iceagetv.com\/radiosite\/wp-json\/wp\/v2\/posts\/27184","targetHints":{"allow":["GET"]}}],"collection":[{"href":"https:\/\/www.iceagetv.com\/radiosite\/wp-json\/wp\/v2\/posts"}],"about":[{"href":"https:\/\/www.iceagetv.com\/radiosite\/wp-json\/wp\/v2\/types\/post"}],"author":[{"embeddable":true,"href":"https:\/\/www.iceagetv.com\/radiosite\/wp-json\/wp\/v2\/users\/2"}],"replies":[{"embeddable":true,"href":"https:\/\/www.iceagetv.com\/radiosite\/wp-json\/wp\/v2\/comments?post=27184"}],"version-history":[{"count":1,"href":"https:\/\/www.iceagetv.com\/radiosite\/wp-json\/wp\/v2\/posts\/27184\/revisions"}],"predecessor-version":[{"id":27186,"href":"https:\/\/www.iceagetv.com\/radiosite\/wp-json\/wp\/v2\/posts\/27184\/revisions\/27186"}],"wp:featuredmedia":[{"embeddable":true,"href":"https:\/\/www.iceagetv.com\/radiosite\/wp-json\/wp\/v2\/media\/27185"}],"wp:attachment":[{"href":"https:\/\/www.iceagetv.com\/radiosite\/wp-json\/wp\/v2\/media?parent=27184"}],"wp:term":[{"taxonomy":"category","embeddable":true,"href":"https:\/\/www.iceagetv.com\/radiosite\/wp-json\/wp\/v2\/categories?post=27184"},{"taxonomy":"post_tag","embeddable":true,"href":"https:\/\/www.iceagetv.com\/radiosite\/wp-json\/wp\/v2\/tags?post=27184"}],"curies":[{"name":"wp","href":"https:\/\/api.w.org\/{rel}","templated":true}]}}