{"id":27199,"date":"2024-02-21T18:24:17","date_gmt":"2024-02-21T18:24:17","guid":{"rendered":"https:\/\/www.iceagetv.com\/radiosite\/?p=27199"},"modified":"2024-02-21T18:24:17","modified_gmt":"2024-02-21T18:24:17","slug":"prix-de-lelectricite-le-gouvernement-remet-deja-en-cause-son-accord-avec-edf","status":"publish","type":"post","link":"https:\/\/www.iceagetv.com\/radiosite\/prix-de-lelectricite-le-gouvernement-remet-deja-en-cause-son-accord-avec-edf\/","title":{"rendered":"Prix de l\u2019\u00e9lectricit\u00e9\u00a0: le gouvernement remet d\u00e9j\u00e0 en cause son accord avec EDF"},"content":{"rendered":"\n<p><strong>Trois mois apr\u00e8s l\u2019annonce d\u2019un accord entre EDF et l\u2019Etat sur les prix de l\u2019\u00e9lectricit\u00e9 apr\u00e8s 2025, Bercy remet d\u00e9j\u00e0 en question la pertinence du mod\u00e8le retenu. Avec la baisse impressionnante des cours de l\u2019\u00e9nergie observ\u00e9e ces derni\u00e8res semaines, celui-ci pourrait en effet ne pas fonctionner. Au point que le gouvernement n\u2019\u00e9carte pas la possibilit\u00e9 de privil\u00e9gier un syst\u00e8me de r\u00e9gulation plus pouss\u00e9e des tarifs, une option jusqu\u2019ici refus\u00e9e par EDF.<\/strong><\/p>\n\n\n\n<p>Il \u00e9tait cens\u00e9 \u00ab&nbsp;<em>faire entrer EDF dans le 21\u00e8me si\u00e8cle&nbsp;<\/em>\u00bb, selon le ministre de l&rsquo;Economie, Bruno Le Maire&nbsp;; trois mois plus tard, il vacille d\u00e9j\u00e0. Annonc\u00e9 en grande pompe \u00e0 Bercy en novembre dernier, l&rsquo;accord entre EDF et l&rsquo;Etat sur les prix de l&rsquo;\u00e9lectricit\u00e9 en France apr\u00e8s 2025 ne sera peut-\u00eatre bient\u00f4t plus d&rsquo;actualit\u00e9. Alors m\u00eame qu&rsquo;il&nbsp;devait poser&nbsp;\u00ab&nbsp;<em>les bases de la nouvelle r\u00e9gulation de l&rsquo;\u00e9lectricit\u00e9 nucl\u00e9aire<\/em>&nbsp;\u00bb afin de contenir les factures des consommateurs tout en permettant \u00e0 l&rsquo;\u00e9nerg\u00e9ticien de s&rsquo;y retrouver financi\u00e8rement, l&rsquo;ex\u00e9cutif explore d\u00e9j\u00e0 d&rsquo;autres options.<\/p>\n\n\n\n<blockquote class=\"wp-block-quote is-layout-flow wp-block-quote-is-layout-flow\">\n<p><em>\u00ab&nbsp;Il y a d&rsquo;autres dispositifs possibles qu&rsquo;on a obtenus en Europe [avec la r\u00e9forme du march\u00e9 de l&rsquo;\u00e9lectricit\u00e9, ndlr]. On n&rsquo;\u00e9carte pas l&rsquo;id\u00e9e de s&rsquo;en servir&nbsp;\u00bb, a ainsi fait savoir mercredi le nouveau ministre d\u00e9l\u00e9gu\u00e9 \u00e0 l&rsquo;\u00c9nergie et \u00e0 l&rsquo;Industrie, Roland Lescure, \u00e0 l&rsquo;occasion d&rsquo;une rencontre avec quelques journalistes.<\/em><\/p>\n<\/blockquote>\n\n\n\n<p>Ce qui expliquerait d&rsquo;ailleurs pourquoi&nbsp;<a href=\"https:\/\/www.latribune.fr\/climat\/energie-environnement\/souverainete-energetique-bercy-souhaite-vider-encore-plus-son-projet-de-loi-989385.html\">le gouvernement compte retirer le chapitre sur la r\u00e9gulation des prix de son projet de loi sur la \u00ab&nbsp;souverainet\u00e9 \u00e9nerg\u00e9tique&nbsp;\u00bb<\/a>&nbsp;malgr\u00e9 l&rsquo;impatience des industriels, d\u00e9sireux de conna\u00eetre d\u00e8s aujourd&rsquo;hui les futurs tarifs de l&rsquo;\u00e9lectricit\u00e9. En effet, selon une source proche du dossier,&nbsp;Bercy temporise par crainte que le syst\u00e8me n\u00e9goci\u00e9 avec EDF ne soit finalement pas adapt\u00e9 et n\u00e9cessite des ajustements.<\/p>\n","protected":false},"excerpt":{"rendered":"<p>Trois mois apr\u00e8s l\u2019annonce d\u2019un accord entre EDF et l\u2019Etat sur les prix de l\u2019\u00e9lectricit\u00e9 apr\u00e8s 2025, Bercy remet d\u00e9j\u00e0 en question la pertinence du mod\u00e8le retenu. Avec la baisse impressionnante des cours de l\u2019\u00e9nergie observ\u00e9e ces derni\u00e8res semaines, celui-ci pourrait en effet ne pas fonctionner. Au point que le gouvernement n\u2019\u00e9carte pas la possibilit\u00e9 [&hellip;]<\/p>\n","protected":false},"author":2,"featured_media":27200,"comment_status":"open","ping_status":"open","sticky":false,"template":"","format":"standard","meta":{"_jetpack_memberships_contains_paid_content":false,"footnotes":"","jetpack_publicize_message":"","jetpack_publicize_feature_enabled":true,"jetpack_social_post_already_shared":true,"jetpack_social_options":{"image_generator_settings":{"template":"highway","default_image_id":0,"font":"","enabled":false},"version":2},"_wpas_customize_per_network":false},"categories":[405],"tags":[],"class_list":["post-27199","post","type-post","status-publish","format-standard","has-post-thumbnail","hentry","category-actu-france-monde"],"jetpack_publicize_connections":[],"jetpack_featured_media_url":"https:\/\/i0.wp.com\/www.iceagetv.com\/radiosite\/wp-content\/uploads\/2024\/02\/Screenshot_20240221_192319.jpg?fit=990%2C462&ssl=1","jetpack_sharing_enabled":true,"_links":{"self":[{"href":"https:\/\/www.iceagetv.com\/radiosite\/wp-json\/wp\/v2\/posts\/27199","targetHints":{"allow":["GET"]}}],"collection":[{"href":"https:\/\/www.iceagetv.com\/radiosite\/wp-json\/wp\/v2\/posts"}],"about":[{"href":"https:\/\/www.iceagetv.com\/radiosite\/wp-json\/wp\/v2\/types\/post"}],"author":[{"embeddable":true,"href":"https:\/\/www.iceagetv.com\/radiosite\/wp-json\/wp\/v2\/users\/2"}],"replies":[{"embeddable":true,"href":"https:\/\/www.iceagetv.com\/radiosite\/wp-json\/wp\/v2\/comments?post=27199"}],"version-history":[{"count":1,"href":"https:\/\/www.iceagetv.com\/radiosite\/wp-json\/wp\/v2\/posts\/27199\/revisions"}],"predecessor-version":[{"id":27201,"href":"https:\/\/www.iceagetv.com\/radiosite\/wp-json\/wp\/v2\/posts\/27199\/revisions\/27201"}],"wp:featuredmedia":[{"embeddable":true,"href":"https:\/\/www.iceagetv.com\/radiosite\/wp-json\/wp\/v2\/media\/27200"}],"wp:attachment":[{"href":"https:\/\/www.iceagetv.com\/radiosite\/wp-json\/wp\/v2\/media?parent=27199"}],"wp:term":[{"taxonomy":"category","embeddable":true,"href":"https:\/\/www.iceagetv.com\/radiosite\/wp-json\/wp\/v2\/categories?post=27199"},{"taxonomy":"post_tag","embeddable":true,"href":"https:\/\/www.iceagetv.com\/radiosite\/wp-json\/wp\/v2\/tags?post=27199"}],"curies":[{"name":"wp","href":"https:\/\/api.w.org\/{rel}","templated":true}]}}