{"id":27207,"date":"2024-02-22T06:11:44","date_gmt":"2024-02-22T06:11:44","guid":{"rendered":"https:\/\/www.iceagetv.com\/radiosite\/?p=27207"},"modified":"2024-02-22T06:11:44","modified_gmt":"2024-02-22T06:11:44","slug":"mayenne-les-agriculteurs-qui-avaient-envahi-le-siege-social-du-groupe-lactalis-a-laval-ont-ete-evacues-dans-la-nuit-par-les-crs-alors-quils-souhaitaient-la-nuit-sur-place","status":"publish","type":"post","link":"https:\/\/www.iceagetv.com\/radiosite\/mayenne-les-agriculteurs-qui-avaient-envahi-le-siege-social-du-groupe-lactalis-a-laval-ont-ete-evacues-dans-la-nuit-par-les-crs-alors-quils-souhaitaient-la-nuit-sur-place\/","title":{"rendered":"Mayenne : Les agriculteurs qui avaient envahi le si\u00e8ge social du groupe Lactalis \u00e0 Laval ont \u00e9t\u00e9 \u00e9vacu\u00e9s dans la nuit par les CRS alors qu&rsquo;ils souhaitaient la nuit sur place"},"content":{"rendered":"\n<p>Ils voulaient passer la nuit dans au si\u00e8ge de cette soci\u00e9t\u00e9 qui joue un r\u00f4le \u00e0 la fois actif et symbolique dans la production de lait, mais il sont \u00e9t\u00e9 d\u00e9log\u00e9s en pleine nuit par les CRS. Les 200 manifestants qui avaient envahi le si\u00e8ge social du groupe Lactalis \u00e0 Laval en Mayenne ont en effet \u00e9t\u00e9 \u00e9vacu\u00e9s un peu apr\u00e8s 21h.<\/p>\n\n\n\n<p>Dans un post publi\u00e9 sur X (ex-Twitter), la Conf\u00e9d\u00e9ration paysanne demande notamment la \u00ab\u00a0revalorisation du prix du lait maintenant !\u00a0\u00bb &#8211; de 42 \u00e0 50 centimes d&rsquo;euros le litre &#8211; ainsi qu&rsquo;une loi sur le revenu paysan en urgence. Selon le syndicat, Lactalis &#8211; premier Groupe laitier mondial &#8211; est le \u00ab\u00a0num\u00e9ro un des pr\u00e9dateurs de la valeur des \u00e9leveurs et des \u00e9leveuses de lait\u00a0\u00bb. Dans un autre message, post\u00e9 sur les r\u00e9seaux sociaux, la Conf\u00e9d\u00e9ration paysanne assure que des \u00ab\u00a0tracteurs assi\u00e8gent le si\u00e8ge social de Lactalis\u00a0\u00bb.<\/p>\n\n\n\n<p>\u00ab\u00a0L&rsquo;occupation est lanc\u00e9e. On attend les r\u00e9ponses du trio d&rsquo;actionnaires Besnier. On veut un rdv pour une r\u00e9vision imm\u00e9diate des contrats laitiers revenu paysan\u00a0\u00bb, peut-on lire sur X.&nbsp;\u00ab\u00a0C&rsquo;est une grande premi\u00e8re. On est au c\u0153ur du si\u00e8ge social de Lactalis [&#8230;] qui pour nous symbolise vraiment les pr\u00e9dateurs du travail des paysans, en l&rsquo;occurrence des \u00e9leveurs laitiers, et depuis tr\u00e8s longtemps. Notre revendication ici, aujourd&rsquo;hui \u00e0 Lactalis, c&rsquo;est de rendre visible ce sujet\u00a0\u00bb.<\/p>\n","protected":false},"excerpt":{"rendered":"<p>Ils voulaient passer la nuit dans au si\u00e8ge de cette soci\u00e9t\u00e9 qui joue un r\u00f4le \u00e0 la fois actif et symbolique dans la production de lait, mais il sont \u00e9t\u00e9 d\u00e9log\u00e9s en pleine nuit par les CRS. Les 200 manifestants qui avaient envahi le si\u00e8ge social du groupe Lactalis \u00e0 Laval en Mayenne ont en [&hellip;]<\/p>\n","protected":false},"author":2,"featured_media":27208,"comment_status":"open","ping_status":"open","sticky":false,"template":"","format":"standard","meta":{"_jetpack_memberships_contains_paid_content":false,"footnotes":"","jetpack_publicize_message":"","jetpack_publicize_feature_enabled":true,"jetpack_social_post_already_shared":true,"jetpack_social_options":{"image_generator_settings":{"template":"highway","default_image_id":0,"font":"","enabled":false},"version":2},"_wpas_customize_per_network":false},"categories":[405],"tags":[],"class_list":["post-27207","post","type-post","status-publish","format-standard","has-post-thumbnail","hentry","category-actu-france-monde"],"jetpack_publicize_connections":[],"jetpack_featured_media_url":"https:\/\/i0.wp.com\/www.iceagetv.com\/radiosite\/wp-content\/uploads\/2024\/02\/lactalis_d.jpg?fit=680%2C294&ssl=1","jetpack_sharing_enabled":true,"_links":{"self":[{"href":"https:\/\/www.iceagetv.com\/radiosite\/wp-json\/wp\/v2\/posts\/27207","targetHints":{"allow":["GET"]}}],"collection":[{"href":"https:\/\/www.iceagetv.com\/radiosite\/wp-json\/wp\/v2\/posts"}],"about":[{"href":"https:\/\/www.iceagetv.com\/radiosite\/wp-json\/wp\/v2\/types\/post"}],"author":[{"embeddable":true,"href":"https:\/\/www.iceagetv.com\/radiosite\/wp-json\/wp\/v2\/users\/2"}],"replies":[{"embeddable":true,"href":"https:\/\/www.iceagetv.com\/radiosite\/wp-json\/wp\/v2\/comments?post=27207"}],"version-history":[{"count":1,"href":"https:\/\/www.iceagetv.com\/radiosite\/wp-json\/wp\/v2\/posts\/27207\/revisions"}],"predecessor-version":[{"id":27209,"href":"https:\/\/www.iceagetv.com\/radiosite\/wp-json\/wp\/v2\/posts\/27207\/revisions\/27209"}],"wp:featuredmedia":[{"embeddable":true,"href":"https:\/\/www.iceagetv.com\/radiosite\/wp-json\/wp\/v2\/media\/27208"}],"wp:attachment":[{"href":"https:\/\/www.iceagetv.com\/radiosite\/wp-json\/wp\/v2\/media?parent=27207"}],"wp:term":[{"taxonomy":"category","embeddable":true,"href":"https:\/\/www.iceagetv.com\/radiosite\/wp-json\/wp\/v2\/categories?post=27207"},{"taxonomy":"post_tag","embeddable":true,"href":"https:\/\/www.iceagetv.com\/radiosite\/wp-json\/wp\/v2\/tags?post=27207"}],"curies":[{"name":"wp","href":"https:\/\/api.w.org\/{rel}","templated":true}]}}