{"id":27210,"date":"2024-02-22T10:01:34","date_gmt":"2024-02-22T10:01:34","guid":{"rendered":"https:\/\/www.iceagetv.com\/radiosite\/?p=27210"},"modified":"2024-02-22T10:01:34","modified_gmt":"2024-02-22T10:01:34","slug":"dani-alves-ancienne-star-bresilienne-du-barca-et-du-psg-condamne-a-quatre-ans-et-demi-de-prison-pour-le-viol-en-2022-dune-jeune-femme-dans-une-discotheque-de-barcelone","status":"publish","type":"post","link":"https:\/\/www.iceagetv.com\/radiosite\/dani-alves-ancienne-star-bresilienne-du-barca-et-du-psg-condamne-a-quatre-ans-et-demi-de-prison-pour-le-viol-en-2022-dune-jeune-femme-dans-une-discotheque-de-barcelone\/","title":{"rendered":"Dani Alves, ancienne star br\u00e9silienne du Bar\u00e7a et du PSG, condamn\u00e9 \u00e0 quatre ans et demi de prison pour le viol en 2022 d&rsquo;une jeune femme dans une discoth\u00e8que de Barcelone"},"content":{"rendered":"\n<p>Le Br\u00e9silien Dani Alves, ancienne star du Bar\u00e7a et du PSG, a \u00e9t\u00e9 condamn\u00e9 jeudi par un tribunal de Barcelone \u00e0 quatre ans et demi de prison pour le viol d\u2019une jeune femme dans une discoth\u00e8que de la ville en d\u00e9cembre 2022. \u00ab&nbsp;La victime n\u2019\u00e9tait pas consentante et il existe des \u00e9l\u00e9ments de preuve qui, au-del\u00e0 du t\u00e9moignage de la plaignante, permettent de consid\u00e9rer le viol comme prouv\u00e9&nbsp;\u00bb, a \u00e9crit le tribunal dans sa d\u00e9cision.<\/p>\n\n\n\n<p>Cette peine est largement inf\u00e9rieure \u00e0 celle de neuf ans de prison requise par le parquet \u00e0 l\u2019encontre du footballeur. Alves, qui est en d\u00e9tention provisoire depuis plus d\u2019un an et pourra faire appel de ce verdict, a \u00e9galement \u00e9t\u00e9 condamn\u00e9 \u00e0 verser 150.000 euros \u00e0 la victime, \u00e0 5 ans de libert\u00e9 surveill\u00e9e une fois sa peine purg\u00e9e et \u00e0 se tenir \u00e9loign\u00e9 de la victime pendant neuf ans et demi.<\/p>\n\n\n\n<p>\u00ab&nbsp;Le tribunal consid\u00e8re comme prouv\u00e9 le fait que l\u2019accus\u00e9 a brusquement saisi la plaignante, l\u2019a jet\u00e9e au sol et l\u2019a p\u00e9n\u00e9tr\u00e9e vaginalement, en \u00e9vitant qu\u2019elle ne bouge, alors que la plaignante disait non et qu\u2019elle voulait s\u2019en aller&nbsp;\u00bb, a ajout\u00e9 le tribunal, qui avait convoqu\u00e9 le footballeur \u00e0 10H00 (09H00 GMT) pour l\u2019informer du verdict.<\/p>\n\n\n\n<p>Alves, 40 ans, avait \u00e9t\u00e9 jug\u00e9 il y a deux semaines pour avoir viol\u00e9 cette jeune femme dans les toilettes d\u2019un carr\u00e9 VIP de la discoth\u00e8que Sutton de Barcelone, dans la nuit du 30 au 31 d\u00e9cembre 2022.<\/p>\n\n\n\n<p>Selon l\u2019acte d\u2019accusation, le Br\u00e9silien, qui \u00e9tait alors \u00e0 Barcelone apr\u00e8s avoir jou\u00e9 le Mondial au Qatar, se trouvait dans cette discoth\u00e8que avec un ami. Apr\u00e8s avoir offert du champagne \u00e0 la plaignante, \u00e0 sa cousine et \u00e0 une amie, il l\u2019aurait invit\u00e9e \u00e0 l\u2019accompagner dans une pi\u00e8ce attenante comportant des toilettes.<\/p>\n","protected":false},"excerpt":{"rendered":"<p>Le Br\u00e9silien Dani Alves, ancienne star du Bar\u00e7a et du PSG, a \u00e9t\u00e9 condamn\u00e9 jeudi par un tribunal de Barcelone \u00e0 quatre ans et demi de prison pour le viol d\u2019une jeune femme dans une discoth\u00e8que de la ville en d\u00e9cembre 2022. \u00ab&nbsp;La victime n\u2019\u00e9tait pas consentante et il existe des \u00e9l\u00e9ments de preuve qui, [&hellip;]<\/p>\n","protected":false},"author":2,"featured_media":27211,"comment_status":"open","ping_status":"open","sticky":false,"template":"","format":"standard","meta":{"_jetpack_memberships_contains_paid_content":false,"footnotes":"","jetpack_publicize_message":"","jetpack_publicize_feature_enabled":true,"jetpack_social_post_already_shared":true,"jetpack_social_options":{"image_generator_settings":{"template":"highway","default_image_id":0,"font":"","enabled":false},"version":2},"_wpas_customize_per_network":false},"categories":[18],"tags":[],"class_list":["post-27210","post","type-post","status-publish","format-standard","has-post-thumbnail","hentry","category-actu-sport"],"jetpack_publicize_connections":[],"jetpack_featured_media_url":"https:\/\/i0.wp.com\/www.iceagetv.com\/radiosite\/wp-content\/uploads\/2024\/02\/Dani-Alves-ancienne-star-bresilienne-du-Barca.jpg?fit=679%2C293&ssl=1","jetpack_sharing_enabled":true,"_links":{"self":[{"href":"https:\/\/www.iceagetv.com\/radiosite\/wp-json\/wp\/v2\/posts\/27210","targetHints":{"allow":["GET"]}}],"collection":[{"href":"https:\/\/www.iceagetv.com\/radiosite\/wp-json\/wp\/v2\/posts"}],"about":[{"href":"https:\/\/www.iceagetv.com\/radiosite\/wp-json\/wp\/v2\/types\/post"}],"author":[{"embeddable":true,"href":"https:\/\/www.iceagetv.com\/radiosite\/wp-json\/wp\/v2\/users\/2"}],"replies":[{"embeddable":true,"href":"https:\/\/www.iceagetv.com\/radiosite\/wp-json\/wp\/v2\/comments?post=27210"}],"version-history":[{"count":1,"href":"https:\/\/www.iceagetv.com\/radiosite\/wp-json\/wp\/v2\/posts\/27210\/revisions"}],"predecessor-version":[{"id":27212,"href":"https:\/\/www.iceagetv.com\/radiosite\/wp-json\/wp\/v2\/posts\/27210\/revisions\/27212"}],"wp:featuredmedia":[{"embeddable":true,"href":"https:\/\/www.iceagetv.com\/radiosite\/wp-json\/wp\/v2\/media\/27211"}],"wp:attachment":[{"href":"https:\/\/www.iceagetv.com\/radiosite\/wp-json\/wp\/v2\/media?parent=27210"}],"wp:term":[{"taxonomy":"category","embeddable":true,"href":"https:\/\/www.iceagetv.com\/radiosite\/wp-json\/wp\/v2\/categories?post=27210"},{"taxonomy":"post_tag","embeddable":true,"href":"https:\/\/www.iceagetv.com\/radiosite\/wp-json\/wp\/v2\/tags?post=27210"}],"curies":[{"name":"wp","href":"https:\/\/api.w.org\/{rel}","templated":true}]}}