{"id":27213,"date":"2024-02-22T12:01:40","date_gmt":"2024-02-22T12:01:40","guid":{"rendered":"https:\/\/www.iceagetv.com\/radiosite\/?p=27213"},"modified":"2024-02-22T12:01:40","modified_gmt":"2024-02-22T12:01:40","slug":"salon-de-lagriculture-emmanuel-macron-tiendra-un-grand-debat-avec-des-agriculteurs","status":"publish","type":"post","link":"https:\/\/www.iceagetv.com\/radiosite\/salon-de-lagriculture-emmanuel-macron-tiendra-un-grand-debat-avec-des-agriculteurs\/","title":{"rendered":"SALON DE L&rsquo;AGRICULTURE: EMMANUEL MACRON TIENDRA UN GRAND D\u00c9BAT AVEC DES AGRICULTEURS"},"content":{"rendered":"\n<p>La 60e \u00e9dition du Salon de l&rsquo;agriculture s&rsquo;ouvre ce samedi 24 f\u00e9vrier \u00e0 Paris, dans un contexte marqu\u00e9 par un mouvement de col\u00e8re des agriculteurs depuis plusieurs semaines.<\/p>\n\n\n\n<p>Emmanuel Macron tiendra un grand d\u00e9bat avec agriculteurs lors&nbsp;<a href=\"https:\/\/www.bfmtv.com\/paris\/code-de-conduite-prevention-le-salon-de-l-agriculture-veut-eviter-les-debordements-lies-a-l-alcool_AN-202402200307.html\">du Salon de l&rsquo;agriculture<\/a>&nbsp;qui d\u00e9marre \u00e0 Paris ce samedi 24 f\u00e9vrier.<\/p>\n\n\n\n<p>Selon Damien Greffin, vice-pr\u00e9sident de la FNSEA, il s&rsquo;agira d&rsquo;un \u00ab\u00a0\u00e9change avec un grand nombre d&rsquo;agriculteurs, comme Emmanuel Macron l&rsquo;avait fait dans le cadre des gilets jaunes\u00a0\u00bb.<\/p>\n\n\n\n<blockquote class=\"wp-block-quote is-layout-flow wp-block-quote-is-layout-flow\">\n<p>Il faudra qu&rsquo;il soit bon pour faire redescendre la pression\u00a0\u00bb, a-t-il ajout\u00e9 sur BFMTV.<\/p>\n<\/blockquote>\n\n\n\n<h2 class=\"wp-block-heading\">La pression maintenue<\/h2>\n\n\n\n<p>L&rsquo;\u00e9dition 2024 se d\u00e9roule du samedi 24 f\u00e9vrier au dimanche 3 mars, dans un contexte marqu\u00e9 par&nbsp;<a href=\"https:\/\/www.bfmtv.com\/lyon\/une-trentaine-d-agriculteurs-bloquent-une-plateforme-logistique-leclerc-pres-de-lyon_AV-202402220215.html\">une forte mobilisation des agriculteurs<\/a>. Les semaines pr\u00e9c\u00e9dentes ont \u00e9t\u00e9 marqu\u00e9es par des blocages d&rsquo;autoroutes, des d\u00e9versements de fumier ou des actions contre des marchandises venues&nbsp;<a href=\"https:\/\/www.bfmtv.com\/international\/europe\/espagne\/une-cible-facile-les-agriculteurs-espagnols-denoncent-les-critiques-francaises-sur-leurs-produits_AV-202402020641.html\">de l&rsquo;\u00e9tranger<\/a>.<\/p>\n\n\n\n<p>L&rsquo;alliance syndicale majoritaire FNSEA-Jeunes agriculteurs (JA) n&rsquo;a pas rel\u00e2ch\u00e9 la pression sur l&rsquo;ex\u00e9cutif depuis qu&rsquo;elle a appel\u00e9 le 1er f\u00e9vrier \u00e0 lever les blocages, \u00e0 la suite d&rsquo;annonces gouvernementales allant du versement d&rsquo;aides d&rsquo;urgence \u00e0 des d\u00e9crets de simplification en passant par une \u00ab\u00a0pause\u00a0\u00bb sur\u00a0<a href=\"https:\/\/www.bfmtv.com\/economie\/economie-social\/france\/un-recul-majeur-la-liste-des-promesses-aux-agriculteurs-s-allonge-et-fait-grimacer-les-associations-environnementales_AD-202402130511.html\">le plan de r\u00e9duction des pesticides Ecophyto<\/a>.<\/p>\n\n\n\n<h2 class=\"wp-block-heading\">Des actions pr\u00e9vues<\/h2>\n\n\n\n<p>Emmanuel Macron est donc attendu de pied ferme par les agriculteurs. Les syndicats pr\u00e9voient d&rsquo;ailleurs&nbsp;<a href=\"https:\/\/www.bfmtv.com\/paris\/une-manifestation-d-agriculteurs-prevue-vendredi-a-paris-a-la-veille-du-salon-de-l-agriculture_AV-202402200675.html\">une manifestation<\/a>&nbsp;\u00e0 Paris ce vendredi avec un convoi de tracteurs, \u00e0 la veille de l\u2019ouverture salon, a appris BFM Paris \u00cele-de-France.<\/p>\n","protected":false},"excerpt":{"rendered":"<p>La 60e \u00e9dition du Salon de l&rsquo;agriculture s&rsquo;ouvre ce samedi 24 f\u00e9vrier \u00e0 Paris, dans un contexte marqu\u00e9 par un mouvement de col\u00e8re des agriculteurs depuis plusieurs semaines. Emmanuel Macron tiendra un grand d\u00e9bat avec agriculteurs lors&nbsp;du Salon de l&rsquo;agriculture&nbsp;qui d\u00e9marre \u00e0 Paris ce samedi 24 f\u00e9vrier. Selon Damien Greffin, vice-pr\u00e9sident de la FNSEA, il [&hellip;]<\/p>\n","protected":false},"author":2,"featured_media":27214,"comment_status":"open","ping_status":"open","sticky":false,"template":"","format":"standard","meta":{"_jetpack_memberships_contains_paid_content":false,"footnotes":"","jetpack_publicize_message":"","jetpack_publicize_feature_enabled":true,"jetpack_social_post_already_shared":true,"jetpack_social_options":{"image_generator_settings":{"template":"highway","default_image_id":0,"font":"","enabled":false},"version":2},"_wpas_customize_per_network":false},"categories":[405],"tags":[],"class_list":["post-27213","post","type-post","status-publish","format-standard","has-post-thumbnail","hentry","category-actu-france-monde"],"jetpack_publicize_connections":[],"jetpack_featured_media_url":"https:\/\/i0.wp.com\/www.iceagetv.com\/radiosite\/wp-content\/uploads\/2024\/02\/EMMANUEL-MACRON-TIENDRA-UN-GRAND-DEBAT-AVEC-DES-AGRICULTEURS.jpg?fit=800%2C450&ssl=1","jetpack_sharing_enabled":true,"_links":{"self":[{"href":"https:\/\/www.iceagetv.com\/radiosite\/wp-json\/wp\/v2\/posts\/27213","targetHints":{"allow":["GET"]}}],"collection":[{"href":"https:\/\/www.iceagetv.com\/radiosite\/wp-json\/wp\/v2\/posts"}],"about":[{"href":"https:\/\/www.iceagetv.com\/radiosite\/wp-json\/wp\/v2\/types\/post"}],"author":[{"embeddable":true,"href":"https:\/\/www.iceagetv.com\/radiosite\/wp-json\/wp\/v2\/users\/2"}],"replies":[{"embeddable":true,"href":"https:\/\/www.iceagetv.com\/radiosite\/wp-json\/wp\/v2\/comments?post=27213"}],"version-history":[{"count":1,"href":"https:\/\/www.iceagetv.com\/radiosite\/wp-json\/wp\/v2\/posts\/27213\/revisions"}],"predecessor-version":[{"id":27215,"href":"https:\/\/www.iceagetv.com\/radiosite\/wp-json\/wp\/v2\/posts\/27213\/revisions\/27215"}],"wp:featuredmedia":[{"embeddable":true,"href":"https:\/\/www.iceagetv.com\/radiosite\/wp-json\/wp\/v2\/media\/27214"}],"wp:attachment":[{"href":"https:\/\/www.iceagetv.com\/radiosite\/wp-json\/wp\/v2\/media?parent=27213"}],"wp:term":[{"taxonomy":"category","embeddable":true,"href":"https:\/\/www.iceagetv.com\/radiosite\/wp-json\/wp\/v2\/categories?post=27213"},{"taxonomy":"post_tag","embeddable":true,"href":"https:\/\/www.iceagetv.com\/radiosite\/wp-json\/wp\/v2\/tags?post=27213"}],"curies":[{"name":"wp","href":"https:\/\/api.w.org\/{rel}","templated":true}]}}