{"id":27223,"date":"2024-02-23T19:32:19","date_gmt":"2024-02-23T19:32:19","guid":{"rendered":"https:\/\/www.iceagetv.com\/radiosite\/?p=27223"},"modified":"2024-02-23T19:32:19","modified_gmt":"2024-02-23T19:32:19","slug":"salon-de-lagriculture-emmanuel-macron-fait-marche-arriere-et-annule-son-debat-plusieurs-centaines-dagriculteurs-ont-investi-la-place-devant-le-parc-des-expositions-de-la-porte-de-versailles","status":"publish","type":"post","link":"https:\/\/www.iceagetv.com\/radiosite\/salon-de-lagriculture-emmanuel-macron-fait-marche-arriere-et-annule-son-debat-plusieurs-centaines-dagriculteurs-ont-investi-la-place-devant-le-parc-des-expositions-de-la-porte-de-versailles\/","title":{"rendered":"Salon de l&rsquo;agriculture &#8211; Emmanuel Macron fait marche arri\u00e8re et annule son d\u00e9bat &#8211; Plusieurs centaines d&rsquo;agriculteurs ont investi la place, devant le Parc des expositions de la porte de Versailles"},"content":{"rendered":"\n<p><strong>Arnaud Rousseau, le Pr\u00e9sident de la FNSEA prend la parole de la foule r\u00e9unie : \u00ab\u00a0Le Pr\u00e9sident veut venir dans le salon demain. Nous lui avons dit que ce salon ne serait pas comme les autres. Mais, il nous faut des r\u00e9ponses \u00e0 nos questions pr\u00e9cises. Il faut continuer \u00e0 se mobiliser. Personne ne viendra ici sans nous dire son ambition pour l&rsquo;agriculture. Que ce soit des \u00e9lus, des ministres et des gens de tous les partis\u00a0\u00bb.Plusieurs centaines d&rsquo;agriculteurs ont investi la place, devant le Parc des expositions de la porte de Versailles. Pour Bertrand Petit, c\u00e9r\u00e9alier et producteur de noisettes dans l&rsquo;Eure-et-Loir, c&rsquo;est la continuit\u00e9 des actions du mois dernier.<\/strong>\u00a0\u00ab\u00a0Nous avions suspendu les manifestations pour pouvoir travailler, mais nous attendons des mesures durant ce Salon.\u00a0\u00bb<\/p>\n\n\n\n<p><strong>Emmanuel Macron annonce qu&rsquo;il annule son d\u00e9bat avec les agriculteurs :&nbsp;&nbsp;<\/strong>\u00ab\u00a0Depuis le premier jour, je suis engag\u00e9 aux c\u00f4t\u00e9s des agriculteurs et pour la souverainet\u00e9 agricole et alimentaire de la France. D\u00e8s le d\u00e9but de la crise actuelle, j\u2019ai demand\u00e9 au gouvernement d\u2019apporter des r\u00e9ponses concr\u00e8tes avec un suivi m\u00e9thodique. C\u2019est ce qui est en cours.<\/p>\n\n\n\n<p>Le Salon international de l\u2019agriculture est un moment important pour nos agriculteurs comme pour la Nation.<\/p>\n\n\n\n<p>Chacun doit le respecter. Les syndicats agricoles ont voulu que ce salon ne soit pas \u00ab un salon comme les autres \u00bb. Ils avaient voulu un \u00ab d\u00e9bat \u00bb ouvert. Ils en demandent aujourd\u2019hui l\u2019annulation. Dont acte. J\u2019inviterai demain matin tous les syndicats agricoles avant l\u2019ouverture officielle du salon. Je serai l\u00e0 pour l\u2019ouvrir et irai au contact de tous ceux qui veulent \u00e9changer comme je le fais chaque ann\u00e9e. Fier de notre agriculture et de nos agriculteurs.\u00a0\u00bb<\/p>\n","protected":false},"excerpt":{"rendered":"<p>Arnaud Rousseau, le Pr\u00e9sident de la FNSEA prend la parole de la foule r\u00e9unie : \u00ab\u00a0Le Pr\u00e9sident veut venir dans le salon demain. Nous lui avons dit que ce salon ne serait pas comme les autres. Mais, il nous faut des r\u00e9ponses \u00e0 nos questions pr\u00e9cises. Il faut continuer \u00e0 se mobiliser. Personne ne viendra [&hellip;]<\/p>\n","protected":false},"author":2,"featured_media":27224,"comment_status":"open","ping_status":"open","sticky":false,"template":"","format":"standard","meta":{"_jetpack_memberships_contains_paid_content":false,"footnotes":"","jetpack_publicize_message":"","jetpack_publicize_feature_enabled":true,"jetpack_social_post_already_shared":true,"jetpack_social_options":{"image_generator_settings":{"template":"highway","default_image_id":0,"font":"","enabled":false},"version":2},"_wpas_customize_per_network":false},"categories":[405],"tags":[],"class_list":["post-27223","post","type-post","status-publish","format-standard","has-post-thumbnail","hentry","category-actu-france-monde"],"jetpack_publicize_connections":[],"jetpack_featured_media_url":"https:\/\/i0.wp.com\/www.iceagetv.com\/radiosite\/wp-content\/uploads\/2024\/02\/Emmanuel-Macron-fait-marche-arriere-et-annule-son-debat.jpg?fit=679%2C293&ssl=1","jetpack_sharing_enabled":true,"_links":{"self":[{"href":"https:\/\/www.iceagetv.com\/radiosite\/wp-json\/wp\/v2\/posts\/27223","targetHints":{"allow":["GET"]}}],"collection":[{"href":"https:\/\/www.iceagetv.com\/radiosite\/wp-json\/wp\/v2\/posts"}],"about":[{"href":"https:\/\/www.iceagetv.com\/radiosite\/wp-json\/wp\/v2\/types\/post"}],"author":[{"embeddable":true,"href":"https:\/\/www.iceagetv.com\/radiosite\/wp-json\/wp\/v2\/users\/2"}],"replies":[{"embeddable":true,"href":"https:\/\/www.iceagetv.com\/radiosite\/wp-json\/wp\/v2\/comments?post=27223"}],"version-history":[{"count":1,"href":"https:\/\/www.iceagetv.com\/radiosite\/wp-json\/wp\/v2\/posts\/27223\/revisions"}],"predecessor-version":[{"id":27225,"href":"https:\/\/www.iceagetv.com\/radiosite\/wp-json\/wp\/v2\/posts\/27223\/revisions\/27225"}],"wp:featuredmedia":[{"embeddable":true,"href":"https:\/\/www.iceagetv.com\/radiosite\/wp-json\/wp\/v2\/media\/27224"}],"wp:attachment":[{"href":"https:\/\/www.iceagetv.com\/radiosite\/wp-json\/wp\/v2\/media?parent=27223"}],"wp:term":[{"taxonomy":"category","embeddable":true,"href":"https:\/\/www.iceagetv.com\/radiosite\/wp-json\/wp\/v2\/categories?post=27223"},{"taxonomy":"post_tag","embeddable":true,"href":"https:\/\/www.iceagetv.com\/radiosite\/wp-json\/wp\/v2\/tags?post=27223"}],"curies":[{"name":"wp","href":"https:\/\/api.w.org\/{rel}","templated":true}]}}