{"id":27226,"date":"2024-02-24T12:15:10","date_gmt":"2024-02-24T12:15:10","guid":{"rendered":"https:\/\/www.iceagetv.com\/radiosite\/?p=27226"},"modified":"2024-02-24T12:15:10","modified_gmt":"2024-02-24T12:15:10","slug":"victime-de-problemes-de-sante-le-pape-francois-87-ans-a-annule-une-audience-ce-matin-en-raison-de-ce-que-le-vatican-decrit-comme-un-leger-etat-grippal","status":"publish","type":"post","link":"https:\/\/www.iceagetv.com\/radiosite\/victime-de-problemes-de-sante-le-pape-francois-87-ans-a-annule-une-audience-ce-matin-en-raison-de-ce-que-le-vatican-decrit-comme-un-leger-etat-grippal\/","title":{"rendered":"Victime de probl\u00e8mes de sant\u00e9, le Pape Fran\u00e7ois, 87 ans, a annul\u00e9 une audience ce matin en raison de ce que le Vatican d\u00e9crit comme \u00ab\u00a0un l\u00e9ger \u00e9tat grippal\u00a0\u00bb"},"content":{"rendered":"\n<p>Victime de probl\u00e8mes de sant\u00e9, le Pape Fran\u00e7ois, 87 ans, a annul\u00e9 une audience ce matin en raison de ce que le Vatican d\u00e9crit comme \u00ab\u00a0un l\u00e9ger \u00e9tat grippal\u00a0\u00bb. Le pontife devait rencontrer les diacres du dioc\u00e8se de Rome. \u00ab\u00c0 cause d\u2019un l\u00e9ger \u00e9tat grippal, par pr\u00e9caution, le pape a annul\u00e9 les audiences pr\u00e9vues pour la journ\u00e9e d\u2019aujourd\u2019hui\u00bb, a expliqu\u00e9 le communiqu\u00e9 officiel, sans donner plus de pr\u00e9cisions.<\/p>\n\n\n\n<p>Ces derniers jours, le pape Fran\u00e7ois n\u2019a pas assur\u00e9 ses audiences ordinaires, car lui et les responsables de la Curie romaine \u00e9taient en retraite spirituelle li\u00e9e au d\u00e9but du car\u00eame, ce temps de 40 jours qui m\u00e8ne \u00e0 la f\u00eate de P\u00e2ques.<\/p>\n\n\n\n<p>\u00c0 87 ans, le souverain pontife est r\u00e9guli\u00e8rement diminu\u00e9 par des soucis de sant\u00e9.<\/p>\n\n\n\n<p>En novembre dernier, il a eu une inflammation pulmonaire, n\u00e9cessitant d&rsquo;effectuer un scanner \u00abpour exclure le risque de complications pulmonaires\u00bb.<\/p>\n\n\n\n<p>Il faut savoir que le pape vit avec un lobe de poumon en moins, en raison d&rsquo;une ablation subie \u00e0 l&rsquo;\u00e2ge de 21 ans pour soigner une pleur\u00e9sie. Sur les conseils de ses m\u00e9decins, il s\u2019est vu contraint de renoncer en derni\u00e8re minute \u00e0 son d\u00e9placement \u00e0 Duba\u00ef pour la COP28 au d\u00e9but du mois de d\u00e9cembre.<\/p>\n","protected":false},"excerpt":{"rendered":"<p>Victime de probl\u00e8mes de sant\u00e9, le Pape Fran\u00e7ois, 87 ans, a annul\u00e9 une audience ce matin en raison de ce que le Vatican d\u00e9crit comme \u00ab\u00a0un l\u00e9ger \u00e9tat grippal\u00a0\u00bb. Le pontife devait rencontrer les diacres du dioc\u00e8se de Rome. \u00ab\u00c0 cause d\u2019un l\u00e9ger \u00e9tat grippal, par pr\u00e9caution, le pape a annul\u00e9 les audiences pr\u00e9vues pour [&hellip;]<\/p>\n","protected":false},"author":2,"featured_media":27228,"comment_status":"open","ping_status":"open","sticky":false,"template":"","format":"standard","meta":{"_jetpack_memberships_contains_paid_content":false,"footnotes":"","jetpack_publicize_message":"","jetpack_publicize_feature_enabled":true,"jetpack_social_post_already_shared":true,"jetpack_social_options":{"image_generator_settings":{"template":"highway","default_image_id":0,"font":"","enabled":false},"version":2},"_wpas_customize_per_network":false},"categories":[405],"tags":[],"class_list":["post-27226","post","type-post","status-publish","format-standard","has-post-thumbnail","hentry","category-actu-france-monde"],"jetpack_publicize_connections":[],"jetpack_featured_media_url":"https:\/\/i0.wp.com\/www.iceagetv.com\/radiosite\/wp-content\/uploads\/2024\/02\/Victime-de-problemes-de-sante-le-Pape-Francois-87-ans.jpg?fit=679%2C293&ssl=1","jetpack_sharing_enabled":true,"_links":{"self":[{"href":"https:\/\/www.iceagetv.com\/radiosite\/wp-json\/wp\/v2\/posts\/27226","targetHints":{"allow":["GET"]}}],"collection":[{"href":"https:\/\/www.iceagetv.com\/radiosite\/wp-json\/wp\/v2\/posts"}],"about":[{"href":"https:\/\/www.iceagetv.com\/radiosite\/wp-json\/wp\/v2\/types\/post"}],"author":[{"embeddable":true,"href":"https:\/\/www.iceagetv.com\/radiosite\/wp-json\/wp\/v2\/users\/2"}],"replies":[{"embeddable":true,"href":"https:\/\/www.iceagetv.com\/radiosite\/wp-json\/wp\/v2\/comments?post=27226"}],"version-history":[{"count":1,"href":"https:\/\/www.iceagetv.com\/radiosite\/wp-json\/wp\/v2\/posts\/27226\/revisions"}],"predecessor-version":[{"id":27229,"href":"https:\/\/www.iceagetv.com\/radiosite\/wp-json\/wp\/v2\/posts\/27226\/revisions\/27229"}],"wp:featuredmedia":[{"embeddable":true,"href":"https:\/\/www.iceagetv.com\/radiosite\/wp-json\/wp\/v2\/media\/27228"}],"wp:attachment":[{"href":"https:\/\/www.iceagetv.com\/radiosite\/wp-json\/wp\/v2\/media?parent=27226"}],"wp:term":[{"taxonomy":"category","embeddable":true,"href":"https:\/\/www.iceagetv.com\/radiosite\/wp-json\/wp\/v2\/categories?post=27226"},{"taxonomy":"post_tag","embeddable":true,"href":"https:\/\/www.iceagetv.com\/radiosite\/wp-json\/wp\/v2\/tags?post=27226"}],"curies":[{"name":"wp","href":"https:\/\/api.w.org\/{rel}","templated":true}]}}