{"id":27230,"date":"2024-02-24T12:49:42","date_gmt":"2024-02-24T12:49:42","guid":{"rendered":"https:\/\/www.iceagetv.com\/radiosite\/?p=27230"},"modified":"2024-02-24T12:49:42","modified_gmt":"2024-02-24T12:49:42","slug":"salon-de-lagriculture-emmanuel-macron-a-inaugure-le-salon-avec-plus-de-4h30-de-retard-et-apres-des-incidents-sous-les-sifflets-des-agriculteurs-et-aux-cris-de-macron-demission","status":"publish","type":"post","link":"https:\/\/www.iceagetv.com\/radiosite\/salon-de-lagriculture-emmanuel-macron-a-inaugure-le-salon-avec-plus-de-4h30-de-retard-et-apres-des-incidents-sous-les-sifflets-des-agriculteurs-et-aux-cris-de-macron-demission\/","title":{"rendered":"\u00a0Salon de l&rsquo;Agriculture : Emmanuel Macron a inaugur\u00e9 le salon avec plus de 4h30 de retard et apr\u00e8s des incidents, sous les sifflets des agriculteurs et aux cris de \u00ab\u00a0Macron d\u00e9mission\u00a0\u00bb"},"content":{"rendered":"\n<p><strong>Emmanuel Macron vient d&rsquo;arriver dans les all\u00e9es sous les hu\u00e9es et aux cris de \u00ab\u00a0Macron d\u00e9mission\u00a0\u00bb. L&rsquo;inauguration devait \u00e0 l&rsquo;origine se tenir \u00e0 9h ce matin et elle a \u00e9t\u00e9 d\u00e9cal\u00e9e en raison des incidents qui se sont d\u00e9roul\u00e9s dans le d\u00e9but de la matin\u00e9e !: Apr\u00e8s avoir d\u00e9battu avec des agriculteurs, Emmanuel Macron annonce \u00ab\u00a0qu&rsquo;il va descendre inaugurer le salon\u00a0\u00bb au milieu de la foule<\/strong><\/p>\n\n\n\n<p><strong>Le Pr\u00e9sident r\u00e9pond longuement \u00e0 tous les agriculteurs qui sont autour de lui au 1er \u00e9tage &#8211;<\/strong>&nbsp;Accoud\u00e9 sur une table, veste de costume tomb\u00e9e, le pr\u00e9sident a \u00e9cout\u00e9 la col\u00e8re des professionnels de l\u2019agriculture et tent\u00e9 de d\u00e9battre avec eux apr\u00e8s l\u2019annulation du grand \u00e9change qui aurait \u00e9t\u00e9 promis. \u00abJe veux bien parler \u00e0 tout le monde, simplement, tout le monde siffle (&#8230;) on est l\u00e0 pour se causer\u00bb, a lanc\u00e9 le chef de l&rsquo;Etat, entour\u00e9 de ses ministres Marc Fesneau et Agn\u00e8s Pannier-Runacher.<\/p>\n\n\n\n<p>\u00abJe suis en train de vous dire que le boulot est fait sur le terrain, on a repris les copies, on est en train de faire toute la simplification\u00bb, a-t-il poursuivi devant des repr\u00e9sentants de trois syndicats, FNSEA, Jeunes agriculteurs et Coordination rurale, notamment.<\/p>\n\n\n\n<p>\u00abJe pr\u00e9f\u00e8re toujours le dialogue \u00e0 la confrontation (&#8230;) La confrontation, \u00e7a ne produit rien\u00bb, a ass\u00e9n\u00e9 le chef de l&rsquo;\u00c9tat. Et de compl\u00e9ter : \u00abil faut que le salon se passe bien parce que pour vos coll\u00e8gues, c&rsquo;est parfois des mois, voire des ann\u00e9es de boulot. Ils sont mont\u00e9s avec leurs b\u00eates, avec leur travail pour le montrer\u00bb.<\/p>\n\n\n\n<p>L&rsquo;un des interlocuteurs du pr\u00e9sident a aussi souhait\u00e9 aborder le th\u00e8me du suicide, pr\u00e9cisant avoir lui-m\u00eame \u00abfailli passer \u00e0 l&rsquo;acte\u00bb au mois d&rsquo;ao\u00fbt.<\/p>\n\n\n\n<p>Notant les questions sur une feuille de papier, tentant parfois difficilement de r\u00e9pondre entre les \u00e9clats de voix et protestations, le pr\u00e9sident a notamment \u00e9t\u00e9 interpell\u00e9 p\u00eale-m\u00eale sur les cons\u00e9quences de la guerre en Ukraine, la simplification administrative, l&rsquo;\u00e9cologie v\u00e9cue comme \u00abpunitive\u00bb par certains agriculteurs ou encore la r\u00e9mun\u00e9ration des agriculteurs.<strong>Le Salon de l&rsquo;Agriculture ouvre avec 1h30 de retard \u00e0 l&rsquo;exception du Hall o\u00f9 se trouve Emmanuel Macron.<\/strong>\u00a0Des milliers de personnes \u00e9taient en train de s&rsquo;accumuler \u00e0 l&rsquo;ext\u00e9rieur depuis 9h du matin, alors que l&rsquo;inauguration du salon n&rsquo;a toujours pas eu lieu.<strong>\u00a0Nouvelles tensions entre les services de s\u00e9curit\u00e9 et les agriculteurs \u00e0 quelques m\u00e8tres de l&rsquo;endroit o\u00f9 doit arriver le Pr\u00e9sident\u00a0<\/strong><\/p>\n\n\n\n<p><strong>&nbsp;Col\u00e8re d&rsquo;Emmanuel Macron face aux journalistes : \u00ab\u00a0Il n&rsquo;a jamais \u00e9t\u00e9 question d&rsquo;inviter les \u00ab\u00a0Soul\u00e8vements de la terre\u00a0\u00bb ! Absolument jamais !&nbsp;<\/strong>Vous parlez \u00e0 un pr\u00e9sident qui a propos\u00e9 de les dissoudre.&nbsp;&nbsp;J\u2019ai toujours condamn\u00e9 la violence. Les groupements qui entrent dans les fermes. Toutes les associations qui pratiquent la d\u00e9sob\u00e9issance, les d\u00e9gradations et l\u2019atteinte aux personnes, je les condamne tr\u00e8s fermement. Il n\u2019y a pas eu d\u2019invitation et il n\u2019y a pas eu la volont\u00e9 de les inviter. (&#8230;)<\/p>\n\n\n\n<p>La nature de la tensions ne permet pas de r\u00e9pondre \u00e0 la crise. Le premier objectif, c&rsquo;est que le salon doit se tenir dans le calme. Je dois aux agriculteurs : vous n&rsquo;aidez aucun de vos coll\u00e8ges en rendant le salon impossible, en cassant des stands, c&rsquo;est contre productif. \u00abCe sont des mois de travail pour les agriculteurs qui sont l\u00e0, il faut que nos compatriotes puissent venir dans le calme et la qui\u00e9tude.<\/p>\n\n\n\n<p><strong>Le point sur la situation<\/strong>&nbsp;&#8211; Alors qu\u2019Emmanuel Macron est arriv\u00e9 autour de 8 heures, pour rencontrer des syndicats agricoles des dizaines de manifestants se sont pr\u00e9cipit\u00e9s dans l\u2019entr\u00e9e principale. Des dizaines d\u2019entre eux ont forc\u00e9 une grille pour entrer dans le Salon avant son ouverture officielle et des heurts se sont produits avec le service d\u2019ordre.<\/p>\n\n\n\n<p>Des bagarres ont \u00e9clat\u00e9 sur place alors que des barri\u00e8res ont c\u00e9d\u00e9. Les CRS ont \u00e9t\u00e9 appel\u00e9s en urgence et ont p\u00e9n\u00e9tr\u00e9 dans les all\u00e9es en se casquant pour tenter de calmer les esprits. De nouvelles bagarres ont alors \u00e9clat\u00e9.&nbsp;<\/p>\n\n\n\n<p>Emmanuel Macron est en ce moment au 1er \u00e9tage du salon, mais il doit descendre dans une dizaines de minutes pour inaugurer le salon.<\/p>\n","protected":false},"excerpt":{"rendered":"<p>Emmanuel Macron vient d&rsquo;arriver dans les all\u00e9es sous les hu\u00e9es et aux cris de \u00ab\u00a0Macron d\u00e9mission\u00a0\u00bb. L&rsquo;inauguration devait \u00e0 l&rsquo;origine se tenir \u00e0 9h ce matin et elle a \u00e9t\u00e9 d\u00e9cal\u00e9e en raison des incidents qui se sont d\u00e9roul\u00e9s dans le d\u00e9but de la matin\u00e9e !: Apr\u00e8s avoir d\u00e9battu avec des agriculteurs, Emmanuel Macron annonce [&hellip;]<\/p>\n","protected":false},"author":2,"featured_media":27231,"comment_status":"open","ping_status":"open","sticky":false,"template":"","format":"standard","meta":{"_jetpack_memberships_contains_paid_content":false,"footnotes":"","jetpack_publicize_message":"","jetpack_publicize_feature_enabled":true,"jetpack_social_post_already_shared":true,"jetpack_social_options":{"image_generator_settings":{"template":"highway","default_image_id":0,"font":"","enabled":false},"version":2},"_wpas_customize_per_network":false},"categories":[405],"tags":[],"class_list":["post-27230","post","type-post","status-publish","format-standard","has-post-thumbnail","hentry","category-actu-france-monde"],"jetpack_publicize_connections":[],"jetpack_featured_media_url":"https:\/\/i0.wp.com\/www.iceagetv.com\/radiosite\/wp-content\/uploads\/2024\/02\/Salon-de-lAgriculture.jpg?fit=679%2C293&ssl=1","jetpack_sharing_enabled":true,"_links":{"self":[{"href":"https:\/\/www.iceagetv.com\/radiosite\/wp-json\/wp\/v2\/posts\/27230","targetHints":{"allow":["GET"]}}],"collection":[{"href":"https:\/\/www.iceagetv.com\/radiosite\/wp-json\/wp\/v2\/posts"}],"about":[{"href":"https:\/\/www.iceagetv.com\/radiosite\/wp-json\/wp\/v2\/types\/post"}],"author":[{"embeddable":true,"href":"https:\/\/www.iceagetv.com\/radiosite\/wp-json\/wp\/v2\/users\/2"}],"replies":[{"embeddable":true,"href":"https:\/\/www.iceagetv.com\/radiosite\/wp-json\/wp\/v2\/comments?post=27230"}],"version-history":[{"count":1,"href":"https:\/\/www.iceagetv.com\/radiosite\/wp-json\/wp\/v2\/posts\/27230\/revisions"}],"predecessor-version":[{"id":27232,"href":"https:\/\/www.iceagetv.com\/radiosite\/wp-json\/wp\/v2\/posts\/27230\/revisions\/27232"}],"wp:featuredmedia":[{"embeddable":true,"href":"https:\/\/www.iceagetv.com\/radiosite\/wp-json\/wp\/v2\/media\/27231"}],"wp:attachment":[{"href":"https:\/\/www.iceagetv.com\/radiosite\/wp-json\/wp\/v2\/media?parent=27230"}],"wp:term":[{"taxonomy":"category","embeddable":true,"href":"https:\/\/www.iceagetv.com\/radiosite\/wp-json\/wp\/v2\/categories?post=27230"},{"taxonomy":"post_tag","embeddable":true,"href":"https:\/\/www.iceagetv.com\/radiosite\/wp-json\/wp\/v2\/tags?post=27230"}],"curies":[{"name":"wp","href":"https:\/\/api.w.org\/{rel}","templated":true}]}}