{"id":27234,"date":"2024-02-24T13:49:02","date_gmt":"2024-02-24T13:49:02","guid":{"rendered":"https:\/\/www.iceagetv.com\/radiosite\/?p=27234"},"modified":"2024-02-24T13:49:02","modified_gmt":"2024-02-24T13:49:02","slug":"tour-eiffel-fin-de-la-greve-le-monument-va-rouvrir-dimanche","status":"publish","type":"post","link":"https:\/\/www.iceagetv.com\/radiosite\/tour-eiffel-fin-de-la-greve-le-monument-va-rouvrir-dimanche\/","title":{"rendered":"Tour Eiffel  fin de la gr\u00e8ve, le monument va rouvrir dimanche"},"content":{"rendered":"\n<p>C\u2019est la fin de plusieurs jours de&nbsp;<a href=\"https:\/\/www.leparisien.fr\/paris-75\/tour-eiffel-fermee-a-paris-le-mouvement-de-greve-reconduit-pour-la-sixieme-journee-24-02-2024-R3QBAPMWINHIFGI5YC4DOA22NA.php\" target=\"_blank\" rel=\"noreferrer noopener\">gr\u00e8ve \u00e0 la tour Eiffel<\/a>. L\u2019embl\u00e9matique monument parisien va rouvrir ses portes dimanche au public, annonce la direction dans un communiqu\u00e9.<\/p>\n\n\n\n<p>La direction de la Soci\u00e9t\u00e9 d\u2019Exploitation de la Tour Eiffel (SETE) et les organisations syndicales ont abouti \u00e0 un \u00ab accord de sortie de gr\u00e8ve pr\u00e9voyant que les parties feront r\u00e9guli\u00e8rement un point de suivi du mod\u00e8le \u00e9conomique, de l\u2019\u00e9volution des investissements de travaux et des recettes de la soci\u00e9t\u00e9 \u00e0 travers une instance qui se r\u00e9unira tous les 6 mois \u00bb.Renouvelant \u00ab ses excuses aupr\u00e8s de l\u2019ensemble des visiteurs qui ont trouv\u00e9 portes closes depuis le 19 f\u00e9vrier 2024 \u00bb, la soci\u00e9t\u00e9 assure que ceux disposant de \u00ab billets horodat\u00e9s valables pendant la p\u00e9riode de fermeture se verront automatiquement et int\u00e9gralement rembours\u00e9s dans les meilleurs d\u00e9lais \u00bb.Direction et syndicats sont tomb\u00e9s aussi d\u2019accord sur \u00ab un investissement ambitieux de 380 millions d\u2019euros jusqu\u2019en 2031 notamment pour les travaux et l\u2019entretien du patrimoine de la Tour \u00bb, selon le communiqu\u00e9 de la direction.<\/p>\n\n\n\n<p>L\u2019accord pr\u00e9voit en outre \u00ab la poursuite de la 20e campagne de peinture et l\u2019engagement de la suivante \u00bb, un point-cl\u00e9 de la d\u00e9licate question de l\u2019entretien du monument, inaugur\u00e9 il y a 135 ans.<\/p>\n\n\n\n<p>La r\u00e9ouverture ne sera effective que dimanche matin \u00ab afin de laisser le temps \u00e0 l\u2019\u00e9quipe technique \u00bb d\u2019assurer une bonne remise en route des ascenseurs pour un accueil en toute s\u00e9curit\u00e9 \u00bb, ont soulign\u00e9 les deux organisations syndicales CGT et FO dans un communiqu\u00e9 commun.\u00c0 l\u2019automne 1998, la tour Eiffel \u00e9tait rest\u00e9e ferm\u00e9e six jours et demi.<\/p>\n","protected":false},"excerpt":{"rendered":"<p>C\u2019est la fin de plusieurs jours de&nbsp;gr\u00e8ve \u00e0 la tour Eiffel. L\u2019embl\u00e9matique monument parisien va rouvrir ses portes dimanche au public, annonce la direction dans un communiqu\u00e9. La direction de la Soci\u00e9t\u00e9 d\u2019Exploitation de la Tour Eiffel (SETE) et les organisations syndicales ont abouti \u00e0 un \u00ab accord de sortie de gr\u00e8ve pr\u00e9voyant que les [&hellip;]<\/p>\n","protected":false},"author":2,"featured_media":27235,"comment_status":"open","ping_status":"open","sticky":false,"template":"","format":"standard","meta":{"_jetpack_memberships_contains_paid_content":false,"footnotes":"","jetpack_publicize_message":"","jetpack_publicize_feature_enabled":true,"jetpack_social_post_already_shared":true,"jetpack_social_options":{"image_generator_settings":{"template":"highway","default_image_id":0,"font":"","enabled":false},"version":2},"_wpas_customize_per_network":false},"categories":[405],"tags":[],"class_list":["post-27234","post","type-post","status-publish","format-standard","has-post-thumbnail","hentry","category-actu-france-monde"],"jetpack_publicize_connections":[],"jetpack_featured_media_url":"https:\/\/i0.wp.com\/www.iceagetv.com\/radiosite\/wp-content\/uploads\/2024\/02\/Tour-Eiffel-fin-de-la-greve-le-monument-va-rouvrir-dimanche.jpg?fit=932%2C582&ssl=1","jetpack_sharing_enabled":true,"_links":{"self":[{"href":"https:\/\/www.iceagetv.com\/radiosite\/wp-json\/wp\/v2\/posts\/27234","targetHints":{"allow":["GET"]}}],"collection":[{"href":"https:\/\/www.iceagetv.com\/radiosite\/wp-json\/wp\/v2\/posts"}],"about":[{"href":"https:\/\/www.iceagetv.com\/radiosite\/wp-json\/wp\/v2\/types\/post"}],"author":[{"embeddable":true,"href":"https:\/\/www.iceagetv.com\/radiosite\/wp-json\/wp\/v2\/users\/2"}],"replies":[{"embeddable":true,"href":"https:\/\/www.iceagetv.com\/radiosite\/wp-json\/wp\/v2\/comments?post=27234"}],"version-history":[{"count":1,"href":"https:\/\/www.iceagetv.com\/radiosite\/wp-json\/wp\/v2\/posts\/27234\/revisions"}],"predecessor-version":[{"id":27236,"href":"https:\/\/www.iceagetv.com\/radiosite\/wp-json\/wp\/v2\/posts\/27234\/revisions\/27236"}],"wp:featuredmedia":[{"embeddable":true,"href":"https:\/\/www.iceagetv.com\/radiosite\/wp-json\/wp\/v2\/media\/27235"}],"wp:attachment":[{"href":"https:\/\/www.iceagetv.com\/radiosite\/wp-json\/wp\/v2\/media?parent=27234"}],"wp:term":[{"taxonomy":"category","embeddable":true,"href":"https:\/\/www.iceagetv.com\/radiosite\/wp-json\/wp\/v2\/categories?post=27234"},{"taxonomy":"post_tag","embeddable":true,"href":"https:\/\/www.iceagetv.com\/radiosite\/wp-json\/wp\/v2\/tags?post=27234"}],"curies":[{"name":"wp","href":"https:\/\/api.w.org\/{rel}","templated":true}]}}