{"id":27241,"date":"2024-02-25T09:46:07","date_gmt":"2024-02-25T09:46:07","guid":{"rendered":"https:\/\/www.iceagetv.com\/radiosite\/?p=27241"},"modified":"2024-02-25T09:46:07","modified_gmt":"2024-02-25T09:46:07","slug":"nouvelle-crise-a-la-direction-du-canard-enchaine-pour-la-troisieme-fois-depuis-le-mois-de-juillet-lhebdomadaire-va-modifier-la-presidence-de-la-societe-editrice-du-journal","status":"publish","type":"post","link":"https:\/\/www.iceagetv.com\/radiosite\/nouvelle-crise-a-la-direction-du-canard-enchaine-pour-la-troisieme-fois-depuis-le-mois-de-juillet-lhebdomadaire-va-modifier-la-presidence-de-la-societe-editrice-du-journal\/","title":{"rendered":"Nouvelle crise \u00e0 la direction du Canard Enchain\u00e9 : Pour la troisi\u00e8me fois depuis le mois de juillet, l&rsquo;hebdomadaire va modifier la pr\u00e9sidence de la soci\u00e9t\u00e9 \u00e9ditrice du journal"},"content":{"rendered":"\n<p>Le r\u00e9dacteur en chef du Canard Encha\u00een\u00e9, Erik Emptaz, prendra le 1er mars la pr\u00e9sidence de la soci\u00e9t\u00e9 \u00e9ditrice du journal, c\u00e9d\u00e9e par Jean-Fran\u00e7ois Julliard pour \u00ab\u00a0raisons de sant\u00e9\u00a0\u00bb, ont-ils annonc\u00e9 \u00e0 l&rsquo;AFP, confirmant une information de La Lettre. Ce changement de pr\u00e9sidence, le troisi\u00e8me depuis juillet, \u00ab\u00a0n&rsquo;est pas cons\u00e9cutif \u00e0 une crise\u00a0\u00bb, a insist\u00e9 aupr\u00e8s de l&rsquo;AFP Erik Emptaz, alors que les deux anciens patrons de l&rsquo;hebdomadaire satirique, Michel Gaillard et Nicolas Brimo, seront jug\u00e9s pour abus de biens sociaux en octobre, aux c\u00f4t\u00e9s d&rsquo;un ancien dessinateur du titre et son \u00e9pouse.<\/p>\n\n\n\n<p>L&rsquo;\u00e9t\u00e9 dernier, Michel Gaillard, qui occupait la pr\u00e9sidence du volatile depuis 1992, avait pass\u00e9 la main \u00e0 Nicolas Brimo, qui a lui-m\u00eame laiss\u00e9 sa place au bout de six mois \u00e0 Jean-Fran\u00e7ois Julliard. Ce dernier c\u00e8de \u00e9galement ses fonctions de directeur de la publication \u00e0 Erik Emptaz, h\u00e9ritant en revanche du poste nouvellement cr\u00e9\u00e9 de directeur de la r\u00e9daction.<\/p>\n\n\n\n<p>Le volatile traverse des turbulences depuis la r\u00e9v\u00e9lation en 2022 par l&rsquo;un de ses journalistes, Christophe Nobili, de soup\u00e7ons d&#8217;emploi fictif au sein de l&rsquo;hebdomadaire.<\/p>\n\n\n\n<p>Celui-ci affirme que la compagne d&rsquo;un ancien dessinateur et administrateur du Canard, Andr\u00e9 Escaro, a b\u00e9n\u00e9fici\u00e9 pendant 25 ans d&rsquo;une r\u00e9mun\u00e9ration du journal sans y avoir travaill\u00e9, ce que la direction conteste. Il avait d\u00e9pos\u00e9 une plainte contre X en mai 2022 et une enqu\u00eate pour \u00ab\u00a0abus de biens sociaux\u00a0\u00bb et \u00ab\u00a0recel d&rsquo;abus de biens sociaux\u00a0\u00bb avait \u00e9t\u00e9 ouverte.<\/p>\n\n\n\n<p>En mars 2023, il a sorti le livre \u00ab\u00a0Cher Canard\u00a0\u00bb (JCLatt\u00e8s), dans lequel il revient sur cette affaire qui a r\u00e9v\u00e9l\u00e9 des fractures au sein de la r\u00e9daction, sur fond de conflit entre g\u00e9n\u00e9rations.<\/p>\n\n\n\n<p>La direction a alors d\u00e9clench\u00e9 une proc\u00e9dure de licenciement \u00e0 son encontre, refus\u00e9e \u00e0 deux reprises par l&rsquo;inspection du travail, avant de faire appel au minist\u00e8re du Travail, dont l&rsquo;absence de r\u00e9ponse dans les d\u00e9lais impartis \u00e9quivaut \u00e0 un \u00ab\u00a0refus implicite\u00a0\u00bb, selon M. Nobili. Le minist\u00e8re a toutefois jusqu&rsquo;au 3 avril pour exprimer un avis, a pr\u00e9cis\u00e9 le journaliste \u00e0 l&rsquo;AFP.<\/p>\n\n\n\n<p>De son c\u00f4t\u00e9, M. Nobili a intent\u00e9 une proc\u00e9dure pour harc\u00e8lement contre Nicolas Brimo et Michel Gaillard, avec le soutien des syndicats SNJ-CGT et SNJ.<\/p>\n\n\n\n<p>Une audience est pr\u00e9vue le 13 mars au conseil des Prud&rsquo;hommes de Paris. Il assure \u00e9galement avoir port\u00e9 plainte pour faux et usage de faux contre Nicolas Brimo et Jean-Fran\u00e7ois Julliard en f\u00e9vrier, concernant deux pi\u00e8ces du dossier utilis\u00e9 pour justifier son licenciement.<\/p>\n","protected":false},"excerpt":{"rendered":"<p>Le r\u00e9dacteur en chef du Canard Encha\u00een\u00e9, Erik Emptaz, prendra le 1er mars la pr\u00e9sidence de la soci\u00e9t\u00e9 \u00e9ditrice du journal, c\u00e9d\u00e9e par Jean-Fran\u00e7ois Julliard pour \u00ab\u00a0raisons de sant\u00e9\u00a0\u00bb, ont-ils annonc\u00e9 \u00e0 l&rsquo;AFP, confirmant une information de La Lettre. Ce changement de pr\u00e9sidence, le troisi\u00e8me depuis juillet, \u00ab\u00a0n&rsquo;est pas cons\u00e9cutif \u00e0 une crise\u00a0\u00bb, a insist\u00e9 [&hellip;]<\/p>\n","protected":false},"author":2,"featured_media":27242,"comment_status":"open","ping_status":"open","sticky":false,"template":"","format":"standard","meta":{"_jetpack_memberships_contains_paid_content":false,"footnotes":"","jetpack_publicize_message":"","jetpack_publicize_feature_enabled":true,"jetpack_social_post_already_shared":true,"jetpack_social_options":{"image_generator_settings":{"template":"highway","default_image_id":0,"font":"","enabled":false},"version":2},"_wpas_customize_per_network":false},"categories":[68],"tags":[],"class_list":["post-27241","post","type-post","status-publish","format-standard","has-post-thumbnail","hentry","category-actu-culturelle"],"jetpack_publicize_connections":[],"jetpack_featured_media_url":"https:\/\/i0.wp.com\/www.iceagetv.com\/radiosite\/wp-content\/uploads\/2024\/02\/Nouvelle-crise-a-la-direction-du-Canard-Enchaine.jpg?fit=679%2C293&ssl=1","jetpack_sharing_enabled":true,"_links":{"self":[{"href":"https:\/\/www.iceagetv.com\/radiosite\/wp-json\/wp\/v2\/posts\/27241","targetHints":{"allow":["GET"]}}],"collection":[{"href":"https:\/\/www.iceagetv.com\/radiosite\/wp-json\/wp\/v2\/posts"}],"about":[{"href":"https:\/\/www.iceagetv.com\/radiosite\/wp-json\/wp\/v2\/types\/post"}],"author":[{"embeddable":true,"href":"https:\/\/www.iceagetv.com\/radiosite\/wp-json\/wp\/v2\/users\/2"}],"replies":[{"embeddable":true,"href":"https:\/\/www.iceagetv.com\/radiosite\/wp-json\/wp\/v2\/comments?post=27241"}],"version-history":[{"count":1,"href":"https:\/\/www.iceagetv.com\/radiosite\/wp-json\/wp\/v2\/posts\/27241\/revisions"}],"predecessor-version":[{"id":27243,"href":"https:\/\/www.iceagetv.com\/radiosite\/wp-json\/wp\/v2\/posts\/27241\/revisions\/27243"}],"wp:featuredmedia":[{"embeddable":true,"href":"https:\/\/www.iceagetv.com\/radiosite\/wp-json\/wp\/v2\/media\/27242"}],"wp:attachment":[{"href":"https:\/\/www.iceagetv.com\/radiosite\/wp-json\/wp\/v2\/media?parent=27241"}],"wp:term":[{"taxonomy":"category","embeddable":true,"href":"https:\/\/www.iceagetv.com\/radiosite\/wp-json\/wp\/v2\/categories?post=27241"},{"taxonomy":"post_tag","embeddable":true,"href":"https:\/\/www.iceagetv.com\/radiosite\/wp-json\/wp\/v2\/tags?post=27241"}],"curies":[{"name":"wp","href":"https:\/\/api.w.org\/{rel}","templated":true}]}}