{"id":27278,"date":"2024-02-28T12:26:41","date_gmt":"2024-02-28T12:26:41","guid":{"rendered":"https:\/\/www.iceagetv.com\/radiosite\/?p=27278"},"modified":"2024-02-28T12:26:41","modified_gmt":"2024-02-28T12:26:41","slug":"jo-paris-2024-tony-estanguet-souhaite-une-treve-sociale-et-quon-ne-gache-pas-la-fete","status":"publish","type":"post","link":"https:\/\/www.iceagetv.com\/radiosite\/jo-paris-2024-tony-estanguet-souhaite-une-treve-sociale-et-quon-ne-gache-pas-la-fete\/","title":{"rendered":"JO Paris 2024 : Tony Estanguet souhaite une tr\u00eave sociale\u00a0et \u00ab\u00a0qu\u2019on ne g\u00e2che pas la f\u00eate\u00a0\u00bb"},"content":{"rendered":"\n<p>Entre les agriculteurs, la\u00a0<a href=\"https:\/\/www.20minutes.fr\/dossier\/ratp\" target=\"_blank\" rel=\"noreferrer noopener\">RATP<\/a>, les policiers, les taxis ou le personnel hospitalier, la crainte d\u2019un mouvement social de grande ampleur autour des\u00a0<a href=\"https:\/\/www.20minutes.fr\/sport\/jo_2024\/\" target=\"_blank\" rel=\"noreferrer noopener\">Jeux olympiques de Paris<\/a>\u00a0l\u2019\u00e9t\u00e9 prochain n\u2019est pas prise \u00e0 la l\u00e9g\u00e8re du c\u00f4t\u00e9 du comit\u00e9 d\u2019organisation.<\/p>\n\n\n\n<p>Invit\u00e9 de l\u2019\u00e9mission T\u00e9l\u00e9matin sur France T\u00e9l\u00e9visions ce mercredi matin, son pr\u00e9sident&nbsp;<a href=\"https:\/\/www.20minutes.fr\/dossier\/tony_estanguet\" target=\"_blank\" rel=\"noreferrer noopener\">Tony Estanguet<\/a>&nbsp;a (r) appel\u00e9 de ses v\u0153ux une tr\u00eave sociale pendant les comp\u00e9titions, qui s\u2019\u00e9taleront du 26&nbsp;juillet (ouverture des JO) au 8&nbsp;septembre (cl\u00f4ture des Jeux paralympiques).<\/p>\n\n\n\n<p>\u00ab\u00a0Je la souhaite [cette tr\u00eave], j\u2019ai envie qu\u2019on accueille le monde dans les plus belles conditions et qu\u2019on ne g\u00e2che pas la f\u00eate, a d\u00e9clar\u00e9 Estanguet. Je souhaite qu\u2019on puisse trouver des solutions aux uns et aux autres qui vont travailler sur les sujets. On a bien conscience qu\u2019il y a des contraintes \u00e0 l\u2019organisation des Jeux.\u00a0<\/p>\n\n\n\n<p>Cette menace de conflit social venant perturber le bon d\u00e9roulement des JO a notamment \u00e9t\u00e9 brandie&nbsp;<a href=\"https:\/\/www.leprogres.fr\/politique\/2024\/02\/16\/mathilde-panot-encourage-les-mouvements-de-greve-avant-et-pendant-les-jo-2024\" rel=\"noreferrer noopener\" target=\"_blank\">par la cheffe de file des d\u00e9putes LFI Mathilde Panot<\/a>&nbsp;\u00e0 la mi-f\u00e9vrier. Elle a en effet encourag\u00e9 les Fran\u00e7ais \u00e0 faire gr\u00e8ve avant et pendant les Jeux olympiques contre un gouvernement \u00ab&nbsp;qui n\u2019entend que le rapport de force&nbsp;\u00bb. \u00ab&nbsp;Je ne suis pas compl\u00e8tement surpris, c\u2019est une tribune incroyable les Jeux olympiques&nbsp;\u00bb, a estim\u00e9 le patron du Cojo \u00e0 ce propos.<\/p>\n\n\n\n<h2 class=\"wp-block-heading\">\u00ab&nbsp;On ne peut pas accueillir le monde sans aucune nuisance&nbsp;\u00bb<\/h2>\n\n\n\n<p>Des n\u00e9gociations ont \u00e9t\u00e9 engag\u00e9es depuis plusieurs mois dans diff\u00e9rents secteurs pour parer \u00e0 un conflit social dans la police, les transports et l\u2019h\u00f4pital afin de compenser les cong\u00e9s report\u00e9s et les heures suppl\u00e9mentaires de l\u2019\u00e9t\u00e9. Une prime, jusqu\u2019\u00e0 1.900 euros, a par exemple \u00e9t\u00e9 annonc\u00e9e le 30&nbsp;janvier par le ministre de l\u2019Int\u00e9rieur&nbsp;<a href=\"https:\/\/www.20minutes.fr\/dossier\/gerald_darmanin\" target=\"_blank\" rel=\"noreferrer noopener\">G\u00e9rald Darmanin<\/a>&nbsp;pour les policiers et gendarmes travaillant en Ile-de-France. Mais la question n\u2019est pas totalement r\u00e9gl\u00e9e dans les autres secteurs, et la menace persiste.<\/p>\n\n\n\n<p>Concernant les transports, la CGT-RATP a notamment<a href=\"https:\/\/www.20minutes.fr\/paris\/4073474-20240130-ratp-preavis-greve-court-fevrier-septembre-legal\" target=\"_blank\" rel=\"noreferrer noopener\">&nbsp;d\u00e9pos\u00e9 le 5&nbsp;f\u00e9vrier un pr\u00e9avis de gr\u00e8ve&nbsp;<\/a>jusqu\u2019\u00e0 la fin des Jeux paralympiques. \u00ab&nbsp;On ne peut pas accueillir le monde avec une telle ambition sans avoir aucune nuisance&nbsp;\u00bb, a reconnu Tony Estanguet. \u00ab&nbsp;Globalement, les gens ont envie, jouent le jeu, vont s\u2019organiser pour que cette f\u00eate soit belle et on esp\u00e8re qu\u2019elle le sera jusqu\u2019au bout&nbsp;\u00bb, a expliqu\u00e9 le triple champion olympique de cano\u00eb.<\/p>\n","protected":false},"excerpt":{"rendered":"<p>Entre les agriculteurs, la\u00a0RATP, les policiers, les taxis ou le personnel hospitalier, la crainte d\u2019un mouvement social de grande ampleur autour des\u00a0Jeux olympiques de Paris\u00a0l\u2019\u00e9t\u00e9 prochain n\u2019est pas prise \u00e0 la l\u00e9g\u00e8re du c\u00f4t\u00e9 du comit\u00e9 d\u2019organisation. Invit\u00e9 de l\u2019\u00e9mission T\u00e9l\u00e9matin sur France T\u00e9l\u00e9visions ce mercredi matin, son pr\u00e9sident&nbsp;Tony Estanguet&nbsp;a (r) appel\u00e9 de ses v\u0153ux [&hellip;]<\/p>\n","protected":false},"author":2,"featured_media":27279,"comment_status":"open","ping_status":"open","sticky":false,"template":"","format":"standard","meta":{"_jetpack_memberships_contains_paid_content":false,"footnotes":"","jetpack_publicize_message":"","jetpack_publicize_feature_enabled":true,"jetpack_social_post_already_shared":true,"jetpack_social_options":{"image_generator_settings":{"template":"highway","default_image_id":0,"font":"","enabled":false},"version":2},"_wpas_customize_per_network":false},"categories":[18],"tags":[],"class_list":["post-27278","post","type-post","status-publish","format-standard","has-post-thumbnail","hentry","category-actu-sport"],"jetpack_publicize_connections":[],"jetpack_featured_media_url":"https:\/\/i0.wp.com\/www.iceagetv.com\/radiosite\/wp-content\/uploads\/2024\/02\/JO-Paris-2024-Tony-Estanguet-souhaite-une-treve-sociale-et-quon-ne-gache-pas-la-fete-.png?fit=741%2C557&ssl=1","jetpack_sharing_enabled":true,"_links":{"self":[{"href":"https:\/\/www.iceagetv.com\/radiosite\/wp-json\/wp\/v2\/posts\/27278","targetHints":{"allow":["GET"]}}],"collection":[{"href":"https:\/\/www.iceagetv.com\/radiosite\/wp-json\/wp\/v2\/posts"}],"about":[{"href":"https:\/\/www.iceagetv.com\/radiosite\/wp-json\/wp\/v2\/types\/post"}],"author":[{"embeddable":true,"href":"https:\/\/www.iceagetv.com\/radiosite\/wp-json\/wp\/v2\/users\/2"}],"replies":[{"embeddable":true,"href":"https:\/\/www.iceagetv.com\/radiosite\/wp-json\/wp\/v2\/comments?post=27278"}],"version-history":[{"count":1,"href":"https:\/\/www.iceagetv.com\/radiosite\/wp-json\/wp\/v2\/posts\/27278\/revisions"}],"predecessor-version":[{"id":27280,"href":"https:\/\/www.iceagetv.com\/radiosite\/wp-json\/wp\/v2\/posts\/27278\/revisions\/27280"}],"wp:featuredmedia":[{"embeddable":true,"href":"https:\/\/www.iceagetv.com\/radiosite\/wp-json\/wp\/v2\/media\/27279"}],"wp:attachment":[{"href":"https:\/\/www.iceagetv.com\/radiosite\/wp-json\/wp\/v2\/media?parent=27278"}],"wp:term":[{"taxonomy":"category","embeddable":true,"href":"https:\/\/www.iceagetv.com\/radiosite\/wp-json\/wp\/v2\/categories?post=27278"},{"taxonomy":"post_tag","embeddable":true,"href":"https:\/\/www.iceagetv.com\/radiosite\/wp-json\/wp\/v2\/tags?post=27278"}],"curies":[{"name":"wp","href":"https:\/\/api.w.org\/{rel}","templated":true}]}}