{"id":27299,"date":"2024-02-28T18:53:16","date_gmt":"2024-02-28T18:53:16","guid":{"rendered":"https:\/\/www.iceagetv.com\/radiosite\/?p=27299"},"modified":"2024-02-28T18:53:16","modified_gmt":"2024-02-28T18:53:16","slug":"crise-en-argentine-le-president-javier-milei-face-a-la-fronde-des-gouverneurs-et-des-syndicats","status":"publish","type":"post","link":"https:\/\/www.iceagetv.com\/radiosite\/crise-en-argentine-le-president-javier-milei-face-a-la-fronde-des-gouverneurs-et-des-syndicats\/","title":{"rendered":"Crise en Argentine : le pr\u00e9sident Javier Milei face \u00e0 la fronde des gouverneurs et des syndicats"},"content":{"rendered":"\n<p>Apr\u00e8s avoir r\u00e9colt\u00e9 les louanges am\u00e9ricaines, Javier Milei a retrouv\u00e9 les tensions auxquelles il doit faire face en\u00a0<a href=\"https:\/\/www.france24.com\/fr\/tag\/argentine\/\">Argentine<\/a>, dans un climat politique de plus en plus tendu. Parmi les raisons de la crise, des d\u00e9saccords profonds entre le gouvernement national et les provinces, et la col\u00e8re des syndicats qui r\u00e9clament des augmentations de salaire.<\/p>\n\n\n\n<p>Cette vision est logiquement partag\u00e9e par&nbsp;le porte-parole de la pr\u00e9sidence argentine, Manuel Adorni, qui&nbsp;a ni\u00e9, lors d&rsquo;un point presse le 26 f\u00e9vrier, l&rsquo;existence de \u00ab\u00a0probl\u00e8me de gouvernabilit\u00e9\u00a0\u00bb en Argentine. Un pays qui,&nbsp;selon lui,&nbsp;\u00ab\u00a0se trouve dans un processus de plus grande maturit\u00e9 qu&rsquo;\u00e0 d&rsquo;autres \u00e9poques\u00a0\u00bb.<\/p>\n\n\n\n<p>Pourtant, le torchon continue de br\u00fbler entre Javier Milei et certains gouverneurs de provinces qui, alert\u00e9s par la suspension des fonds de l&rsquo;\u00c9tat f\u00e9d\u00e9ral \u00e0 leur r\u00e9gion, ont mis en garde contre des actions qui pourraient, \u00e0 terme, nuire \u00e0 l&rsquo;ex\u00e9cutif national.<\/p>\n\n\n\n<h2 class=\"wp-block-heading\">Le chantage de la province de Chubut<\/h2>\n\n\n\n<p>La pol\u00e9mique a commenc\u00e9 \u00e0 la fin de la semaine derni\u00e8re, apr\u00e8s que le gouvernement argentin a retenu quelque 13,5 milliards de pesos (15,7 millions de dollars) de recettes fiscales f\u00e9d\u00e9rales qu&rsquo;il \u00e9tait cens\u00e9 verser \u00e0 la province de Chubut<\/p>\n","protected":false},"excerpt":{"rendered":"<p>Apr\u00e8s avoir r\u00e9colt\u00e9 les louanges am\u00e9ricaines, Javier Milei a retrouv\u00e9 les tensions auxquelles il doit faire face en\u00a0Argentine, dans un climat politique de plus en plus tendu. Parmi les raisons de la crise, des d\u00e9saccords profonds entre le gouvernement national et les provinces, et la col\u00e8re des syndicats qui r\u00e9clament des augmentations de salaire. Cette [&hellip;]<\/p>\n","protected":false},"author":2,"featured_media":27300,"comment_status":"open","ping_status":"open","sticky":false,"template":"","format":"standard","meta":{"_jetpack_memberships_contains_paid_content":false,"footnotes":"","jetpack_publicize_message":"","jetpack_publicize_feature_enabled":true,"jetpack_social_post_already_shared":true,"jetpack_social_options":{"image_generator_settings":{"template":"highway","default_image_id":0,"font":"","enabled":false},"version":2},"_wpas_customize_per_network":false},"categories":[405],"tags":[],"class_list":["post-27299","post","type-post","status-publish","format-standard","has-post-thumbnail","hentry","category-actu-france-monde"],"jetpack_publicize_connections":[],"jetpack_featured_media_url":"https:\/\/i0.wp.com\/www.iceagetv.com\/radiosite\/wp-content\/uploads\/2024\/02\/Screenshot_20240228_194821.jpg?fit=1053%2C607&ssl=1","jetpack_sharing_enabled":true,"_links":{"self":[{"href":"https:\/\/www.iceagetv.com\/radiosite\/wp-json\/wp\/v2\/posts\/27299","targetHints":{"allow":["GET"]}}],"collection":[{"href":"https:\/\/www.iceagetv.com\/radiosite\/wp-json\/wp\/v2\/posts"}],"about":[{"href":"https:\/\/www.iceagetv.com\/radiosite\/wp-json\/wp\/v2\/types\/post"}],"author":[{"embeddable":true,"href":"https:\/\/www.iceagetv.com\/radiosite\/wp-json\/wp\/v2\/users\/2"}],"replies":[{"embeddable":true,"href":"https:\/\/www.iceagetv.com\/radiosite\/wp-json\/wp\/v2\/comments?post=27299"}],"version-history":[{"count":1,"href":"https:\/\/www.iceagetv.com\/radiosite\/wp-json\/wp\/v2\/posts\/27299\/revisions"}],"predecessor-version":[{"id":27301,"href":"https:\/\/www.iceagetv.com\/radiosite\/wp-json\/wp\/v2\/posts\/27299\/revisions\/27301"}],"wp:featuredmedia":[{"embeddable":true,"href":"https:\/\/www.iceagetv.com\/radiosite\/wp-json\/wp\/v2\/media\/27300"}],"wp:attachment":[{"href":"https:\/\/www.iceagetv.com\/radiosite\/wp-json\/wp\/v2\/media?parent=27299"}],"wp:term":[{"taxonomy":"category","embeddable":true,"href":"https:\/\/www.iceagetv.com\/radiosite\/wp-json\/wp\/v2\/categories?post=27299"},{"taxonomy":"post_tag","embeddable":true,"href":"https:\/\/www.iceagetv.com\/radiosite\/wp-json\/wp\/v2\/tags?post=27299"}],"curies":[{"name":"wp","href":"https:\/\/api.w.org\/{rel}","templated":true}]}}