{"id":27332,"date":"2024-03-02T12:58:55","date_gmt":"2024-03-02T12:58:55","guid":{"rendered":"https:\/\/www.iceagetv.com\/radiosite\/?p=27332"},"modified":"2024-03-02T12:58:55","modified_gmt":"2024-03-02T12:58:55","slug":"envoi-de-troupes-militaires-en-ukraine-emmanuel-macron-et-le-retour-de-la-manivelle","status":"publish","type":"post","link":"https:\/\/www.iceagetv.com\/radiosite\/envoi-de-troupes-militaires-en-ukraine-emmanuel-macron-et-le-retour-de-la-manivelle\/","title":{"rendered":"Envoi de troupes militaires en Ukraine\u00a0: Emmanuel Macron et le retour de la manivelle"},"content":{"rendered":"\n<p class=\"\">Ce devait \u00eatre un signal fort de la d\u00e9termination des Europ\u00e9ens et en premier lieu du pr\u00e9sident fran\u00e7ais \u00ab \u00e0 tout faire pour que\u00a0<a href=\"https:\/\/www.challenges.fr\/cybersecurite\/operation-doppelganger-la-desinformation-russe-revient-en-force-en-europe_885324\" target=\"_blank\" rel=\"noreferrer noopener\">la Russie<\/a>\u00a0ne puisse pas gagner cette guerre \u00bb. L\u2019effet obtenu pourrait bien \u00eatre l\u2019inverse de celui escompt\u00e9. Interrog\u00e9 le 26 f\u00e9vrier sur un possible engagement de militaires Occidentaux sur le terrain de guerre ukrainien, Emmanuel Macron aurait pu r\u00e9pondre sur un ton diplomatique que \u00ab la question n\u2019est pas \u00e0 l\u2019ordre du jour \u00bb. Quitte \u00e0 rajouter \u00ab un pour le moment \u00bb afin de conserver une certaine ambigu\u00eft\u00e9 strat\u00e9gique. Factuellement incontestables, les mots pr\u00e9sidentiels reconnaissaient qu\u2019il n\u2019y a \u00ab aucun consensus pour envoyer de mani\u00e8re officielle, assum\u00e9e et endoss\u00e9e des troupes au sol \u00bb mais il soulignait aussi que \u00ab rien n\u2019est exclu \u00bb.<\/p>\n\n\n\n<p class=\"\">Une fois de plus, Emmanuel Macron aura peut-\u00eatre le tort d\u2019avoir eu raison trop t\u00f4t, comme avec sa phrase choc sur \u00ab la mort c\u00e9r\u00e9brale de l\u2019Otan \u00bb lanc\u00e9e en 2019 entra\u00eenant un salutaire d\u00e9bat. Mais il n\u2019y a mis ni les formes, ni la mani\u00e8re et surtout, il n\u2019a pas choisi le meilleur moment. La liste de tels d\u00e9rapages verbaux pr\u00e9sidentiels est longue aussi bien \u00e0 propos de la Russie&nbsp;<a href=\"https:\/\/www.challenges.fr\/politique\/ukraine-macron-dit-vouloir-la-defaite-de-la-russie-mais-sans-l-ecraser_846153\" target=\"_blank\" rel=\"noreferrer noopener\">\u00ab qu\u2019il ne faut pas humilier \u00bb<\/a>&nbsp;ou de la Chine quand il confie \u00e0 des journalistes en revenant de P\u00e9kin que la France n\u2019a pas \u00e0 s\u2019impliquer avec&nbsp;<a href=\"https:\/\/www.challenges.fr\/monde\/le-voyage-officiel-de-macron-en-chine-continue-a-faire-des-remous_852637\" target=\"_blank\" rel=\"noreferrer noopener\">les Am\u00e9ricains dans un conflit sur Ta\u00efwan<\/a>. Cette fois le couac est encore plus s\u00e9rieux.<\/p>\n\n\n\n<h2 class=\"wp-block-heading\">Emmanuel Macron, un pr\u00e9sident va-t-en guerre<\/h2>\n\n\n\n<p class=\"\">Les propos d\u2019Emmanuel Macron ne sont pas absurdes en termes de cr\u00e9dibilit\u00e9 de la dissuasion. Bien au contraire. \u00ab Le message est triple : aux Ukrainiens, nous disons que nous sommes pr\u00eats \u00e0 prendre des risques \u00e0 leurs c\u00f4t\u00e9s. A la Russie, cette guerre est tr\u00e8s importante pour nous. A l\u2019opinion publique, les enjeux sont tels qu\u2019on ne peut pas exclure cette possibilit\u00e9 \u00bb analyse Camille Grand, ancien secr\u00e9taire g\u00e9n\u00e9ral adjoint de l\u2019Otan et repr\u00e9sentant \u00e0 Bruxelles du think tank European Council for Foreign Relations (ECFR). Mais une telle annonce implique \u00e0 tout le moins de s\u2019assurer du soutien au moins d\u2019une partie de nos partenaires. Cela n\u2019a pas \u00e9t\u00e9 fait, ou mal fait. La suggestion du chef de l\u2019\u00c9tat sera selon toute probabilit\u00e9 interpr\u00e9t\u00e9e par Vladimir Poutine comme un signal de faiblesse et de division des Occidentaux.<\/p>\n\n\n\n<p class=\"\">La question d\u2019une pr\u00e9sence au sol de militaires de pays de l\u2019Alliance Atlantique pour l\u2019assistance, loin des lignes de front, est discut\u00e9e depuis plusieurs mois. C\u2019est d\u00e9j\u00e0 une r\u00e9alit\u00e9 reconnue \u00e0 demi-mot par Londres dont des experts militaires aident les Ukrainiens \u00e0 adapter les missiles Storm shadow. Il n\u2019est pas exclu que des Fran\u00e7ais soient aussi sur zone pour les Scalp. C\u2019est aussi, voire d\u2019abord, parce qu\u2019il ne veut pas d\u00e9ployer, m\u00eame en petit nombre des militaires allemands sur le sol ukrainien que le chancelier Olaf Scholz se refuse \u00e0 livrer les missiles Taurus malgr\u00e9 les demandes r\u00e9p\u00e9t\u00e9es de Kiev.Les mots d\u2019Emmanuel Macron n\u2019\u00e9taient pas tr\u00e8s bien choisis : parler de \u00ab troupes au sol \u00bb implique l\u2019id\u00e9e de nombre et de forces combattantes ce qui n\u2019est absolument pas \u00e0 l\u2019ordre du jour, ni m\u00eame dans l\u2019esprit du chef de l\u2019\u00c9tat. En outre briser publiquement le tabou sur un sujet aussi sensible n\u00e9cessitait une vraie concertation avec nos principaux partenaires \u00e0 commencer par Berlin et Washington. On assure \u00e0 l\u2019Elys\u00e9e que de telles discussions ont eu lieu en amont. Sa sortie n\u2019en a pas moins entra\u00een\u00e9 une cacophonie politique et surtout diplomatique montrant un quasi total isolement du pr\u00e9sident fran\u00e7ais.<\/p>\n","protected":false},"excerpt":{"rendered":"<p>Ce devait \u00eatre un signal fort de la d\u00e9termination des Europ\u00e9ens et en premier lieu du pr\u00e9sident fran\u00e7ais \u00ab \u00e0 tout faire pour que\u00a0la Russie\u00a0ne puisse pas gagner cette guerre \u00bb. L\u2019effet obtenu pourrait bien \u00eatre l\u2019inverse de celui escompt\u00e9. Interrog\u00e9 le 26 f\u00e9vrier sur un possible engagement de militaires Occidentaux sur le terrain de [&hellip;]<\/p>\n","protected":false},"author":2,"featured_media":27333,"comment_status":"open","ping_status":"open","sticky":false,"template":"","format":"standard","meta":{"_jetpack_memberships_contains_paid_content":false,"footnotes":"","jetpack_publicize_message":"","jetpack_publicize_feature_enabled":true,"jetpack_social_post_already_shared":true,"jetpack_social_options":{"image_generator_settings":{"template":"highway","default_image_id":0,"font":"","enabled":false},"version":2},"_wpas_customize_per_network":false},"categories":[405],"tags":[],"class_list":["post-27332","post","type-post","status-publish","format-standard","has-post-thumbnail","hentry","category-actu-france-monde"],"jetpack_publicize_connections":[],"jetpack_featured_media_url":"https:\/\/i0.wp.com\/www.iceagetv.com\/radiosite\/wp-content\/uploads\/2024\/03\/Emmanuel-Macron-et-le-retour-de-la-manivelle.png?fit=699%2C552&ssl=1","jetpack_sharing_enabled":true,"_links":{"self":[{"href":"https:\/\/www.iceagetv.com\/radiosite\/wp-json\/wp\/v2\/posts\/27332","targetHints":{"allow":["GET"]}}],"collection":[{"href":"https:\/\/www.iceagetv.com\/radiosite\/wp-json\/wp\/v2\/posts"}],"about":[{"href":"https:\/\/www.iceagetv.com\/radiosite\/wp-json\/wp\/v2\/types\/post"}],"author":[{"embeddable":true,"href":"https:\/\/www.iceagetv.com\/radiosite\/wp-json\/wp\/v2\/users\/2"}],"replies":[{"embeddable":true,"href":"https:\/\/www.iceagetv.com\/radiosite\/wp-json\/wp\/v2\/comments?post=27332"}],"version-history":[{"count":1,"href":"https:\/\/www.iceagetv.com\/radiosite\/wp-json\/wp\/v2\/posts\/27332\/revisions"}],"predecessor-version":[{"id":27334,"href":"https:\/\/www.iceagetv.com\/radiosite\/wp-json\/wp\/v2\/posts\/27332\/revisions\/27334"}],"wp:featuredmedia":[{"embeddable":true,"href":"https:\/\/www.iceagetv.com\/radiosite\/wp-json\/wp\/v2\/media\/27333"}],"wp:attachment":[{"href":"https:\/\/www.iceagetv.com\/radiosite\/wp-json\/wp\/v2\/media?parent=27332"}],"wp:term":[{"taxonomy":"category","embeddable":true,"href":"https:\/\/www.iceagetv.com\/radiosite\/wp-json\/wp\/v2\/categories?post=27332"},{"taxonomy":"post_tag","embeddable":true,"href":"https:\/\/www.iceagetv.com\/radiosite\/wp-json\/wp\/v2\/tags?post=27332"}],"curies":[{"name":"wp","href":"https:\/\/api.w.org\/{rel}","templated":true}]}}