{"id":27347,"date":"2024-03-03T10:05:58","date_gmt":"2024-03-03T10:05:58","guid":{"rendered":"https:\/\/www.iceagetv.com\/radiosite\/?p=27347"},"modified":"2024-03-03T10:05:58","modified_gmt":"2024-03-03T10:05:58","slug":"colere-agricole-des-controles-en-grande-surface-a-venir-annonce-le-vice-president-la-fnsea","status":"publish","type":"post","link":"https:\/\/www.iceagetv.com\/radiosite\/colere-agricole-des-controles-en-grande-surface-a-venir-annonce-le-vice-president-la-fnsea\/","title":{"rendered":"COL\u00c8RE AGRICOLE: \u00ab\u00a0DES CONTR\u00d4LES EN GRANDE SURFACE\u00a0\u00bb \u00c0 VENIR, ANNONCE LE VICE-PR\u00c9SIDENT LA FNSEA"},"content":{"rendered":"\n<p class=\"\">Quelles actions \u00e0 venir pour la suite du mouvement agricole? \u00ab\u00a0Des contr\u00f4les en grande surface\u00a0\u00bb annonce ce dimanche sur RMC le vice-pr\u00e9sident de la FNSEA, Luc Smessaert. Ce dernier a \u00e9galement salu\u00e9 un Salon de l&rsquo;Agriculture, qui ferme ses portes aujourd&rsquo;hui, \u00ab\u00a0exceptionnel\u00a0\u00bb. La 60e \u00e9dition aura \u00e9t\u00e9 marqu\u00e9e par une inauguration chaotique.<\/p>\n\n\n\n<p class=\"\">Le projet de loi d&rsquo;orientation agricole sera soumis en Conseil des ministres le 21 mars. Alors, d&rsquo;ici l\u00e0, et alors que le&nbsp;<a href=\"https:\/\/rmc.bfmtv.com\/actualites\/politique\/salon-de-l-agriculture-christophe-bechu-et-marc-fesneau-vises-par-des-jets-d-oeufs_AV-202403010716.html\">Salon de l&rsquo;Agriculture&nbsp;<\/a>touche \u00e0 sa fin, ce dimanche, quelle suite pour le mouvement agricole?<\/p>\n\n\n\n<p class=\"\">\u00ab\u00a0Les braises sont encore chaudes\u00a0\u00bb, explique sur RMC Luc Smessaert, vice-pr\u00e9sident de la FNSEA. \u00ab\u00a0Il n&rsquo;y aura pas d&rsquo;actions comme celles de janvier mais des contr\u00f4les en grande surface pour v\u00e9rifier<a href=\"https:\/\/rmc.bfmtv.com\/replay-emissions\/apolline-matin\/egalim-comment-mieux-faire-respecter-la-loi_VN-202402200159.html\">\u00a0l&rsquo;origine et l&rsquo;\u00e9tiquetage des produits<\/a>\u00ab\u00a0, annonce-t-il. Les agriculteurs entendent bien de continuer \u00e0 mettre le pression sur le\u00a0<a href=\"https:\/\/rmc.bfmtv.com\/replay-emissions\/les-grandes-gueules\/gabriel-attal-a-compris-qu-il-faut-du-temps-pour-regler-les-problemes-agricoles-contrairement-a-macron-souligne-cet-agriculteur_VN-202402270315.html\">gouvernement<\/a>, selon lui, \u00ab\u00a0pour pas qu&rsquo;ils nous la mettent \u00e0 l&rsquo;envers\u00a0\u00bb.<\/p>\n\n\n\n<h2 class=\"wp-block-heading\">MACRON A PRIS EN OTAGE LE HALL 1&Prime;<\/h2>\n\n\n\n<p class=\"\">Un Salon de l&rsquo;Agriculture qui ferme ses portes ce dimanche, apr\u00e8s une semaine agit\u00e9e et les manifestations qui ont provoqu\u00e9 entre autres l<a href=\"https:\/\/rmc.bfmtv.com\/replay-emissions\/les-grandes-gueules\/patrick-legras-interpelle-ce-matin_VN-202403010289.html\">&lsquo;interpellation de 66 agriculteurs<\/a>&nbsp;\u00e0 Paris. Malgr\u00e9 tout, la 60e \u00e9dition aura \u00e9t\u00e9 \u00ab\u00a0exceptionnelle\u00a0\u00bb. C&rsquo;est ainsi que juge Luc Smessaert, vice-pr\u00e9sident de la FNSEA le bilan de la plus \u00ab\u00a0grande ferme du monde\u00a0\u00bb.<\/p>\n\n\n\n<p class=\"\">\u00ab\u00a0C&rsquo;est un salon qui restera dans les m\u00e9moires\u00a0\u00bb malgr\u00e9 un \u00ab\u00a0samedi chaotique\u00a0\u00bb. \u00ab\u00a0<a href=\"https:\/\/rmc.bfmtv.com\/replay-emissions\/les-grandes-gueules\/macron-chaos-au-salon-de-l-agriculture-a-qui-la-faute-26-02_EN-202402260324.html\">Emmanuel Macron\u00a0<\/a>a pris en otage le hall 1 pendant 5h, les visiteurs ne pouvaient pas visiter. Lui \u00e9tait en train de d\u00e9battre dans une salle\u00a0\u00bb, estime cet \u00e9leveur laitier de l&rsquo;Oise.<\/p>\n\n\n\n<p class=\"\">Le vice-pr\u00e9sident de la FNSEA n&rsquo;a pas go\u00fbt\u00e9 \u00e0 la prestation du Pr\u00e9sident. \u00ab\u00a0Il ne fallait peut \u00eatre pas faire un show penadnt plusieurs heures\u00a0\u00bb, regrettant la \u00ab\u00a0provocation\u00a0\u00bb d&rsquo;avoir invit\u00e9 des \u00ab\u00a0gens qui sont contre l&rsquo;agriculture\u00a0\u00bb. Une r\u00e9f\u00e9rence faite \u00e0 l&rsquo;invitation au \u00ab\u00a0grand d\u00e9bat\u00a0\u00bb promis par le chef de l&rsquo;Etat, finalement annul\u00e9, des Soul\u00e8vements de la Terre.<\/p>\n\n\n\n<p class=\"\">Au Salon samedi dernier, Emmanuel Macron avait justement fulmin\u00e9, se disant \u00ab\u00a0en col\u00e8re\u00a0\u00bb, assurant ne les avoir jamais invit\u00e9s, alors qu&rsquo;un imbroglio r\u00e9gnait sur la question. Le mouvement \u00e9cologiste assurant, lui, avoir bel et bien \u00e9t\u00e9 convi\u00e9 \u00e0 l&rsquo;\u00e9v\u00e8nement.<\/p>\n","protected":false},"excerpt":{"rendered":"<p>Quelles actions \u00e0 venir pour la suite du mouvement agricole? \u00ab\u00a0Des contr\u00f4les en grande surface\u00a0\u00bb annonce ce dimanche sur RMC le vice-pr\u00e9sident de la FNSEA, Luc Smessaert. Ce dernier a \u00e9galement salu\u00e9 un Salon de l&rsquo;Agriculture, qui ferme ses portes aujourd&rsquo;hui, \u00ab\u00a0exceptionnel\u00a0\u00bb. La 60e \u00e9dition aura \u00e9t\u00e9 marqu\u00e9e par une inauguration chaotique. Le projet de [&hellip;]<\/p>\n","protected":false},"author":2,"featured_media":27348,"comment_status":"open","ping_status":"open","sticky":false,"template":"","format":"standard","meta":{"_jetpack_memberships_contains_paid_content":false,"footnotes":"","jetpack_publicize_message":"","jetpack_publicize_feature_enabled":true,"jetpack_social_post_already_shared":true,"jetpack_social_options":{"image_generator_settings":{"template":"highway","default_image_id":0,"font":"","enabled":false},"version":2},"_wpas_customize_per_network":false},"categories":[405],"tags":[],"class_list":["post-27347","post","type-post","status-publish","format-standard","has-post-thumbnail","hentry","category-actu-france-monde"],"jetpack_publicize_connections":[],"jetpack_featured_media_url":"https:\/\/i0.wp.com\/www.iceagetv.com\/radiosite\/wp-content\/uploads\/2024\/03\/colere-agricole.png?fit=543%2C290&ssl=1","jetpack_sharing_enabled":true,"_links":{"self":[{"href":"https:\/\/www.iceagetv.com\/radiosite\/wp-json\/wp\/v2\/posts\/27347","targetHints":{"allow":["GET"]}}],"collection":[{"href":"https:\/\/www.iceagetv.com\/radiosite\/wp-json\/wp\/v2\/posts"}],"about":[{"href":"https:\/\/www.iceagetv.com\/radiosite\/wp-json\/wp\/v2\/types\/post"}],"author":[{"embeddable":true,"href":"https:\/\/www.iceagetv.com\/radiosite\/wp-json\/wp\/v2\/users\/2"}],"replies":[{"embeddable":true,"href":"https:\/\/www.iceagetv.com\/radiosite\/wp-json\/wp\/v2\/comments?post=27347"}],"version-history":[{"count":1,"href":"https:\/\/www.iceagetv.com\/radiosite\/wp-json\/wp\/v2\/posts\/27347\/revisions"}],"predecessor-version":[{"id":27349,"href":"https:\/\/www.iceagetv.com\/radiosite\/wp-json\/wp\/v2\/posts\/27347\/revisions\/27349"}],"wp:featuredmedia":[{"embeddable":true,"href":"https:\/\/www.iceagetv.com\/radiosite\/wp-json\/wp\/v2\/media\/27348"}],"wp:attachment":[{"href":"https:\/\/www.iceagetv.com\/radiosite\/wp-json\/wp\/v2\/media?parent=27347"}],"wp:term":[{"taxonomy":"category","embeddable":true,"href":"https:\/\/www.iceagetv.com\/radiosite\/wp-json\/wp\/v2\/categories?post=27347"},{"taxonomy":"post_tag","embeddable":true,"href":"https:\/\/www.iceagetv.com\/radiosite\/wp-json\/wp\/v2\/tags?post=27347"}],"curies":[{"name":"wp","href":"https:\/\/api.w.org\/{rel}","templated":true}]}}