{"id":27350,"date":"2024-03-03T10:09:12","date_gmt":"2024-03-03T10:09:12","guid":{"rendered":"https:\/\/www.iceagetv.com\/radiosite\/?p=27350"},"modified":"2024-03-03T10:09:12","modified_gmt":"2024-03-03T10:09:12","slug":"une-adolescente-tuee-cette-nuit-dans-un-accident-dautocar-sur-la6-douze-blesses-dont-un-grave","status":"publish","type":"post","link":"https:\/\/www.iceagetv.com\/radiosite\/une-adolescente-tuee-cette-nuit-dans-un-accident-dautocar-sur-la6-douze-blesses-dont-un-grave\/","title":{"rendered":"UNE ADOLESCENTE TU\u00c9E CETTE NUIT DANS UN ACCIDENT D&rsquo;AUTOCAR SUR L&rsquo;A6, DOUZE BLESS\u00c9S DONT UN GRAVE"},"content":{"rendered":"\n<p class=\"\">Une adolescente est d\u00e9c\u00e9d\u00e9e dans l&rsquo;accident d&rsquo;un autocar sur l&rsquo;autoroute A6 \u00e0 Eguilly (C\u00f4te-d&rsquo;Or) et douze personnes ont \u00e9t\u00e9 bless\u00e9es dans la nuit de samedi \u00e0 dimanche, a indiqu\u00e9 la pr\u00e9fecture.<\/p>\n\n\n\n<p class=\"\">Vers 01H40, \u00ab\u00a0pour une raison encore inconnue, le v\u00e9hicule s&rsquo;est couch\u00e9 sur le flanc\u00a0\u00bb sur l&rsquo;autoroute dans le sens nord-sud, a annonc\u00e9 la pr\u00e9fecture de C\u00f4te-d&rsquo;Or dans un communiqu\u00e9, rapporte l&rsquo;AFP.<\/p>\n\n\n\n<p class=\"\">Le v\u00e9hicule qui transportait 51 personnes, dont 41 enfants (de 5 \u00e0 15 ans) et 10 adultes, dont le chauffeur, \u00e9tait parti des Andelys (Eure) et devait rejoindre Saint-L\u00e9ger-les-M\u00e9l\u00e8zes (Hautes-Alpes). La pr\u00e9fecture a indiqu\u00e9 \u00e0 l&rsquo;AFP que la personne d\u00e9c\u00e9d\u00e9e \u00e9tait une adolescente.<\/p>\n\n\n\n<h2 class=\"wp-block-heading\">UN ADULTE GRI\u00c8VEMENT BLESS\u00c9<\/h2>\n\n\n\n<p class=\"\">Un adulte a par ailleurs \u00e9t\u00e9 gri\u00e8vement bless\u00e9 sans que son pronostic vital soit engag\u00e9 et onze autres personnes, cinq majeurs et six mineurs, ont \u00e9t\u00e9 plus l\u00e9g\u00e8rement bless\u00e9s. Les bless\u00e9s ont \u00e9t\u00e9 \u00e9vacu\u00e9s vers les h\u00f4pitaux de Semur-en-Auxois et de Dijon.<\/p>\n\n\n\n<p class=\"\">Soixante-dix pompiers et 43 engins ont \u00e9t\u00e9 engag\u00e9s sur les op\u00e9rations de secours. Le pr\u00e9fet de la C\u00f4te-d&rsquo;Or a activ\u00e9 le plan \u00ab\u00a0nombreuses victimes\u00a0\u00bb (NOVI) et le Centre op\u00e9rationnel d\u00e9partemental.<\/p>\n\n\n\n<p class=\"\">Les personnes non bless\u00e9es ont \u00e9t\u00e9 prises en charge par une cellule d&rsquo;urgence m\u00e9dico-psychologique. Leur rapatriement est organis\u00e9 en lien avec la pr\u00e9fecture de l\u2019Eure.<\/p>\n","protected":false},"excerpt":{"rendered":"<p>Une adolescente est d\u00e9c\u00e9d\u00e9e dans l&rsquo;accident d&rsquo;un autocar sur l&rsquo;autoroute A6 \u00e0 Eguilly (C\u00f4te-d&rsquo;Or) et douze personnes ont \u00e9t\u00e9 bless\u00e9es dans la nuit de samedi \u00e0 dimanche, a indiqu\u00e9 la pr\u00e9fecture. Vers 01H40, \u00ab\u00a0pour une raison encore inconnue, le v\u00e9hicule s&rsquo;est couch\u00e9 sur le flanc\u00a0\u00bb sur l&rsquo;autoroute dans le sens nord-sud, a annonc\u00e9 la pr\u00e9fecture [&hellip;]<\/p>\n","protected":false},"author":2,"featured_media":27351,"comment_status":"open","ping_status":"open","sticky":false,"template":"","format":"standard","meta":{"_jetpack_memberships_contains_paid_content":false,"footnotes":"","jetpack_publicize_message":"","jetpack_publicize_feature_enabled":true,"jetpack_social_post_already_shared":true,"jetpack_social_options":{"image_generator_settings":{"template":"highway","default_image_id":0,"font":"","enabled":false},"version":2},"_wpas_customize_per_network":false},"categories":[405],"tags":[],"class_list":["post-27350","post","type-post","status-publish","format-standard","has-post-thumbnail","hentry","category-actu-france-monde"],"jetpack_publicize_connections":[],"jetpack_featured_media_url":"https:\/\/i0.wp.com\/www.iceagetv.com\/radiosite\/wp-content\/uploads\/2024\/03\/UNE-ADOLESCENTE-TUEE-CETTE-NUIT-DANS-UN-ACCIDENT-DAUTOCAR-SUR-LA6.png?fit=529%2C253&ssl=1","jetpack_sharing_enabled":true,"_links":{"self":[{"href":"https:\/\/www.iceagetv.com\/radiosite\/wp-json\/wp\/v2\/posts\/27350","targetHints":{"allow":["GET"]}}],"collection":[{"href":"https:\/\/www.iceagetv.com\/radiosite\/wp-json\/wp\/v2\/posts"}],"about":[{"href":"https:\/\/www.iceagetv.com\/radiosite\/wp-json\/wp\/v2\/types\/post"}],"author":[{"embeddable":true,"href":"https:\/\/www.iceagetv.com\/radiosite\/wp-json\/wp\/v2\/users\/2"}],"replies":[{"embeddable":true,"href":"https:\/\/www.iceagetv.com\/radiosite\/wp-json\/wp\/v2\/comments?post=27350"}],"version-history":[{"count":1,"href":"https:\/\/www.iceagetv.com\/radiosite\/wp-json\/wp\/v2\/posts\/27350\/revisions"}],"predecessor-version":[{"id":27352,"href":"https:\/\/www.iceagetv.com\/radiosite\/wp-json\/wp\/v2\/posts\/27350\/revisions\/27352"}],"wp:featuredmedia":[{"embeddable":true,"href":"https:\/\/www.iceagetv.com\/radiosite\/wp-json\/wp\/v2\/media\/27351"}],"wp:attachment":[{"href":"https:\/\/www.iceagetv.com\/radiosite\/wp-json\/wp\/v2\/media?parent=27350"}],"wp:term":[{"taxonomy":"category","embeddable":true,"href":"https:\/\/www.iceagetv.com\/radiosite\/wp-json\/wp\/v2\/categories?post=27350"},{"taxonomy":"post_tag","embeddable":true,"href":"https:\/\/www.iceagetv.com\/radiosite\/wp-json\/wp\/v2\/tags?post=27350"}],"curies":[{"name":"wp","href":"https:\/\/api.w.org\/{rel}","templated":true}]}}