{"id":27353,"date":"2024-03-03T19:37:51","date_gmt":"2024-03-03T19:37:51","guid":{"rendered":"https:\/\/www.iceagetv.com\/radiosite\/?p=27353"},"modified":"2024-03-03T19:37:51","modified_gmt":"2024-03-03T19:37:51","slug":"salon-de-lagriculture-603-652-visiteurs-pour-la-60e-edition-annoncent-les-organisateurs","status":"publish","type":"post","link":"https:\/\/www.iceagetv.com\/radiosite\/salon-de-lagriculture-603-652-visiteurs-pour-la-60e-edition-annoncent-les-organisateurs\/","title":{"rendered":"SALON DE L&rsquo;AGRICULTURE: 603.652 VISITEURS POUR LA 60E \u00c9DITION, ANNONCENT LES ORGANISATEURS"},"content":{"rendered":"\n<p class=\"\">603.652 visiteurs ont particip\u00e9 \u00e0 la 60e \u00e9dition du Salon de l&rsquo;agriculture. La fr\u00e9quentation est en l\u00e9g\u00e8re baisse (-2%) par rapport \u00e0 2023.<\/p>\n\n\n\n<p class=\"\">Le&nbsp;<a href=\"https:\/\/www.bfmtv.com\/societe\/salon-de-l-agriculture_DN-202302240444.html\">Salon de l&rsquo;agriculture 2024<\/a>&nbsp;a accueilli 603.652 visiteurs pour sa 60e \u00e9dition, marqu\u00e9e par la&nbsp;<a href=\"https:\/\/www.bfmtv.com\/politique\/salon-de-l-agriculture-63-des-francais-jugent-macron-responsable-des-incidents-lors-de-l-inauguration_AN-202402280670.html\">visite chahut\u00e9e du chef de l&rsquo;\u00c9tat<\/a>&nbsp;en pleine crise agricole, ont annonc\u00e9 ce dimanche 3 mars les organisateurs de l&rsquo;\u00e9v\u00e9nement.<\/p>\n\n\n\n<p class=\"\">La fr\u00e9quentation est en l\u00e9g\u00e8re baisse (-2%) par rapport \u00e0 l&rsquo;ann\u00e9e derni\u00e8re, o\u00f9 615.204 visiteurs avaient \u00e9t\u00e9 recens\u00e9s.<\/p>\n\n\n\n<h2 class=\"wp-block-heading\">Une \u00ab\u00a0\u00e9dition compliqu\u00e9e, surtout en d\u00e9but de salon\u00a0\u00bb<\/h2>\n\n\n\n<p class=\"\">Le pr\u00e9sident du salon, Jean-Luc Poulain, a \u00e9voqu\u00e9 une \u00ab\u00a0\u00e9dition compliqu\u00e9e, surtout en d\u00e9but de salon\u00a0\u00bb, mais aussi une f\u00eate populaire toujours pl\u00e9biscit\u00e9e par le public, \u00ab\u00a0venu nombreux\u00a0\u00bb \u00e0 la rencontre des agriculteurs.<\/p>\n\n\n\n<p class=\"\">Il \u00e9value \u00e0 \u00ab\u00a0environ 20%\u00a0\u00bb la baisse de fr\u00e9quentation les deux premiers jours, mais assure que les chiffres des entr\u00e9es ont \u00e9t\u00e9 les jours suivants meilleurs que l&rsquo;an dernier, avec plus de 100.000 visiteurs le deuxi\u00e8me samedi.<\/p>\n\n\n\n<p class=\"\">Si, en d\u00e9but de semaine, certains exposants se plaignaient d&rsquo;un manque \u00e0 gagner, ces dol\u00e9ances \u00ab\u00a0sont \u00e9teintes aujourd&rsquo;hui\u00a0\u00bb: \u00ab\u00a0Plus un n&rsquo;en parle. Je pense qu&rsquo;ils ont eux aussi fait du rattrapage dans la semaine\u00a0\u00bb, a rapport\u00e9 Jean-Luc Poulain, c\u00e9r\u00e9alier dans l&rsquo;Oise, qui pr\u00e9sidait l&rsquo;\u00e9v\u00e9nement pour la derni\u00e8re fois.<\/p>\n","protected":false},"excerpt":{"rendered":"<p>603.652 visiteurs ont particip\u00e9 \u00e0 la 60e \u00e9dition du Salon de l&rsquo;agriculture. La fr\u00e9quentation est en l\u00e9g\u00e8re baisse (-2%) par rapport \u00e0 2023. Le&nbsp;Salon de l&rsquo;agriculture 2024&nbsp;a accueilli 603.652 visiteurs pour sa 60e \u00e9dition, marqu\u00e9e par la&nbsp;visite chahut\u00e9e du chef de l&rsquo;\u00c9tat&nbsp;en pleine crise agricole, ont annonc\u00e9 ce dimanche 3 mars les organisateurs de l&rsquo;\u00e9v\u00e9nement. [&hellip;]<\/p>\n","protected":false},"author":2,"featured_media":27354,"comment_status":"open","ping_status":"open","sticky":false,"template":"","format":"standard","meta":{"_jetpack_memberships_contains_paid_content":false,"footnotes":"","jetpack_publicize_message":"","jetpack_publicize_feature_enabled":true,"jetpack_social_post_already_shared":true,"jetpack_social_options":{"image_generator_settings":{"template":"highway","default_image_id":0,"font":"","enabled":false},"version":2},"_wpas_customize_per_network":false},"categories":[405],"tags":[],"class_list":["post-27353","post","type-post","status-publish","format-standard","has-post-thumbnail","hentry","category-actu-france-monde"],"jetpack_publicize_connections":[],"jetpack_featured_media_url":"https:\/\/i0.wp.com\/www.iceagetv.com\/radiosite\/wp-content\/uploads\/2024\/03\/salon-de-l-agriculture.png?fit=849%2C520&ssl=1","jetpack_sharing_enabled":true,"_links":{"self":[{"href":"https:\/\/www.iceagetv.com\/radiosite\/wp-json\/wp\/v2\/posts\/27353","targetHints":{"allow":["GET"]}}],"collection":[{"href":"https:\/\/www.iceagetv.com\/radiosite\/wp-json\/wp\/v2\/posts"}],"about":[{"href":"https:\/\/www.iceagetv.com\/radiosite\/wp-json\/wp\/v2\/types\/post"}],"author":[{"embeddable":true,"href":"https:\/\/www.iceagetv.com\/radiosite\/wp-json\/wp\/v2\/users\/2"}],"replies":[{"embeddable":true,"href":"https:\/\/www.iceagetv.com\/radiosite\/wp-json\/wp\/v2\/comments?post=27353"}],"version-history":[{"count":1,"href":"https:\/\/www.iceagetv.com\/radiosite\/wp-json\/wp\/v2\/posts\/27353\/revisions"}],"predecessor-version":[{"id":27355,"href":"https:\/\/www.iceagetv.com\/radiosite\/wp-json\/wp\/v2\/posts\/27353\/revisions\/27355"}],"wp:featuredmedia":[{"embeddable":true,"href":"https:\/\/www.iceagetv.com\/radiosite\/wp-json\/wp\/v2\/media\/27354"}],"wp:attachment":[{"href":"https:\/\/www.iceagetv.com\/radiosite\/wp-json\/wp\/v2\/media?parent=27353"}],"wp:term":[{"taxonomy":"category","embeddable":true,"href":"https:\/\/www.iceagetv.com\/radiosite\/wp-json\/wp\/v2\/categories?post=27353"},{"taxonomy":"post_tag","embeddable":true,"href":"https:\/\/www.iceagetv.com\/radiosite\/wp-json\/wp\/v2\/tags?post=27353"}],"curies":[{"name":"wp","href":"https:\/\/api.w.org\/{rel}","templated":true}]}}