{"id":27362,"date":"2024-03-05T07:55:40","date_gmt":"2024-03-05T07:55:40","guid":{"rendered":"https:\/\/www.iceagetv.com\/radiosite\/?p=27362"},"modified":"2024-03-05T07:57:50","modified_gmt":"2024-03-05T07:57:50","slug":"linscription-de-livg-dans-la-constitution-un-message-envoye-a-toutes-les-femmes-du-monde","status":"publish","type":"post","link":"https:\/\/www.iceagetv.com\/radiosite\/linscription-de-livg-dans-la-constitution-un-message-envoye-a-toutes-les-femmes-du-monde\/","title":{"rendered":"L\u2019inscription de l\u2019IVG dans la Constitution, un message envoy\u00e9 \u00e0 \u00ab\u00a0toutes les femmes du monde\u00a0\u00bb"},"content":{"rendered":"\n<p class=\"\">Par 780\u00a0voix pour contre 72, les parlementaires r\u00e9unis en Congr\u00e8s \u00e0 Versailles, lundi 4\u00a0mars, ont adopt\u00e9 la r\u00e9vision constitutionnelle visant \u00e0 prot\u00e9ger la libert\u00e9 d\u2019avoir recours \u00e0 une interruption volontaire de grossesse. Une c\u00e9r\u00e9monie ouverte aux Fran\u00e7ais officialisera cette inscription le 8\u00a0mars, Journ\u00e9e internationale des droits des femmes.<\/p>\n\n\n\n<p class=\"\"><\/p>\n\n\n\n<p class=\"\"><em>\u00ab&nbsp;La loi d\u00e9termine les conditions dans lesquelles s\u2019exerce la libert\u00e9 garantie \u00e0 la femme d\u2019avoir recours \u00e0 une interruption volontaire de grossesse <\/em>[IVG]<em>&nbsp;\u00bb<\/em>&nbsp;: c\u2019est la formulation qui sera d\u00e9sormais inscrite \u00e0 l\u2019article&nbsp;34 de la Constitution. <a href=\"https:\/\/www2.assemblee-nationale.fr\/scrutins\/detail\/(legislature)\/16\/(num)\/c1#G5\" target=\"_blank\" rel=\"noreferrer noopener\">Avec 780&nbsp;voix contre&nbsp;72<\/a>, les parlementaires, r\u00e9unis en Congr\u00e8s \u00e0 Versailles, lundi 4&nbsp;mars, ont largement rempli <a href=\"https:\/\/www.lemonde.fr\/les-decodeurs\/article\/2024\/03\/04\/ivg-dans-la-constitution-l-adoption-au-congres-garantie-si-les-parlementaires-votent-a-l-identique_6219980_4355770.html\" target=\"_blank\" rel=\"noreferrer noopener\">la condition des trois cinqui\u00e8mes des suffrages exprim\u00e9s<\/a> n\u00e9cessaire \u00e0 l\u2019adoption de toute r\u00e9vision constitutionnelle.<\/p>\n\n\n\n<p class=\"\">A l\u2019annonce des r\u00e9sultats par la pr\u00e9sidente (Renaissance) du Congr\u00e8s, Ya\u00ebl Braun-Pivet, l\u2019exultation des parlementaires \u00e9tait \u00e0 la hauteur de la port\u00e9e historique et symbolique d\u2019un tel vote. <em>\u00ab&nbsp;Fiert\u00e9 fran\u00e7aise, message universel&nbsp;\u00bb<\/em>, s\u2019est f\u00e9licit\u00e9, sur X, le chef de l\u2019Etat, Emmanuel Macron, peu apr\u00e8s <a href=\"https:\/\/www.lemonde.fr\/societe\/live\/2024\/03\/04\/en-direct-l-inscription-de-l-ivg-dans-la-constitution-definitivement-adoptee-par-le-parlement_6220034_3224.html\">le vote positif des d\u00e9put\u00e9s et des s\u00e9nateurs<\/a>.&nbsp;La France devient ainsi le premier pays au monde \u00e0 inscrire formellement l\u2019IVG dans sa Constitution.<\/p>\n","protected":false},"excerpt":{"rendered":"<p>Par 780\u00a0voix pour contre 72, les parlementaires r\u00e9unis en Congr\u00e8s \u00e0 Versailles, lundi 4\u00a0mars, ont adopt\u00e9 la r\u00e9vision constitutionnelle visant \u00e0 prot\u00e9ger la libert\u00e9 d\u2019avoir recours \u00e0 une interruption volontaire de grossesse. Une c\u00e9r\u00e9monie ouverte aux Fran\u00e7ais officialisera cette inscription le 8\u00a0mars, Journ\u00e9e internationale des droits des femmes. \u00ab&nbsp;La loi d\u00e9termine les conditions dans lesquelles [&hellip;]<\/p>\n","protected":false},"author":2,"featured_media":27363,"comment_status":"open","ping_status":"open","sticky":false,"template":"","format":"standard","meta":{"_jetpack_memberships_contains_paid_content":false,"footnotes":"","jetpack_publicize_message":"","jetpack_publicize_feature_enabled":true,"jetpack_social_post_already_shared":true,"jetpack_social_options":{"image_generator_settings":{"template":"highway","default_image_id":0,"font":"","enabled":false},"version":2},"_wpas_customize_per_network":false},"categories":[405],"tags":[],"class_list":["post-27362","post","type-post","status-publish","format-standard","has-post-thumbnail","hentry","category-actu-france-monde"],"jetpack_publicize_connections":[],"jetpack_featured_media_url":"https:\/\/i0.wp.com\/www.iceagetv.com\/radiosite\/wp-content\/uploads\/2024\/03\/ivg.png?fit=685%2C334&ssl=1","jetpack_sharing_enabled":true,"_links":{"self":[{"href":"https:\/\/www.iceagetv.com\/radiosite\/wp-json\/wp\/v2\/posts\/27362","targetHints":{"allow":["GET"]}}],"collection":[{"href":"https:\/\/www.iceagetv.com\/radiosite\/wp-json\/wp\/v2\/posts"}],"about":[{"href":"https:\/\/www.iceagetv.com\/radiosite\/wp-json\/wp\/v2\/types\/post"}],"author":[{"embeddable":true,"href":"https:\/\/www.iceagetv.com\/radiosite\/wp-json\/wp\/v2\/users\/2"}],"replies":[{"embeddable":true,"href":"https:\/\/www.iceagetv.com\/radiosite\/wp-json\/wp\/v2\/comments?post=27362"}],"version-history":[{"count":2,"href":"https:\/\/www.iceagetv.com\/radiosite\/wp-json\/wp\/v2\/posts\/27362\/revisions"}],"predecessor-version":[{"id":27365,"href":"https:\/\/www.iceagetv.com\/radiosite\/wp-json\/wp\/v2\/posts\/27362\/revisions\/27365"}],"wp:featuredmedia":[{"embeddable":true,"href":"https:\/\/www.iceagetv.com\/radiosite\/wp-json\/wp\/v2\/media\/27363"}],"wp:attachment":[{"href":"https:\/\/www.iceagetv.com\/radiosite\/wp-json\/wp\/v2\/media?parent=27362"}],"wp:term":[{"taxonomy":"category","embeddable":true,"href":"https:\/\/www.iceagetv.com\/radiosite\/wp-json\/wp\/v2\/categories?post=27362"},{"taxonomy":"post_tag","embeddable":true,"href":"https:\/\/www.iceagetv.com\/radiosite\/wp-json\/wp\/v2\/tags?post=27362"}],"curies":[{"name":"wp","href":"https:\/\/api.w.org\/{rel}","templated":true}]}}