{"id":27395,"date":"2024-03-06T16:14:04","date_gmt":"2024-03-06T16:14:04","guid":{"rendered":"https:\/\/www.iceagetv.com\/radiosite\/?p=27395"},"modified":"2024-03-06T16:14:04","modified_gmt":"2024-03-06T16:14:04","slug":"ukraine-des-frappes-russes-pres-de-zelensky-et-du-premier-ministre-grec-lors-dune-visite-a-odessa","status":"publish","type":"post","link":"https:\/\/www.iceagetv.com\/radiosite\/ukraine-des-frappes-russes-pres-de-zelensky-et-du-premier-ministre-grec-lors-dune-visite-a-odessa\/","title":{"rendered":"UKRAINE: DES FRAPPES RUSSES PR\u00c8S DE ZELENSKY ET DU PREMIER MINISTRE GREC LORS D&rsquo;UNE VISITE \u00c0 ODESSA"},"content":{"rendered":"\n<p class=\"\">Le Premier ministre grec a confi\u00e9 avoir v\u00e9cu une \u00ab\u00a0exp\u00e9rience impressionnante\u00a0\u00bb \u00e0 la fin de sa visite \u00e0 Odessa avec le pr\u00e9sident ukrainien.<\/p>\n\n\n\n<p class=\"\">L&rsquo;arm\u00e9e russe a effectu\u00e9 ce mercredi 6 mars des frappes sur Odessa au moment o\u00f9 le pr\u00e9sident&nbsp;<a href=\"https:\/\/www.bfmtv.com\/international\/europe\/ukraine\/la-russie-frappe-des-civils-zelensky-reclame-des-systemes-de-defense-aerienne-apres-des-attaques_AN-202403020388.html\">ukrainien Volodymyr Zelensky<\/a>&nbsp;et le Premier ministre grec Kyriakos Mitsotakis \u00e9taient en d\u00e9placement dans ce grand port du sud de l&rsquo;Ukraine, a indiqu\u00e9 le dirigeant grec.<\/p>\n\n\n\n<p class=\"\">\u00ab\u00a0\u00c0 la toute fin (de la visite, NDLR), nous avons entendu le son des sir\u00e8nes antia\u00e9riennes et des explosions tout pr\u00e8s de nous. Nous n&rsquo;avons pas eu le temps de nous mettre \u00e0 l&rsquo;abri\u00a0\u00bb, a d\u00e9clar\u00e9 Kyriakos Mitsotakis \u00e0 l&rsquo;issue des bombardements, \u00e9voquant \u00ab\u00a0une exp\u00e9rience impressionnante\u00a0\u00bb.<\/p>\n\n\n\n<h2 class=\"wp-block-heading\">Une route pour exporter les c\u00e9r\u00e9ales<\/h2>\n\n\n\n<p class=\"\">Les frappes ont eu lieu apr\u00e8s une visite par les deux dirigeants du port, essentiel pour les exportations de c\u00e9r\u00e9ales ukrainiennes via la mer Noire, o\u00f9 Volodymyr Zelensky a expliqu\u00e9 les efforts entrepris \u00ab\u00a0pour restaurer et renforcer la route maritime ukrainienne\u00a0\u00bb, selon Kyriakos Mitsotakis, d&rsquo;apr\u00e8s la traduction de ses propos.<\/p>\n\n\n\n<p class=\"\">Cette route a permis l&rsquo;exportation de 28 millions de tonnes de c\u00e9r\u00e9ales depuis la fin de l&rsquo;accord sur leur commerce avec la Russie en juillet 2023.<\/p>\n\n\n\n<p class=\"\">De son c\u00f4t\u00e9, le pr\u00e9sident ukrainien, qui se d\u00e9place fr\u00e9quemment \u00e0 travers le pays, malgr\u00e9 les menaces de frappes russes, a \u00e9galement d\u00e9nonc\u00e9 l&rsquo;attaque russe de mercredi.<\/p>\n\n\n\n<p class=\"\">\u00ab\u00a0(Les Russes) ne se soucient pas de l&rsquo;endroit o\u00f9 ils frappent\u00a0\u00bb, a-t-il fustig\u00e9 face \u00e0 la presse, pr\u00e9cisant qu'\u00a0\u00bbil y a des morts et des bless\u00e9s\u00a0\u00bb.<\/p>\n\n\n\n<p class=\"\">Le d\u00e9placement du Premier ministre grec dans cette grande ville du sud de l&rsquo;Ukraine n&rsquo;avait pas \u00e9t\u00e9 officiellement annonc\u00e9 au pr\u00e9alable, comme la majorit\u00e9 des visites de dirigeants internationaux en Ukraine pour des raisons de s\u00e9curit\u00e9.<\/p>\n\n\n\n<p class=\"\">Kyriakos Mitsotakis est attendu plus tard mercredi \u00e0 Bucarest en Roumanie pour une r\u00e9union du Parti populaire europ\u00e9en (PPE).<\/p>\n","protected":false},"excerpt":{"rendered":"<p>Le Premier ministre grec a confi\u00e9 avoir v\u00e9cu une \u00ab\u00a0exp\u00e9rience impressionnante\u00a0\u00bb \u00e0 la fin de sa visite \u00e0 Odessa avec le pr\u00e9sident ukrainien. L&rsquo;arm\u00e9e russe a effectu\u00e9 ce mercredi 6 mars des frappes sur Odessa au moment o\u00f9 le pr\u00e9sident&nbsp;ukrainien Volodymyr Zelensky&nbsp;et le Premier ministre grec Kyriakos Mitsotakis \u00e9taient en d\u00e9placement dans ce grand port [&hellip;]<\/p>\n","protected":false},"author":2,"featured_media":27396,"comment_status":"open","ping_status":"open","sticky":false,"template":"","format":"standard","meta":{"_jetpack_memberships_contains_paid_content":false,"footnotes":"","jetpack_publicize_message":"","jetpack_publicize_feature_enabled":true,"jetpack_social_post_already_shared":true,"jetpack_social_options":{"image_generator_settings":{"template":"highway","default_image_id":0,"font":"","enabled":false},"version":2},"_wpas_customize_per_network":false},"categories":[405],"tags":[],"class_list":["post-27395","post","type-post","status-publish","format-standard","has-post-thumbnail","hentry","category-actu-france-monde"],"jetpack_publicize_connections":[],"jetpack_featured_media_url":"https:\/\/i0.wp.com\/www.iceagetv.com\/radiosite\/wp-content\/uploads\/2024\/03\/DES-FRAPPES-RUSSES-PRES-DE-ZELENSKY-ET-DU-PREMIER-MINISTRE-GREC.jpg?fit=800%2C450&ssl=1","jetpack_sharing_enabled":true,"_links":{"self":[{"href":"https:\/\/www.iceagetv.com\/radiosite\/wp-json\/wp\/v2\/posts\/27395","targetHints":{"allow":["GET"]}}],"collection":[{"href":"https:\/\/www.iceagetv.com\/radiosite\/wp-json\/wp\/v2\/posts"}],"about":[{"href":"https:\/\/www.iceagetv.com\/radiosite\/wp-json\/wp\/v2\/types\/post"}],"author":[{"embeddable":true,"href":"https:\/\/www.iceagetv.com\/radiosite\/wp-json\/wp\/v2\/users\/2"}],"replies":[{"embeddable":true,"href":"https:\/\/www.iceagetv.com\/radiosite\/wp-json\/wp\/v2\/comments?post=27395"}],"version-history":[{"count":1,"href":"https:\/\/www.iceagetv.com\/radiosite\/wp-json\/wp\/v2\/posts\/27395\/revisions"}],"predecessor-version":[{"id":27397,"href":"https:\/\/www.iceagetv.com\/radiosite\/wp-json\/wp\/v2\/posts\/27395\/revisions\/27397"}],"wp:featuredmedia":[{"embeddable":true,"href":"https:\/\/www.iceagetv.com\/radiosite\/wp-json\/wp\/v2\/media\/27396"}],"wp:attachment":[{"href":"https:\/\/www.iceagetv.com\/radiosite\/wp-json\/wp\/v2\/media?parent=27395"}],"wp:term":[{"taxonomy":"category","embeddable":true,"href":"https:\/\/www.iceagetv.com\/radiosite\/wp-json\/wp\/v2\/categories?post=27395"},{"taxonomy":"post_tag","embeddable":true,"href":"https:\/\/www.iceagetv.com\/radiosite\/wp-json\/wp\/v2\/tags?post=27395"}],"curies":[{"name":"wp","href":"https:\/\/api.w.org\/{rel}","templated":true}]}}