{"id":27404,"date":"2024-03-07T10:08:58","date_gmt":"2024-03-07T10:08:58","guid":{"rendered":"https:\/\/www.iceagetv.com\/radiosite\/?p=27404"},"modified":"2024-03-07T10:08:58","modified_gmt":"2024-03-07T10:08:58","slug":"jo-de-paris-2024-la-cgt-va-deposer-des-preavis-de-greve-dans-la-fonction-publique-pour-la-periode-des-jeux-annonce-la-secretaire-generale-du-syndicat-sophie-binet","status":"publish","type":"post","link":"https:\/\/www.iceagetv.com\/radiosite\/jo-de-paris-2024-la-cgt-va-deposer-des-preavis-de-greve-dans-la-fonction-publique-pour-la-periode-des-jeux-annonce-la-secretaire-generale-du-syndicat-sophie-binet\/","title":{"rendered":"JO de Paris 2024 &#8211; La CGT va d\u00e9poser des pr\u00e9avis de gr\u00e8ve dans la fonction publique pour la p\u00e9riode des Jeux, annonce la secr\u00e9taire g\u00e9n\u00e9rale du syndicat, Sophie Binet"},"content":{"rendered":"\n<p class=\"\">La secr\u00e9taire g\u00e9n\u00e9rale de la CGT, Sophie Binet, a annonc\u00e9 que des pr\u00e9avis de gr\u00e8ve seront d\u00e9pos\u00e9s dans la fonction publique pour toute la p\u00e9riode couvrant les Jeux olympiques, soit du 26 juillet au 11 ao\u00fbt. L<\/p>\n\n\n\n<p class=\"\">a fonction publique pourrait bien \u00eatre \u00e0 l&rsquo;arr\u00eat pendant les JO-2024. La CGT a annonc\u00e9 qu&rsquo;elle d\u00e9posera d\u00e9but avril des pr\u00e9avis de gr\u00e8ve dans les trois fonctions publiques pour&nbsp;la p\u00e9riode couvrant les Jeux olympiques&nbsp;(26 juillet-11 ao\u00fbt).<\/p>\n\n\n\n<p class=\"\">\u00ab\u00a0Nous voulons que le gouvernement prenne les mesures imm\u00e9diatement pour assurer la r\u00e9ussite des Jeux \u00e0 laquelle la CGT travaille depuis des ann\u00e9es. Pour cela, il faut enfin que nos alertes soient entendues et que les jeux soient pr\u00e9par\u00e9s d&rsquo;un point de vue social\u00a0\u00bb, a d\u00e9clar\u00e9&nbsp;la secr\u00e9taire g\u00e9n\u00e9rale de la CGT, Sophie Binet, sur&nbsp;franceinfo.<\/p>\n\n\n\n<p class=\"\">Des n\u00e9gociations ont \u00e9t\u00e9 engag\u00e9es depuis plusieurs mois dans diff\u00e9rents secteurs pour parer \u00e0 un conflit social dans la police, les transports et l&rsquo;h\u00f4pital afin de compenser les cong\u00e9s report\u00e9s et les heures suppl\u00e9mentaires de l&rsquo;\u00e9t\u00e9.&nbsp;Une prime, jusqu&rsquo;\u00e0 1 900 euros, a par exemple \u00e9t\u00e9 annonc\u00e9e le 30 janvier par le ministre de l&rsquo;Int\u00e9rieur G\u00e9rald Darmanin pour les policiers et gendarmes travaillant en Ile-de-France.<\/p>\n\n\n\n<p class=\"\">Mais la question n&rsquo;est pas totalement r\u00e9gl\u00e9e dans les autres secteurs. Mais, pour Sophie Binet, \u00ab\u00a0les Jeux, c&rsquo;est des centaines de milliers de travailleuses et travailleurs qui sont percut\u00e9s\u00a0\u00bb.<\/p>\n","protected":false},"excerpt":{"rendered":"<p>La secr\u00e9taire g\u00e9n\u00e9rale de la CGT, Sophie Binet, a annonc\u00e9 que des pr\u00e9avis de gr\u00e8ve seront d\u00e9pos\u00e9s dans la fonction publique pour toute la p\u00e9riode couvrant les Jeux olympiques, soit du 26 juillet au 11 ao\u00fbt. L a fonction publique pourrait bien \u00eatre \u00e0 l&rsquo;arr\u00eat pendant les JO-2024. La CGT a annonc\u00e9 qu&rsquo;elle d\u00e9posera d\u00e9but [&hellip;]<\/p>\n","protected":false},"author":2,"featured_media":27405,"comment_status":"open","ping_status":"open","sticky":false,"template":"","format":"standard","meta":{"_jetpack_memberships_contains_paid_content":false,"footnotes":"","jetpack_publicize_message":"","jetpack_publicize_feature_enabled":true,"jetpack_social_post_already_shared":true,"jetpack_social_options":{"image_generator_settings":{"template":"highway","default_image_id":0,"font":"","enabled":false},"version":2},"_wpas_customize_per_network":false},"categories":[405],"tags":[],"class_list":["post-27404","post","type-post","status-publish","format-standard","has-post-thumbnail","hentry","category-actu-france-monde"],"jetpack_publicize_connections":[],"jetpack_featured_media_url":"https:\/\/i0.wp.com\/www.iceagetv.com\/radiosite\/wp-content\/uploads\/2024\/03\/La-CGT-va-deposer-des-preavis-de-greve-dans-la-fonction-publique.jpg?fit=899%2C388&ssl=1","jetpack_sharing_enabled":true,"_links":{"self":[{"href":"https:\/\/www.iceagetv.com\/radiosite\/wp-json\/wp\/v2\/posts\/27404","targetHints":{"allow":["GET"]}}],"collection":[{"href":"https:\/\/www.iceagetv.com\/radiosite\/wp-json\/wp\/v2\/posts"}],"about":[{"href":"https:\/\/www.iceagetv.com\/radiosite\/wp-json\/wp\/v2\/types\/post"}],"author":[{"embeddable":true,"href":"https:\/\/www.iceagetv.com\/radiosite\/wp-json\/wp\/v2\/users\/2"}],"replies":[{"embeddable":true,"href":"https:\/\/www.iceagetv.com\/radiosite\/wp-json\/wp\/v2\/comments?post=27404"}],"version-history":[{"count":1,"href":"https:\/\/www.iceagetv.com\/radiosite\/wp-json\/wp\/v2\/posts\/27404\/revisions"}],"predecessor-version":[{"id":27406,"href":"https:\/\/www.iceagetv.com\/radiosite\/wp-json\/wp\/v2\/posts\/27404\/revisions\/27406"}],"wp:featuredmedia":[{"embeddable":true,"href":"https:\/\/www.iceagetv.com\/radiosite\/wp-json\/wp\/v2\/media\/27405"}],"wp:attachment":[{"href":"https:\/\/www.iceagetv.com\/radiosite\/wp-json\/wp\/v2\/media?parent=27404"}],"wp:term":[{"taxonomy":"category","embeddable":true,"href":"https:\/\/www.iceagetv.com\/radiosite\/wp-json\/wp\/v2\/categories?post=27404"},{"taxonomy":"post_tag","embeddable":true,"href":"https:\/\/www.iceagetv.com\/radiosite\/wp-json\/wp\/v2\/tags?post=27404"}],"curies":[{"name":"wp","href":"https:\/\/api.w.org\/{rel}","templated":true}]}}