{"id":27407,"date":"2024-03-07T16:38:38","date_gmt":"2024-03-07T16:38:38","guid":{"rendered":"https:\/\/www.iceagetv.com\/radiosite\/?p=27407"},"modified":"2024-03-07T16:38:38","modified_gmt":"2024-03-07T16:38:38","slug":"guerre-en-ukraine-le-kremlin-accuse-emmanuel-macron-daccroitre-limplication-directe-de-la-france-dans-le-conflit-a-la-suite-de-ses-propos-sur-l","status":"publish","type":"post","link":"https:\/\/www.iceagetv.com\/radiosite\/guerre-en-ukraine-le-kremlin-accuse-emmanuel-macron-daccroitre-limplication-directe-de-la-france-dans-le-conflit-a-la-suite-de-ses-propos-sur-l\/","title":{"rendered":"Guerre en Ukraine\u00a0: le Kremlin accuse Emmanuel Macron d\u2019accro\u00eetre \u00ab\u00a0l\u2019implication\u00a0directe de la France\u00a0\u00bb dans le conflit, \u00e0 la suite de ses propos sur l\u2019envoi \u00e9ventuel de troupes au sol"},"content":{"rendered":"\n<p class=\"\">Dans une vid\u00e9o diffus\u00e9e sur Telegram par un journaliste, jeudi 7\u00a0mars, le porte-parole du Kremlin, Dmitri Peskov, a estim\u00e9 qu\u2019Emmanuel Macron augmente<em>\u00a0\u00ab\u00a0l\u2019implication directe de la France\u00a0\u00bb\u00a0<\/em>dans le conflit en Ukraine, apr\u00e8s ses propos n\u2019excluant pas d\u2019envoyer des troupes occidentales sur place.M.\u00a0Peskov a n\u00e9anmoins not\u00e9 le caract\u00e8re\u00a0<em>\u00ab\u00a0contradictoire\u00a0\u00bb<\/em>\u00a0des d\u00e9clarations faites \u00e0 Paris \u00e0 ce sujet depuis les premiers propos d\u2019Emmanuel Macron.<em>\u00a0\u00ab\u00a0D\u2019un c\u00f4t\u00e9, M.\u00a0Macron commence \u00e0 discuter de la possibilit\u00e9 d\u2019envoyer des contingents militaires dans la guerre en Ukraine. De l\u2019autre, le ministre des affaires \u00e9trang\u00e8res fran\u00e7ais nie cat\u00e9goriquement la possibilit\u00e9 d\u2019envoyer de tels contingents\u00a0\u00bb<\/em>, a ajout\u00e9 le repr\u00e9sentant du Kremlin, selon l\u2019agence de presse russe\u00a0<a href=\"https:\/\/www.interfax.ru\/russia\/949462\" target=\"_blank\" rel=\"noreferrer noopener\">Interfax<\/a>, avant d\u2019affirmer qu\u2019<em>\u00ab\u00a0il y a un d\u00e9bat intrafran\u00e7ais et intra-europ\u00e9en tr\u00e8s actif\u00a0\u00bb<\/em>.A l\u2019issue d\u2019une conf\u00e9rence de soutien \u00e0 l\u2019Ukraine le 26\u00a0f\u00e9vrier \u00e0 Paris, le pr\u00e9sident de la R\u00e9publique fran\u00e7aise avait d\u00e9clar\u00e9\u00a0:\u00a0<em>\u00ab\u00a0Il n\u2019y a pas de consensus aujourd\u2019hui pour envoyer de mani\u00e8re officielle, assum\u00e9e et endoss\u00e9e des troupes au sol, mais, en dynamique, rien ne doit \u00eatre exclu.\u00a0\u00bb\u00a0<\/em>Malgr\u00e9 l\u2019embarras des alli\u00e9s de la France,\u00a0<a href=\"https:\/\/www.lemonde.fr\/international\/article\/2024\/03\/05\/guerre-en-ukraine-emmanuel-macron-assume-de-bousculer-les-occidentaux-et-met-en-garde-contre-l-esprit-de-defaite_6220266_3210.html\">M.\u00a0Macron les avait appel\u00e9s mardi depuis Prague \u00e0<em>\u00a0\u00ab\u00a0ne pas \u00eatre l\u00e2ches\u00a0\u00bb<\/em><\/a>\u00a0face \u00e0 une Russie<em>\u00a0\u00ab\u00a0devenue inarr\u00eatable\u00a0\u00bb<\/em>. Pour Dmitri Peskov,\u00a0<em>\u00ab\u00a0M.\u00a0Macron est convaincu de sa politique consistant \u00e0 vouloir infliger une d\u00e9faite strat\u00e9gique \u00e0 notre pays et il continue d\u2019augmenter le niveau d\u2019implication directe de la France\u00a0\u00bb<\/em>.<\/p>\n","protected":false},"excerpt":{"rendered":"<p>Dans une vid\u00e9o diffus\u00e9e sur Telegram par un journaliste, jeudi 7\u00a0mars, le porte-parole du Kremlin, Dmitri Peskov, a estim\u00e9 qu\u2019Emmanuel Macron augmente\u00a0\u00ab\u00a0l\u2019implication directe de la France\u00a0\u00bb\u00a0dans le conflit en Ukraine, apr\u00e8s ses propos n\u2019excluant pas d\u2019envoyer des troupes occidentales sur place.M.\u00a0Peskov a n\u00e9anmoins not\u00e9 le caract\u00e8re\u00a0\u00ab\u00a0contradictoire\u00a0\u00bb\u00a0des d\u00e9clarations faites \u00e0 Paris \u00e0 ce sujet depuis les [&hellip;]<\/p>\n","protected":false},"author":2,"featured_media":27408,"comment_status":"open","ping_status":"open","sticky":false,"template":"","format":"standard","meta":{"_jetpack_memberships_contains_paid_content":false,"footnotes":"","jetpack_publicize_message":"","jetpack_publicize_feature_enabled":true,"jetpack_social_post_already_shared":true,"jetpack_social_options":{"image_generator_settings":{"template":"highway","default_image_id":0,"font":"","enabled":false},"version":2},"_wpas_customize_per_network":false},"categories":[405],"tags":[],"class_list":["post-27407","post","type-post","status-publish","format-standard","has-post-thumbnail","hentry","category-actu-france-monde"],"jetpack_publicize_connections":[],"jetpack_featured_media_url":"https:\/\/i0.wp.com\/www.iceagetv.com\/radiosite\/wp-content\/uploads\/2024\/03\/le-Kremlin-accuse-Emmanuel-Macron.jpg?fit=680%2C340&ssl=1","jetpack_sharing_enabled":true,"_links":{"self":[{"href":"https:\/\/www.iceagetv.com\/radiosite\/wp-json\/wp\/v2\/posts\/27407","targetHints":{"allow":["GET"]}}],"collection":[{"href":"https:\/\/www.iceagetv.com\/radiosite\/wp-json\/wp\/v2\/posts"}],"about":[{"href":"https:\/\/www.iceagetv.com\/radiosite\/wp-json\/wp\/v2\/types\/post"}],"author":[{"embeddable":true,"href":"https:\/\/www.iceagetv.com\/radiosite\/wp-json\/wp\/v2\/users\/2"}],"replies":[{"embeddable":true,"href":"https:\/\/www.iceagetv.com\/radiosite\/wp-json\/wp\/v2\/comments?post=27407"}],"version-history":[{"count":1,"href":"https:\/\/www.iceagetv.com\/radiosite\/wp-json\/wp\/v2\/posts\/27407\/revisions"}],"predecessor-version":[{"id":27409,"href":"https:\/\/www.iceagetv.com\/radiosite\/wp-json\/wp\/v2\/posts\/27407\/revisions\/27409"}],"wp:featuredmedia":[{"embeddable":true,"href":"https:\/\/www.iceagetv.com\/radiosite\/wp-json\/wp\/v2\/media\/27408"}],"wp:attachment":[{"href":"https:\/\/www.iceagetv.com\/radiosite\/wp-json\/wp\/v2\/media?parent=27407"}],"wp:term":[{"taxonomy":"category","embeddable":true,"href":"https:\/\/www.iceagetv.com\/radiosite\/wp-json\/wp\/v2\/categories?post=27407"},{"taxonomy":"post_tag","embeddable":true,"href":"https:\/\/www.iceagetv.com\/radiosite\/wp-json\/wp\/v2\/tags?post=27407"}],"curies":[{"name":"wp","href":"https:\/\/api.w.org\/{rel}","templated":true}]}}