{"id":27413,"date":"2024-03-08T08:05:02","date_gmt":"2024-03-08T08:05:02","guid":{"rendered":"https:\/\/www.iceagetv.com\/radiosite\/?p=27413"},"modified":"2024-03-08T08:05:02","modified_gmt":"2024-03-08T08:05:02","slug":"larmee-francaise-restera-au-tchad-annonce-lenvoye-special-demmanuel-macron","status":"publish","type":"post","link":"https:\/\/www.iceagetv.com\/radiosite\/larmee-francaise-restera-au-tchad-annonce-lenvoye-special-demmanuel-macron\/","title":{"rendered":"L&rsquo;arm\u00e9e fran\u00e7aise restera au Tchad, annonce l&rsquo;envoy\u00e9 sp\u00e9cial d&rsquo;Emmanuel Macron"},"content":{"rendered":"\n<p class=\"\">L&rsquo;arm\u00e9e fran\u00e7aise restera au Tchad. C&rsquo;est ce qu&rsquo;a affirm\u00e9 ce jeudi \u00e0 N&rsquo;Djamena l&rsquo;envoy\u00e9 d&rsquo;Emmanuel Macron pour l&rsquo;Afrique, Jean-Marie Bockel.\u00a0<em>\u00ab\u00a0Il faut rester et bien s\u00fbr, nous resterons\u00a0\u00bb<\/em>, a d\u00e9clar\u00e9 devant la presse pr\u00e9sidentielle celui qui est charg\u00e9 de discuter des nouvelles formes de la pr\u00e9sence militaire fran\u00e7aise sur le continent, que Paris compte nettement r\u00e9duire.<\/p>\n\n\n\n<h2 class=\"wp-block-heading\">Admiration\u00a0\u00bb de la France au pr\u00e9sident du Tchad<\/h2>\n\n\n\n<p class=\"\">Actuellement, un millier de militaires fran\u00e7ais se trouvent au Tchad. Apr\u00e8s une s\u00e9rie de coups d&rsquo;\u00c9tat au Mali, au Burkina Faso puis&nbsp;<a href=\"https:\/\/www.tf1info.fr\/international\/niger-des-caches-d-armes-francaises-ont-elles-ete-decouvertes-a-niamey-2287501.html\">au Niger<\/a>, les juntes militaires ont pouss\u00e9 dehors l&rsquo;arm\u00e9e fran\u00e7aise, marquant la fin d&rsquo;une d\u00e9cennie d&rsquo;intervention anti-djihadiste au Sahel.&nbsp;<em>\u00ab\u00a0Le pr\u00e9sident Macron m&rsquo;a demand\u00e9 de travailler\u00a0\u00bb<\/em>&nbsp;avec N&rsquo;Djamena<em>&nbsp;\u00ab\u00a0\u00e0 une adaptation, \u00e0 une \u00e9volution de notre dispositif de mani\u00e8re \u00e0 mieux l&rsquo;adapter [&#8230;] aux enjeux militaires, s\u00e9curitaires de la r\u00e9gion\u00a0\u00bb<\/em>, a expliqu\u00e9 Jean-Marie Bockel.&nbsp;<\/p>\n\n\n\n<p class=\"\">L&rsquo;envoy\u00e9 sp\u00e9cial d&rsquo;Emmanuel Macron a, au passage, fait part de\u00a0<em>\u00ab\u00a0l&rsquo;admiration\u00a0\u00bb<\/em>\u00a0de la France au pr\u00e9sident et chef de la junte au pouvoir depuis trois ans, le g\u00e9n\u00e9ral Mahamat Idriss D\u00e9by Itno, pour son processus de transition. Ce dernier avait \u00e9t\u00e9 proclam\u00e9, \u00e0 la t\u00eate d&rsquo;une junte de 15 g\u00e9n\u00e9raux, pr\u00e9sident de Transition le 20 avril 2021\u00a0<a href=\"https:\/\/www.tf1info.fr\/international\/mort-d-idriss-deby-emmanuel-macron-est-arrive-au-tchad-pour-assister-aux-funerailles-2184208.html\">\u00e0 la mort de son p\u00e8re<\/a>, Idriss D\u00e9by Itno, qui dirigeait le Tchad d&rsquo;une main de fer depuis 30 ans.Cette d\u00e9claration intervient \u00e0 deux mois d&rsquo;une \u00e9lection pr\u00e9sidentielle pour laquelle le candidat D\u00e9by, 39 ans, part largement gagnant en l&rsquo;absence de rivaux s\u00e9rieux dans une opposition qui s&rsquo;est soit ralli\u00e9e \u00e0 la junte, soit est violemment r\u00e9prim\u00e9e, selon les ONG internationales de d\u00e9fense des droits humains. Mais aussi huit jours apr\u00e8s la mort, dans un assaut de l&rsquo;arm\u00e9e contre le si\u00e8ge de son parti, du principal rival politique et cousin de Mahamat D\u00e9by, Yaya Dillo Dj\u00e9rou.<\/p>\n","protected":false},"excerpt":{"rendered":"<p>L&rsquo;arm\u00e9e fran\u00e7aise restera au Tchad. C&rsquo;est ce qu&rsquo;a affirm\u00e9 ce jeudi \u00e0 N&rsquo;Djamena l&rsquo;envoy\u00e9 d&rsquo;Emmanuel Macron pour l&rsquo;Afrique, Jean-Marie Bockel.\u00a0\u00ab\u00a0Il faut rester et bien s\u00fbr, nous resterons\u00a0\u00bb, a d\u00e9clar\u00e9 devant la presse pr\u00e9sidentielle celui qui est charg\u00e9 de discuter des nouvelles formes de la pr\u00e9sence militaire fran\u00e7aise sur le continent, que Paris compte nettement r\u00e9duire. [&hellip;]<\/p>\n","protected":false},"author":2,"featured_media":27414,"comment_status":"open","ping_status":"open","sticky":false,"template":"","format":"standard","meta":{"_jetpack_memberships_contains_paid_content":false,"footnotes":"","jetpack_publicize_message":"","jetpack_publicize_feature_enabled":true,"jetpack_social_post_already_shared":true,"jetpack_social_options":{"image_generator_settings":{"template":"highway","default_image_id":0,"font":"","enabled":false},"version":2},"_wpas_customize_per_network":false},"categories":[405],"tags":[],"class_list":["post-27413","post","type-post","status-publish","format-standard","has-post-thumbnail","hentry","category-actu-france-monde"],"jetpack_publicize_connections":[],"jetpack_featured_media_url":"https:\/\/i0.wp.com\/www.iceagetv.com\/radiosite\/wp-content\/uploads\/2024\/03\/Larmee-francaise-restera-au-Tchad.jpg?fit=680%2C383&ssl=1","jetpack_sharing_enabled":true,"_links":{"self":[{"href":"https:\/\/www.iceagetv.com\/radiosite\/wp-json\/wp\/v2\/posts\/27413","targetHints":{"allow":["GET"]}}],"collection":[{"href":"https:\/\/www.iceagetv.com\/radiosite\/wp-json\/wp\/v2\/posts"}],"about":[{"href":"https:\/\/www.iceagetv.com\/radiosite\/wp-json\/wp\/v2\/types\/post"}],"author":[{"embeddable":true,"href":"https:\/\/www.iceagetv.com\/radiosite\/wp-json\/wp\/v2\/users\/2"}],"replies":[{"embeddable":true,"href":"https:\/\/www.iceagetv.com\/radiosite\/wp-json\/wp\/v2\/comments?post=27413"}],"version-history":[{"count":1,"href":"https:\/\/www.iceagetv.com\/radiosite\/wp-json\/wp\/v2\/posts\/27413\/revisions"}],"predecessor-version":[{"id":27415,"href":"https:\/\/www.iceagetv.com\/radiosite\/wp-json\/wp\/v2\/posts\/27413\/revisions\/27415"}],"wp:featuredmedia":[{"embeddable":true,"href":"https:\/\/www.iceagetv.com\/radiosite\/wp-json\/wp\/v2\/media\/27414"}],"wp:attachment":[{"href":"https:\/\/www.iceagetv.com\/radiosite\/wp-json\/wp\/v2\/media?parent=27413"}],"wp:term":[{"taxonomy":"category","embeddable":true,"href":"https:\/\/www.iceagetv.com\/radiosite\/wp-json\/wp\/v2\/categories?post=27413"},{"taxonomy":"post_tag","embeddable":true,"href":"https:\/\/www.iceagetv.com\/radiosite\/wp-json\/wp\/v2\/tags?post=27413"}],"curies":[{"name":"wp","href":"https:\/\/api.w.org\/{rel}","templated":true}]}}