{"id":27419,"date":"2024-03-08T18:11:42","date_gmt":"2024-03-08T18:11:42","guid":{"rendered":"https:\/\/www.iceagetv.com\/radiosite\/?p=27419"},"modified":"2024-03-08T18:11:42","modified_gmt":"2024-03-08T18:11:42","slug":"france-les-restaurants-cantines-qui-fabriquent-des-plats-a-emporter-doivent-desormais-indiquer-la-provenance-de-la-viande-quils-utilisent","status":"publish","type":"post","link":"https:\/\/www.iceagetv.com\/radiosite\/france-les-restaurants-cantines-qui-fabriquent-des-plats-a-emporter-doivent-desormais-indiquer-la-provenance-de-la-viande-quils-utilisent\/","title":{"rendered":"France : les restaurants, cantines qui fabriquent des plats \u00e0 emporter doivent d\u00e9sormais indiquer la provenance de la viande qu\u2019ils utilisent"},"content":{"rendered":"\n<p class=\"\">Un d\u00e9cret paru ce mercredi au Journal officiel impose d\u00e9sormais aux restaurants et cantines d\u2019afficher l\u2019origine des viandes utilis\u00e9es en tant qu\u2019ingr\u00e9dient dans des produits transform\u00e9s.<\/p>\n\n\n\n<h2 class=\"wp-block-heading\" id=\"Favoriser-8216lorigine-France8217\">Favoriser \u2018l\u2019origine France\u2019<\/h2>\n\n\n\n<p class=\"\">Depuis le 7 mars, le d\u00e9cret n\u00b02024-171 impose&nbsp;<strong>un affichage* qui doit \u00eatre clair, visible, lisible et distinct sur l\u2019origine des viandes utilis\u00e9es en tant qu\u2019ingr\u00e9dient dans des&nbsp;<a target=\"_blank\" href=\"https:\/\/www.24matins.fr\/enquete-sur-les-francais-et-leur-alimentation-quotidienne-44-des-15-24-ans-mangent-regulierement-des-plats-transformes-1372487\" rel=\"noreferrer noopener\">produits transform\u00e9s<\/a><\/strong><a target=\"_blank\" href=\"https:\/\/www.24matins.fr\/enquete-sur-les-francais-et-leur-alimentation-quotidienne-44-des-15-24-ans-mangent-regulierement-des-plats-transformes-1372487\" rel=\"noreferrer noopener\">.<\/a>&nbsp;Dans le cas contraire, les commer\u00e7ants s\u2019exposent \u00e0 une amende de 1 000 euros pour une personne physique, et 7 500 euros pour une personne morale.<\/p>\n\n\n\n<h2 class=\"wp-block-heading\" id=\"Un-affichage-qui-doit-etre-clair-visible-lisible-et-distinct\">Un affichage qui doit \u00eatre clair, visible, lisible et distinct<\/h2>\n\n\n\n<p class=\"\">Sont concern\u00e9s par cette nouvelle disposition les cantines, les traiteurs, les restaurants ainsi que les \u00e9tablissements proposant des plats \u00e0 emporter, ou \u00e0 livrer. Objectif : la<a href=\"https:\/\/www.24matins.fr\/restaurant-cantine-restauration-rapide-a-partir-du-1er-mars-2022-mentionner-lorigine-de-la-viande-sera-obligatoire-1335031\" target=\"_blank\" rel=\"noreferrer noopener\">\u00a0tra\u00e7abilit\u00e9 de la viande\u00a0<\/a>pour les plats \u00e0 emporter. Pour les consommateurs ces informations manquaient cruellement apportant le plus souvent le doute sur la provenance des produits utilis\u00e9s.<\/p>\n\n\n\n<h2 class=\"wp-block-heading\" id=\"Pour-les-consommateurs-ces-informations-manquaient-cruellement\">Pour les consommateurs ces informations manquaient cruellement<\/h2>\n\n\n\n<p class=\"\">Cette loi \u00e9tait une demande des professionnels de l\u2019\u00e9levage pour favoriser l\u2019origine France. Cette r\u00e8gle s\u2019applique aux \u2018viandes achet\u00e9es d\u00e9j\u00e0 pr\u00e9par\u00e9es ou cuisin\u00e9es et issues des esp\u00e8ces bovine, porcine, ovine et de volailles.<\/p>\n\n\n\n<h2 class=\"wp-block-heading\" id=\"Le-ministre-de-lAgriculture-parle-8216d8217une-belle-avancee-pour-les-consommateurs8217\">Le ministre de l\u2019Agriculture parle \u2018d\u2019une belle avanc\u00e9e pour les consommateurs\u2019<\/h2>\n\n\n\n<p class=\"\">Pour le ministre de l\u2019<a target=\"_blank\" href=\"https:\/\/www.24matins.fr\/agriculture\" rel=\"noreferrer noopener\">Agriculture<\/a>&nbsp;et de la Souverainet\u00e9 alimentaire, Marc Fesneau, c\u2019est une belle avanc\u00e9e pour les consommateurs : \u201c<em>C\u2019est un gage de r\u00e9<a target=\"_blank\" href=\"https:\/\/www.24matins.fr\/assurance\" rel=\"noreferrer noopener\">assurance<\/a>&nbsp;et de clart\u00e9 aupr\u00e8s de nos concitoyens sur la loyaut\u00e9 des informations affich\u00e9es par les soci\u00e9t\u00e9s de restauration ; la transparence de l\u2019origine des produits agricoles et notamment des viandes \u00e9tait une volont\u00e9 du Gouvernement depuis l\u2019adoption de la loi EGAlim 2\u2033<\/em>, affirme le ministre de l\u2019Agriculture.<\/p>\n","protected":false},"excerpt":{"rendered":"<p>Un d\u00e9cret paru ce mercredi au Journal officiel impose d\u00e9sormais aux restaurants et cantines d\u2019afficher l\u2019origine des viandes utilis\u00e9es en tant qu\u2019ingr\u00e9dient dans des produits transform\u00e9s. Favoriser \u2018l\u2019origine France\u2019 Depuis le 7 mars, le d\u00e9cret n\u00b02024-171 impose&nbsp;un affichage* qui doit \u00eatre clair, visible, lisible et distinct sur l\u2019origine des viandes utilis\u00e9es en tant qu\u2019ingr\u00e9dient dans [&hellip;]<\/p>\n","protected":false},"author":2,"featured_media":27420,"comment_status":"open","ping_status":"open","sticky":false,"template":"","format":"standard","meta":{"_jetpack_memberships_contains_paid_content":false,"footnotes":"","jetpack_publicize_message":"","jetpack_publicize_feature_enabled":true,"jetpack_social_post_already_shared":true,"jetpack_social_options":{"image_generator_settings":{"template":"highway","default_image_id":0,"font":"","enabled":false},"version":2},"_wpas_customize_per_network":false},"categories":[405],"tags":[],"class_list":["post-27419","post","type-post","status-publish","format-standard","has-post-thumbnail","hentry","category-actu-france-monde"],"jetpack_publicize_connections":[],"jetpack_featured_media_url":"https:\/\/i0.wp.com\/www.iceagetv.com\/radiosite\/wp-content\/uploads\/2024\/03\/Screenshot_20240308_191036.jpg?fit=1045%2C629&ssl=1","jetpack_sharing_enabled":true,"_links":{"self":[{"href":"https:\/\/www.iceagetv.com\/radiosite\/wp-json\/wp\/v2\/posts\/27419","targetHints":{"allow":["GET"]}}],"collection":[{"href":"https:\/\/www.iceagetv.com\/radiosite\/wp-json\/wp\/v2\/posts"}],"about":[{"href":"https:\/\/www.iceagetv.com\/radiosite\/wp-json\/wp\/v2\/types\/post"}],"author":[{"embeddable":true,"href":"https:\/\/www.iceagetv.com\/radiosite\/wp-json\/wp\/v2\/users\/2"}],"replies":[{"embeddable":true,"href":"https:\/\/www.iceagetv.com\/radiosite\/wp-json\/wp\/v2\/comments?post=27419"}],"version-history":[{"count":1,"href":"https:\/\/www.iceagetv.com\/radiosite\/wp-json\/wp\/v2\/posts\/27419\/revisions"}],"predecessor-version":[{"id":27421,"href":"https:\/\/www.iceagetv.com\/radiosite\/wp-json\/wp\/v2\/posts\/27419\/revisions\/27421"}],"wp:featuredmedia":[{"embeddable":true,"href":"https:\/\/www.iceagetv.com\/radiosite\/wp-json\/wp\/v2\/media\/27420"}],"wp:attachment":[{"href":"https:\/\/www.iceagetv.com\/radiosite\/wp-json\/wp\/v2\/media?parent=27419"}],"wp:term":[{"taxonomy":"category","embeddable":true,"href":"https:\/\/www.iceagetv.com\/radiosite\/wp-json\/wp\/v2\/categories?post=27419"},{"taxonomy":"post_tag","embeddable":true,"href":"https:\/\/www.iceagetv.com\/radiosite\/wp-json\/wp\/v2\/tags?post=27419"}],"curies":[{"name":"wp","href":"https:\/\/api.w.org\/{rel}","templated":true}]}}