{"id":27464,"date":"2024-03-11T16:53:27","date_gmt":"2024-03-11T16:53:27","guid":{"rendered":"https:\/\/www.iceagetv.com\/radiosite\/?p=27464"},"modified":"2024-03-11T16:53:27","modified_gmt":"2024-03-11T16:53:27","slug":"leurope-doit-faire-plus-pour-le-climat-sous-peine-de-consequences-catastrophiques","status":"publish","type":"post","link":"https:\/\/www.iceagetv.com\/radiosite\/leurope-doit-faire-plus-pour-le-climat-sous-peine-de-consequences-catastrophiques\/","title":{"rendered":"L\u2019Europe doit faire plus pour le climat, sous peine de cons\u00e9quences \u00ab\u00a0catastrophiques\u00a0\u00bb"},"content":{"rendered":"\n<p class=\"\">Il faut agir plus vite. L\u2019Europe pourrait \u00eatre confront\u00e9e \u00e0 des situations \u00ab&nbsp;catastrophiques&nbsp;\u00bb si elle ne prend pas la mesure des risques climatiques qu\u2019elle encourt et dont beaucoup sont d\u00e9j\u00e0 \u00e0 un niveau critique, a pr\u00e9venu ce lundi l\u2019Agence europ\u00e9enne de l\u2019Environnement (AEE).<\/p>\n\n\n\n<p class=\"\">\u00ab&nbsp;<a href=\"https:\/\/www.leparisien.fr\/environnement\/climat\/une-donnee-climatologique-fascinante-comment-la-neige-sefface-lentement-en-moyenne-montagne-11-03-2024-GOEFMGRRMRGX7BBBO7SI4CCHLI.php\" target=\"_blank\" rel=\"noreferrer noopener\">La chaleur extr\u00eame, la s\u00e9cheresse<\/a>, les incendies de for\u00eat et les inondations que nous avons connus ces derni\u00e8res ann\u00e9es en Europe vont s\u2019aggraver, y compris dans les sc\u00e9narios optimistes du r\u00e9chauffement climatique, et affecteront les conditions de vie sur tout le continent&nbsp;\u00bb, a \u00e9crit l\u2019agence dans un communiqu\u00e9 pr\u00e9sentant son premier rapport sur l\u2019\u00e9valuation des risques climatiques en Europe. \u00ab&nbsp;Ces \u00e9v\u00e9nements repr\u00e9sentent la nouvelle norme&nbsp;\u00bb, a insist\u00e9 la directrice de l\u2019AEE, Leena Yl\u00e4-Mononen lors d\u2019un point presse. \u00ab&nbsp;Ils doivent \u00eatre aussi un coup de semonce&nbsp;\u00bb.<\/p>\n\n\n\n<h2 class=\"wp-block-heading\">Les vagues de chaleur parmi les principaux risques<\/h2>\n\n\n\n<p class=\"\">Le Vieux continent est\u00a0<a href=\"https:\/\/www.leparisien.fr\/environnement\/climat\/climat-la-planete-depasse-15-degre-de-rechauffement-pour-la-premiere-fois-pendant-12-mois-consecutifs-08-02-2024-NM77LE454BGKDJ2DPI46X2RTB4.php\" target=\"_blank\" rel=\"noreferrer noopener\">celui qui s\u2019est r\u00e9chauff\u00e9 le plus rapidement\u00a0<\/a>ces quarante derni\u00e8res ann\u00e9es, a soulign\u00e9 l\u2019agence. L\u2019\u00e9tude r\u00e9pertorie 36 risques climatiques majeurs pour l\u2019Europe. Vingt et un d\u2019entre eux n\u00e9cessitent plus d\u2019action imm\u00e9diate et huit une r\u00e9ponse en urgence.Au premier rang, les risques li\u00e9s aux \u00e9cosyst\u00e8mes, principalement marins et c\u00f4tiers. Par exemple, les effets combin\u00e9s des vagues de chaleur marine, de l\u2019acidification et de l\u2019appauvrissement en oxyg\u00e8ne des mers et d\u2019autres facteurs anthropiques (pollution, p\u00eache\u2026) menacent le fonctionnement des \u00e9cosyst\u00e8mes marins, selon le rapport. \u00ab\u00a0Il peut en r\u00e9sulter une perte substantielle de la biodiversit\u00e9, y compris des \u00e9v\u00e9nements de mortalit\u00e9 massive\u00a0\u00bb, ajoute-t-il.<\/p>\n\n\n\n<p class=\"\">Autre risque majeur,&nbsp;<a href=\"https:\/\/www.leparisien.fr\/environnement\/rechauffement-climatique-il-faut-arreter-de-penser-que-les-records-sont-exceptionnels-05-07-2023-66SSZ2SVOFGQDOBOGOX6VOX5SQ.php\" target=\"_blank\" rel=\"noreferrer noopener\">les vagues de chaleur<\/a>. Elles \u00ab&nbsp;ab\u00eement, menacent notre sant\u00e9. Elles peuvent faire des ravages sur les \u00e9cosyst\u00e8mes. En Europe, elles sont souvent associ\u00e9es \u00e0 des s\u00e9cheresses et c\u2019est une combinaison dangereuse pour les infrastructures, l\u2019approvisionnement en eau&nbsp;\u00bb, a relev\u00e9 pour l\u2019AFP un expert des risques climatiques de l\u2019agence, Hans-Martin F\u00fcssel.<\/p>\n\n\n\n<h2 class=\"wp-block-heading\">Le sud de l\u2019Europe, plus expos\u00e9<\/h2>\n\n\n\n<p class=\"\">Pour l\u2019AEE, la priorit\u00e9 est que les gouvernements et les populations europ\u00e9ens&nbsp;<a href=\"https:\/\/www.leparisien.fr\/environnement\/leurope-sest-rechauffee-denviron-23-degres-depuis-la-periode-1850-1900-selon-lonu-19-06-2023-YRUHC2EOFJEDFEAZU7A2BO64JI.php#:~:text=L%E2%80%99Europe%20s%E2%80%99est%20r%C3%A9chauff%C3%A9e,selon%20l%E2%80%99ONU%20%2D%20Le%20Parisien\" target=\"_blank\" rel=\"noreferrer noopener\">reconnaissent unanimement les risques<\/a>&nbsp;et acceptent de faire plus, plus vite. \u00ab&nbsp;Nous devons faire plus, avoir des politiques plus fortes&nbsp;\u00bb, a insist\u00e9 Leena Yl\u00e4-Mononen.<\/p>\n","protected":false},"excerpt":{"rendered":"<p>Il faut agir plus vite. L\u2019Europe pourrait \u00eatre confront\u00e9e \u00e0 des situations \u00ab&nbsp;catastrophiques&nbsp;\u00bb si elle ne prend pas la mesure des risques climatiques qu\u2019elle encourt et dont beaucoup sont d\u00e9j\u00e0 \u00e0 un niveau critique, a pr\u00e9venu ce lundi l\u2019Agence europ\u00e9enne de l\u2019Environnement (AEE). \u00ab&nbsp;La chaleur extr\u00eame, la s\u00e9cheresse, les incendies de for\u00eat et les inondations [&hellip;]<\/p>\n","protected":false},"author":2,"featured_media":27465,"comment_status":"open","ping_status":"open","sticky":false,"template":"","format":"standard","meta":{"_jetpack_memberships_contains_paid_content":false,"footnotes":"","jetpack_publicize_message":"","jetpack_publicize_feature_enabled":true,"jetpack_social_post_already_shared":true,"jetpack_social_options":{"image_generator_settings":{"template":"highway","default_image_id":0,"font":"","enabled":false},"version":2},"_wpas_customize_per_network":false},"categories":[14],"tags":[],"class_list":["post-27464","post","type-post","status-publish","format-standard","has-post-thumbnail","hentry","category-actu-meteo"],"jetpack_publicize_connections":[],"jetpack_featured_media_url":"https:\/\/i0.wp.com\/www.iceagetv.com\/radiosite\/wp-content\/uploads\/2024\/03\/LEurope-doit-faire-plus-pour-le-climat.jpg?fit=549%2C418&ssl=1","jetpack_sharing_enabled":true,"_links":{"self":[{"href":"https:\/\/www.iceagetv.com\/radiosite\/wp-json\/wp\/v2\/posts\/27464","targetHints":{"allow":["GET"]}}],"collection":[{"href":"https:\/\/www.iceagetv.com\/radiosite\/wp-json\/wp\/v2\/posts"}],"about":[{"href":"https:\/\/www.iceagetv.com\/radiosite\/wp-json\/wp\/v2\/types\/post"}],"author":[{"embeddable":true,"href":"https:\/\/www.iceagetv.com\/radiosite\/wp-json\/wp\/v2\/users\/2"}],"replies":[{"embeddable":true,"href":"https:\/\/www.iceagetv.com\/radiosite\/wp-json\/wp\/v2\/comments?post=27464"}],"version-history":[{"count":1,"href":"https:\/\/www.iceagetv.com\/radiosite\/wp-json\/wp\/v2\/posts\/27464\/revisions"}],"predecessor-version":[{"id":27466,"href":"https:\/\/www.iceagetv.com\/radiosite\/wp-json\/wp\/v2\/posts\/27464\/revisions\/27466"}],"wp:featuredmedia":[{"embeddable":true,"href":"https:\/\/www.iceagetv.com\/radiosite\/wp-json\/wp\/v2\/media\/27465"}],"wp:attachment":[{"href":"https:\/\/www.iceagetv.com\/radiosite\/wp-json\/wp\/v2\/media?parent=27464"}],"wp:term":[{"taxonomy":"category","embeddable":true,"href":"https:\/\/www.iceagetv.com\/radiosite\/wp-json\/wp\/v2\/categories?post=27464"},{"taxonomy":"post_tag","embeddable":true,"href":"https:\/\/www.iceagetv.com\/radiosite\/wp-json\/wp\/v2\/tags?post=27464"}],"curies":[{"name":"wp","href":"https:\/\/api.w.org\/{rel}","templated":true}]}}