{"id":27467,"date":"2024-03-11T17:53:03","date_gmt":"2024-03-11T17:53:03","guid":{"rendered":"https:\/\/www.iceagetv.com\/radiosite\/?p=27467"},"modified":"2024-03-11T17:53:03","modified_gmt":"2024-03-11T17:53:03","slug":"la-poste-partiellement-condamnee-en-decembre-pour-avoir-manque-a-son-devoir-de-vigilance-annonce-avoir-fait-appel-de-la-decision","status":"publish","type":"post","link":"https:\/\/www.iceagetv.com\/radiosite\/la-poste-partiellement-condamnee-en-decembre-pour-avoir-manque-a-son-devoir-de-vigilance-annonce-avoir-fait-appel-de-la-decision\/","title":{"rendered":"La Poste, partiellement condamn\u00e9e en d\u00e9cembre pour avoir manqu\u00e9 \u00ab\u00e0 son devoir de vigilance\u00bb, annonce avoir fait appel de la d\u00e9cision"},"content":{"rendered":"\n<p class=\"\">La Poste, partiellement condamn\u00e9e en d\u00e9cembre pour avoir manqu\u00e9 \u00ab\u00e0 son devoir de vigilance\u00bb qui oblige les multinationales \u00e0 rendre des comptes sur les risques humains et environnementaux de leurs activit\u00e9s et celles de leurs filiales et sous-traitants, a annonc\u00e9 avoir fait appel de la d\u00e9cision. Assign\u00e9e en 2021 par le syndicat Sud PTT pour les conditions d&#8217;emploi de travailleurs sans papiers au sein de ses filiales, l&rsquo;entreprise publique a \u00e9t\u00e9 partiellement condamn\u00e9e le 5 d\u00e9cembre par le tribunal judiciaire de Paris, une premi\u00e8re en France.<\/p>\n\n\n\n<p class=\"\">Ce dernier l&rsquo;avait enjointe de compl\u00e9ter son plan de vigilance \u00abpar une cartographie des risques\u00bb, ne l&rsquo;estimant \u00abpas conforme aux exigences l\u00e9gales en raison de son impr\u00e9cision\u00bb. Il a demand\u00e9 en cons\u00e9quence \u00e0 La Poste \u00abd&rsquo;\u00e9tablir des proc\u00e9dures d&rsquo;\u00e9valuation des sous-traitants en fonction des risques\u00bb qui seraient identifi\u00e9s par cette cartographie. En revanche, les juges \u00abont d\u00e9bout\u00e9 le syndicat Sud PTT de toutes ses demandes relatives aux mesures de sauvegarde et de vigilance compl\u00e9mentaires concernant la sous-traitance\u00bb mais aussi \u00abla lutte contre le travail dissimul\u00e9\u00bb, avait soulign\u00e9 La Poste en d\u00e9cembre.<\/p>\n\n\n\n<p class=\"\">\u00abLa Poste consid\u00e8re n\u00e9cessaire de faire appel pour clarifier certains points d&rsquo;interpr\u00e9tation et d&rsquo;application de la loi sur le devoir de vigilance\u00bb de 2017, \u00aben l&rsquo;absence de d\u00e9cret pr\u00e9cisant les modalit\u00e9s d&rsquo;application de cette loi, et particuli\u00e8rement dans l&rsquo;hypoth\u00e8se o\u00f9 la directive europ\u00e9enne sur le devoir de vigilance ne serait in fine pas adopt\u00e9e\u00bb, consid\u00e8re l&rsquo;entreprise dans un communiqu\u00e9. Les Vingt-Sept, frein\u00e9s par l&rsquo;Allemagne et l&rsquo;Italie, ont \u00e9chou\u00e9 fin f\u00e9vrier \u00e0 s&rsquo;entendre sur une l\u00e9gislation imposant aux entreprises de l&rsquo;UE des obligations relatives \u00e0 la protection de l&rsquo;environnement et aux droits humains dans leurs cha\u00eenes de production. En France, une loi a \u00e9t\u00e9 adopt\u00e9e en 2017, contraignant les grandes soci\u00e9t\u00e9s \u00e0 publier un plan de vigilance sur les risques humains et environnementaux de leurs activit\u00e9s, y compris au sein de leurs filiales, fournisseurs et sous-traitants.<\/p>\n\n\n\n<p class=\"\">Face \u00e0 \u00abl&rsquo;\u00e9mergence\u00bb de contentieux li\u00e9s au devoir de vigilance et \u00e0 la responsabilit\u00e9 environnementale des entreprises, la cour d&rsquo;appel de Paris vient de se doter d&rsquo;une nouvelle chambre sp\u00e9cialis\u00e9e. Le groupe dirig\u00e9 par Philippe Wahl a \u00e9galement argu\u00e9 qu&rsquo;il apparaissait \u00abutile que la premi\u00e8re d\u00e9cision au fond qui int\u00e9resse de nombreuses entreprises fran\u00e7aises assujetties \u00e0 cette loi fasse l&rsquo;objet d&rsquo;une analyse par cette juridiction sp\u00e9cialis\u00e9e. Et ce, \u00aba fortiori si l&rsquo;harmonisation du cadre juridique europ\u00e9en devant \u00eatre apport\u00e9e par la directive ne se r\u00e9alisait pas\u00bb, a-t-il affirm\u00e9.<\/p>\n","protected":false},"excerpt":{"rendered":"<p>La Poste, partiellement condamn\u00e9e en d\u00e9cembre pour avoir manqu\u00e9 \u00ab\u00e0 son devoir de vigilance\u00bb qui oblige les multinationales \u00e0 rendre des comptes sur les risques humains et environnementaux de leurs activit\u00e9s et celles de leurs filiales et sous-traitants, a annonc\u00e9 avoir fait appel de la d\u00e9cision. Assign\u00e9e en 2021 par le syndicat Sud PTT pour [&hellip;]<\/p>\n","protected":false},"author":2,"featured_media":27468,"comment_status":"open","ping_status":"open","sticky":false,"template":"","format":"standard","meta":{"_jetpack_memberships_contains_paid_content":false,"footnotes":"","jetpack_publicize_message":"","jetpack_publicize_feature_enabled":true,"jetpack_social_post_already_shared":true,"jetpack_social_options":{"image_generator_settings":{"template":"highway","default_image_id":0,"font":"","enabled":false},"version":2},"_wpas_customize_per_network":false},"categories":[405],"tags":[],"class_list":["post-27467","post","type-post","status-publish","format-standard","has-post-thumbnail","hentry","category-actu-france-monde"],"jetpack_publicize_connections":[],"jetpack_featured_media_url":"https:\/\/i0.wp.com\/www.iceagetv.com\/radiosite\/wp-content\/uploads\/2024\/03\/La-Poste-1.jpg?fit=679%2C293&ssl=1","jetpack_sharing_enabled":true,"_links":{"self":[{"href":"https:\/\/www.iceagetv.com\/radiosite\/wp-json\/wp\/v2\/posts\/27467","targetHints":{"allow":["GET"]}}],"collection":[{"href":"https:\/\/www.iceagetv.com\/radiosite\/wp-json\/wp\/v2\/posts"}],"about":[{"href":"https:\/\/www.iceagetv.com\/radiosite\/wp-json\/wp\/v2\/types\/post"}],"author":[{"embeddable":true,"href":"https:\/\/www.iceagetv.com\/radiosite\/wp-json\/wp\/v2\/users\/2"}],"replies":[{"embeddable":true,"href":"https:\/\/www.iceagetv.com\/radiosite\/wp-json\/wp\/v2\/comments?post=27467"}],"version-history":[{"count":1,"href":"https:\/\/www.iceagetv.com\/radiosite\/wp-json\/wp\/v2\/posts\/27467\/revisions"}],"predecessor-version":[{"id":27469,"href":"https:\/\/www.iceagetv.com\/radiosite\/wp-json\/wp\/v2\/posts\/27467\/revisions\/27469"}],"wp:featuredmedia":[{"embeddable":true,"href":"https:\/\/www.iceagetv.com\/radiosite\/wp-json\/wp\/v2\/media\/27468"}],"wp:attachment":[{"href":"https:\/\/www.iceagetv.com\/radiosite\/wp-json\/wp\/v2\/media?parent=27467"}],"wp:term":[{"taxonomy":"category","embeddable":true,"href":"https:\/\/www.iceagetv.com\/radiosite\/wp-json\/wp\/v2\/categories?post=27467"},{"taxonomy":"post_tag","embeddable":true,"href":"https:\/\/www.iceagetv.com\/radiosite\/wp-json\/wp\/v2\/tags?post=27467"}],"curies":[{"name":"wp","href":"https:\/\/api.w.org\/{rel}","templated":true}]}}