{"id":27484,"date":"2024-03-13T12:09:55","date_gmt":"2024-03-13T12:09:55","guid":{"rendered":"https:\/\/www.iceagetv.com\/radiosite\/?p=27484"},"modified":"2024-03-13T12:09:55","modified_gmt":"2024-03-13T12:09:55","slug":"lamiral-philippe-de-gaulle-fils-de-charles-de-gaulle-est-decede-dans-la-nuit-a-lage-de-102-ans-un-hommage-national-se-tiendra-la-semaine-prochaine-aux-invalides","status":"publish","type":"post","link":"https:\/\/www.iceagetv.com\/radiosite\/lamiral-philippe-de-gaulle-fils-de-charles-de-gaulle-est-decede-dans-la-nuit-a-lage-de-102-ans-un-hommage-national-se-tiendra-la-semaine-prochaine-aux-invalides\/","title":{"rendered":"L\u2019amiral Philippe de Gaulle, fils de Charles de Gaulle, est d\u00e9c\u00e9d\u00e9 dans la nuit \u00e0 l&rsquo;\u00e2ge de 102 ans &#8211; Un hommage national se tiendra la semaine prochaine aux Invalides"},"content":{"rendered":"\n<p class=\"\"><strong>Le pr\u00e9sident de la R\u00e9publique, Emmanuel Macron, rendra un \u00ab\u00a0hommage national la semaine prochaine aux Invalides\u00a0\u00bb \u00e0 l&rsquo;amiral Philippe de Gaulle, fils a\u00een\u00e9 du g\u00e9n\u00e9ral mort \u00e0 102 ans, a annonc\u00e9 mercredi la porte-parole du gouvernement, Prisca Thevenot.<\/strong><\/p>\n\n\n\n<p class=\"\"><strong>Le chef de l&rsquo;Etat \u00ab\u00a0a commenc\u00e9 le Conseil des ministres aujourd&rsquo;hui (mercredi, NDLR) par un mot appuy\u00e9 \u00e0 la m\u00e9moire de l&rsquo;amiral de Gaulle qui s&rsquo;est \u00e9teint t\u00f4t ce matin\u00a0\u00bb, a d\u00e9clar\u00e9 la ministre, citant les mots de M. Macron : \u00ab\u00a0Un grand r\u00e9sistant, un compagnon de la Lib\u00e9ration, engag\u00e9 d\u00e8s les premi\u00e8res heures de la Lib\u00e9ration\u00a0\u00bb.<\/strong><\/p>\n\n\n\n<p class=\"\"><\/p>\n\n\n\n<p class=\"\">L\u2019ancien officier de marine, membre des Forces navales fran\u00e7aises libres durant la Seconde Guerre mondiale, avait 102 ans. Il avait embrass\u00e9 une carri\u00e8re politique apr\u00e8s la fin de son parcours militaire, devenant s\u00e9nateur de Paris, sous la banni\u00e8re du RPR puis de l\u2019UMP, entre 1986 et 2004.<\/p>\n\n\n\n<p class=\"\">Philippe de Gaulle (n\u00e9 le 28 d\u00e9cembre 1921 \u00e0 Paris&nbsp; \u00e9tait un officier g\u00e9n\u00e9ral de marine et une homme politique fran\u00e7ais. Fils d&rsquo;Yvonne de Gaulle et du g\u00e9n\u00e9ral Charles de Gaulle, issu de l&rsquo;\u00c9cole navale (promotion 1940), pass\u00e9 par l&rsquo;A\u00e9ronautique navale, il termine sa carri\u00e8re militaire en 1982 aux rang et appellation d&rsquo;amiral. Il fut ensuite s\u00e9nateur de Paris de 1986 \u00e0 2004.&nbsp;<\/p>\n\n\n\n<p class=\"\">Lorsque la Seconde Guerre mondiale \u00e9clate, et malgr\u00e9 les r\u00e9ticences de celui qui n\u2019est encore que colonel, il entreprend donc de pr\u00e9parer le concours de l\u2019\u00e9cole navale, \u00e9preuve qui sera finalement report\u00e9e pour cause d\u2019invasion allemande. Qu\u2019importe, oubliant provisoirement la th\u00e9orie, Philippe de Gaulle prend le sillage de son p\u00e8re et s\u2019engage, d\u00e8s le 20 juin 1940, dans les forces navales fran\u00e7aises libres.<\/p>\n\n\n\n<p class=\"\">Deux ans apr\u00e8s la fin de la guerre, au cours de laquelle il sera bless\u00e9 \u00e0 six reprises, Philippe de Gaulle \u00e9pouse Henriette de Montalembert, avec qui il aura quatre enfants. Entre-temps, il a retrouv\u00e9 ses premi\u00e8res amours, la Marine.<\/p>\n\n\n\n<p class=\"\">Membre du bureau politique du RPR \u00e0 partir de 1984, Philippe de Gaulle est \u00e9lu s\u00e9nateur en septembre 1986, mandat qu\u2019il conserva jusqu\u2019en 2004. \u00ab M\u00eame si le clich\u00e9 du s\u00e9nateur qui somnole apr\u00e8s les repas est d\u00e9suet, ce n\u2019\u00e9tait plus la Marine, quand je courais partout \u00bb, indiquera-t-il plus tard \u00e0 Paris Match .<\/p>\n\n\n\n<p class=\"\">Et puis, entre deux d\u00e9bats de la commission des affaires \u00e9trang\u00e8res, de la d\u00e9fense et des forces arm\u00e9es, Philippe de Gaulle \u00e9crit et publie les deux tomes de son De Gaulle, mon p\u00e8re (Plon, 2005). Quelques ann\u00e9es plus t\u00f4t, il avait fait para\u00eetre ses propres m\u00e9moires, pudiquement intitul\u00e9es M\u00e9moires accessoires, (Plon, 1997) en r\u00e9f\u00e9rence aux fameuses M\u00e9moires de son p\u00e8re.<\/p>\n","protected":false},"excerpt":{"rendered":"<p>Le pr\u00e9sident de la R\u00e9publique, Emmanuel Macron, rendra un \u00ab\u00a0hommage national la semaine prochaine aux Invalides\u00a0\u00bb \u00e0 l&rsquo;amiral Philippe de Gaulle, fils a\u00een\u00e9 du g\u00e9n\u00e9ral mort \u00e0 102 ans, a annonc\u00e9 mercredi la porte-parole du gouvernement, Prisca Thevenot. Le chef de l&rsquo;Etat \u00ab\u00a0a commenc\u00e9 le Conseil des ministres aujourd&rsquo;hui (mercredi, NDLR) par un mot appuy\u00e9 [&hellip;]<\/p>\n","protected":false},"author":2,"featured_media":27485,"comment_status":"open","ping_status":"open","sticky":false,"template":"","format":"standard","meta":{"_jetpack_memberships_contains_paid_content":false,"footnotes":"","jetpack_publicize_message":"","jetpack_publicize_feature_enabled":true,"jetpack_social_post_already_shared":true,"jetpack_social_options":{"image_generator_settings":{"template":"highway","default_image_id":0,"font":"","enabled":false},"version":2},"_wpas_customize_per_network":false},"categories":[405],"tags":[],"class_list":["post-27484","post","type-post","status-publish","format-standard","has-post-thumbnail","hentry","category-actu-france-monde"],"jetpack_publicize_connections":[],"jetpack_featured_media_url":"https:\/\/i0.wp.com\/www.iceagetv.com\/radiosite\/wp-content\/uploads\/2024\/03\/Lamiral-Philippe-de-Gaulle-fils-de-Charles-de-Gaulle-est-decede-dans-la-nuit-a-lage-de-102-ans-Un-hommage-national-se-tiendra-la-semaine-prochaine-aux-Invalides.jpg?fit=603%2C291&ssl=1","jetpack_sharing_enabled":true,"_links":{"self":[{"href":"https:\/\/www.iceagetv.com\/radiosite\/wp-json\/wp\/v2\/posts\/27484","targetHints":{"allow":["GET"]}}],"collection":[{"href":"https:\/\/www.iceagetv.com\/radiosite\/wp-json\/wp\/v2\/posts"}],"about":[{"href":"https:\/\/www.iceagetv.com\/radiosite\/wp-json\/wp\/v2\/types\/post"}],"author":[{"embeddable":true,"href":"https:\/\/www.iceagetv.com\/radiosite\/wp-json\/wp\/v2\/users\/2"}],"replies":[{"embeddable":true,"href":"https:\/\/www.iceagetv.com\/radiosite\/wp-json\/wp\/v2\/comments?post=27484"}],"version-history":[{"count":1,"href":"https:\/\/www.iceagetv.com\/radiosite\/wp-json\/wp\/v2\/posts\/27484\/revisions"}],"predecessor-version":[{"id":27486,"href":"https:\/\/www.iceagetv.com\/radiosite\/wp-json\/wp\/v2\/posts\/27484\/revisions\/27486"}],"wp:featuredmedia":[{"embeddable":true,"href":"https:\/\/www.iceagetv.com\/radiosite\/wp-json\/wp\/v2\/media\/27485"}],"wp:attachment":[{"href":"https:\/\/www.iceagetv.com\/radiosite\/wp-json\/wp\/v2\/media?parent=27484"}],"wp:term":[{"taxonomy":"category","embeddable":true,"href":"https:\/\/www.iceagetv.com\/radiosite\/wp-json\/wp\/v2\/categories?post=27484"},{"taxonomy":"post_tag","embeddable":true,"href":"https:\/\/www.iceagetv.com\/radiosite\/wp-json\/wp\/v2\/tags?post=27484"}],"curies":[{"name":"wp","href":"https:\/\/api.w.org\/{rel}","templated":true}]}}