{"id":27487,"date":"2024-03-13T14:38:48","date_gmt":"2024-03-13T14:38:48","guid":{"rendered":"https:\/\/www.iceagetv.com\/radiosite\/?p=27487"},"modified":"2024-03-13T14:38:48","modified_gmt":"2024-03-13T14:38:48","slug":"apres-avoir-annonce-sa-cavale-marco-mouly-vient-de-se-rendre-et-il-pourrait-retourner-en-prison-dans-les-prochaines-heures-suite-a-une-decision-de-justice","status":"publish","type":"post","link":"https:\/\/www.iceagetv.com\/radiosite\/apres-avoir-annonce-sa-cavale-marco-mouly-vient-de-se-rendre-et-il-pourrait-retourner-en-prison-dans-les-prochaines-heures-suite-a-une-decision-de-justice\/","title":{"rendered":"Apr\u00e8s avoir annonc\u00e9 sa cavale, Marco Mouly vient de se rendre et il pourrait retourner en prison dans les prochaines heures suite \u00e0 une d\u00e9cision de justice"},"content":{"rendered":"\n<p class=\"\">Marco Mouly, l&rsquo;une des figures de l&rsquo;escroquerie g\u00e9ante \u00e0 la TVA sur le march\u00e9 du carbone, s&rsquo;est rendu ce mercredi au tribunal judiciaire de Paris en vue de son incarc\u00e9ration, apr\u00e8s la r\u00e9vocation partielle de son sursis ordonn\u00e9e vendredi, a constat\u00e9 l&rsquo;AFP. \u00abJe ne vais pas en cavale, je me rends, la cavale n&rsquo;existe plus\u00bb, a-t-il d\u00e9clar\u00e9 \u00e0 la presse dans le hall du tribunal.<\/p>\n\n\n\n<p class=\"\">Habitu\u00e9 des plateaux t\u00e9l\u00e9 et en particulier de \u00ab\u00a0Touche pas \u00e0 mon poste\u00a0\u00bb, Marco Mouly, l\u2019un des protagonistes de l\u2019affaire de l\u2019arnaque aux quotas carbone, avait annonc\u00e9 la semaine derni\u00e8re qu&rsquo;il partait en cavale, alors que la justice a demand\u00e9 son placement en d\u00e9tention.<\/p>\n\n\n\n<p class=\"\">Selon M\u00e9diapart, Marco Mouly a appris qu\u2019une juge d\u2019application des peines venait de d\u00e9cider de la r\u00e9vocation partielle de son sursis dans une ancienne affaire, dite du \u00ab Vend\u00f4me Trading \u00bb : une escroquerie \u00e0 la TVA dat\u00e9e d\u2019il y a 25 ans.&nbsp; La magistrate a ordonn\u00e9 une r\u00e9vocation de son sursis \u00e0 hauteur de 18 mois de prison ferme, \u00e0 effet imm\u00e9diat.<\/p>\n\n\n\n<p class=\"\">Apprenant cette d\u00e9cision, Marco Mouly a contact\u00e9 Mediapart pour annoncer qu\u2019il partait en cavale : \u00ab\u00a0J\u2019en veux \u00e0 la soci\u00e9t\u00e9. Je me tiens \u00e0 carreau et voil\u00e0 qu\u2019on me ressort une affaire de 1998 ! Qu\u2019est-ce que tu veux que je fasse ? Bah ouais, je d\u00e9fie la police\u2026 Jamais je retourne en prison. Et avec moi, la cavale, c\u2019est dans les grands h\u00f4tels et les palaces !\u00a0\u00bb<\/p>\n\n\n\n<p class=\"\">En 2019, Marco Mouly s&rsquo;\u00e9tait enfui apr\u00e8s sa condamnation \u00e0 huit ans de prison ferme et 285 millions d&rsquo;euros d&rsquo;amende pour avoir particip\u00e9 \u00e0 l&rsquo;escroquerie aux quotas carbone. Il avait \u00e9t\u00e9 retrouv\u00e9 en Suisse au bout de plusieurs mois, avant de purger sa peine en France.<\/p>\n","protected":false},"excerpt":{"rendered":"<p>Marco Mouly, l&rsquo;une des figures de l&rsquo;escroquerie g\u00e9ante \u00e0 la TVA sur le march\u00e9 du carbone, s&rsquo;est rendu ce mercredi au tribunal judiciaire de Paris en vue de son incarc\u00e9ration, apr\u00e8s la r\u00e9vocation partielle de son sursis ordonn\u00e9e vendredi, a constat\u00e9 l&rsquo;AFP. \u00abJe ne vais pas en cavale, je me rends, la cavale n&rsquo;existe plus\u00bb, [&hellip;]<\/p>\n","protected":false},"author":2,"featured_media":27488,"comment_status":"open","ping_status":"open","sticky":false,"template":"","format":"standard","meta":{"_jetpack_memberships_contains_paid_content":false,"footnotes":"","jetpack_publicize_message":"","jetpack_publicize_feature_enabled":true,"jetpack_social_post_already_shared":true,"jetpack_social_options":{"image_generator_settings":{"template":"highway","default_image_id":0,"font":"","enabled":false},"version":2},"_wpas_customize_per_network":false},"categories":[405],"tags":[],"class_list":["post-27487","post","type-post","status-publish","format-standard","has-post-thumbnail","hentry","category-actu-france-monde"],"jetpack_publicize_connections":[],"jetpack_featured_media_url":"https:\/\/i0.wp.com\/www.iceagetv.com\/radiosite\/wp-content\/uploads\/2024\/03\/Marco-Mouly.jpg?fit=679%2C293&ssl=1","jetpack_sharing_enabled":true,"_links":{"self":[{"href":"https:\/\/www.iceagetv.com\/radiosite\/wp-json\/wp\/v2\/posts\/27487","targetHints":{"allow":["GET"]}}],"collection":[{"href":"https:\/\/www.iceagetv.com\/radiosite\/wp-json\/wp\/v2\/posts"}],"about":[{"href":"https:\/\/www.iceagetv.com\/radiosite\/wp-json\/wp\/v2\/types\/post"}],"author":[{"embeddable":true,"href":"https:\/\/www.iceagetv.com\/radiosite\/wp-json\/wp\/v2\/users\/2"}],"replies":[{"embeddable":true,"href":"https:\/\/www.iceagetv.com\/radiosite\/wp-json\/wp\/v2\/comments?post=27487"}],"version-history":[{"count":1,"href":"https:\/\/www.iceagetv.com\/radiosite\/wp-json\/wp\/v2\/posts\/27487\/revisions"}],"predecessor-version":[{"id":27489,"href":"https:\/\/www.iceagetv.com\/radiosite\/wp-json\/wp\/v2\/posts\/27487\/revisions\/27489"}],"wp:featuredmedia":[{"embeddable":true,"href":"https:\/\/www.iceagetv.com\/radiosite\/wp-json\/wp\/v2\/media\/27488"}],"wp:attachment":[{"href":"https:\/\/www.iceagetv.com\/radiosite\/wp-json\/wp\/v2\/media?parent=27487"}],"wp:term":[{"taxonomy":"category","embeddable":true,"href":"https:\/\/www.iceagetv.com\/radiosite\/wp-json\/wp\/v2\/categories?post=27487"},{"taxonomy":"post_tag","embeddable":true,"href":"https:\/\/www.iceagetv.com\/radiosite\/wp-json\/wp\/v2\/tags?post=27487"}],"curies":[{"name":"wp","href":"https:\/\/api.w.org\/{rel}","templated":true}]}}