{"id":27497,"date":"2024-03-14T08:19:03","date_gmt":"2024-03-14T08:19:03","guid":{"rendered":"https:\/\/www.iceagetv.com\/radiosite\/?p=27497"},"modified":"2024-03-14T08:19:03","modified_gmt":"2024-03-14T08:19:03","slug":"seine-saint-denis-un-jeune-homme-de-25-ans-qui-circulait-en-scooter-tue-dans-un-accident-apres-une-collision-avec-un-vehicule-de-police-lors-dun-refus-dobtemperer","status":"publish","type":"post","link":"https:\/\/www.iceagetv.com\/radiosite\/seine-saint-denis-un-jeune-homme-de-25-ans-qui-circulait-en-scooter-tue-dans-un-accident-apres-une-collision-avec-un-vehicule-de-police-lors-dun-refus-dobtemperer\/","title":{"rendered":"Seine-Saint-Denis : Un jeune homme de 25 ans qui circulait en scooter, tu\u00e9 dans un accident, apr\u00e8s une collision avec un v\u00e9hicule de police lors d&rsquo;un refus d&rsquo;obtemp\u00e9rer\u00a0"},"content":{"rendered":"\n<p class=\"\">Que s&rsquo;est-il vraiment pass\u00e9 cette nuit en Seine-Saint-Denis, \u00e0 Aubervilliers, quand un jeune homme qui circulait sur un scooter avec une deuxi\u00e8me personne est d\u00e9c\u00e9d\u00e9 apr\u00e8s avoir heurt\u00e9 un v\u00e9hicule de police ? C&rsquo;est ce que devront d\u00e9couvrir deux enqu\u00eates qui ont \u00e9t\u00e9 lanc\u00e9es dans la nuit.&nbsp;<\/p>\n\n\n\n<p class=\"\">Ce matin, on sait qu&rsquo;un jeune homme qui circulait \u00e0 scooter&nbsp;est mort mercredi soir apr\u00e8s la collision de son deux-roues avec une voiture de police. Le d\u00e9c\u00e8s du conducteur, n\u00e9 en 2005, a \u00e9t\u00e9 d\u00e9clar\u00e9 tard dans la soir\u00e9e, quelques heures apr\u00e8s les faits qui ont eu lieu apr\u00e8s&nbsp;19&nbsp;heures, a pr\u00e9cis\u00e9 une source polici\u00e8re \u00e0 l&rsquo;AFP.&nbsp;Il a&nbsp;\u00e9t\u00e9 victime d&rsquo;un premier arr\u00eat cardiaque avant d&rsquo;\u00eatre r\u00e9anim\u00e9 et transport\u00e9 \u00e0 l&rsquo;h\u00f4pital.<\/p>\n\n\n\n<p class=\"\">\u00abVers 19 h 20, un deux-roues mont\u00e9 par deux individus casqu\u00e9s commet un refus d&rsquo;obtemp\u00e9rer. Un \u00e9quipage de police le poursuit \u00bb&nbsp;<a href=\"https:\/\/actu17.fr\/faits-divers\/aubervilliers-un-jeune-homme-a-scooter-refusant-dobtemperer-decede-apres-une-lourde-chute.html\" target=\"_blank\" rel=\"noreferrer noopener\">selon les informations du site Actu17<\/a>. \u00ab Le scooter en fuite percute un second \u00e9quipage avec ses avertisseurs sonores et lumineux activ\u00e9s, arrivant en face \u00bb pr\u00e9cisant que l&rsquo;\u00ab \u00e9quipage ayant fait une embard\u00e9e suite \u00e0 un refus de priorit\u00e9 commis par un tiers, il n&rsquo;a pas pu \u00e9viter l&rsquo;impact avec le scooter, malgr\u00e9 une man\u0153uvre de contournement \u00bb.<\/p>\n\n\n\n<p class=\"\">D&rsquo;apr\u00e8s une source proche de l&rsquo;enqu\u00eate, des cam\u00e9ras de la ville ont film\u00e9 les faits.<\/p>\n\n\n\n<p class=\"\">Deux enqu\u00eates ont \u00e9t\u00e9 ouvertes, a indiqu\u00e9 le parquet de Bobigny. La premi\u00e8re a \u00e9t\u00e9 confi\u00e9e \u00e0 l&rsquo;Inspection g\u00e9n\u00e9rale de la police nationale (IGPN). La seconde, pour refus d&rsquo;obtemp\u00e9rer aggrav\u00e9, a \u00e9t\u00e9 confi\u00e9e au service de traitement judiciaire des accidents de la pr\u00e9fecture de police. Le passager du deux-roues a \u00e9t\u00e9 plac\u00e9 en garde \u00e0 vue, selon une source polici\u00e8re.<\/p>\n","protected":false},"excerpt":{"rendered":"<p>Que s&rsquo;est-il vraiment pass\u00e9 cette nuit en Seine-Saint-Denis, \u00e0 Aubervilliers, quand un jeune homme qui circulait sur un scooter avec une deuxi\u00e8me personne est d\u00e9c\u00e9d\u00e9 apr\u00e8s avoir heurt\u00e9 un v\u00e9hicule de police ? C&rsquo;est ce que devront d\u00e9couvrir deux enqu\u00eates qui ont \u00e9t\u00e9 lanc\u00e9es dans la nuit.&nbsp; Ce matin, on sait qu&rsquo;un jeune homme qui [&hellip;]<\/p>\n","protected":false},"author":2,"featured_media":27498,"comment_status":"open","ping_status":"open","sticky":false,"template":"","format":"standard","meta":{"_jetpack_memberships_contains_paid_content":false,"footnotes":"","jetpack_publicize_message":"","jetpack_publicize_feature_enabled":true,"jetpack_social_post_already_shared":true,"jetpack_social_options":{"image_generator_settings":{"template":"highway","default_image_id":0,"font":"","enabled":false},"version":2},"_wpas_customize_per_network":false},"categories":[405],"tags":[],"class_list":["post-27497","post","type-post","status-publish","format-standard","has-post-thumbnail","hentry","category-actu-france-monde"],"jetpack_publicize_connections":[],"jetpack_featured_media_url":"https:\/\/i0.wp.com\/www.iceagetv.com\/radiosite\/wp-content\/uploads\/2024\/03\/Seine-Saint-Denis.jpg?fit=679%2C293&ssl=1","jetpack_sharing_enabled":true,"_links":{"self":[{"href":"https:\/\/www.iceagetv.com\/radiosite\/wp-json\/wp\/v2\/posts\/27497","targetHints":{"allow":["GET"]}}],"collection":[{"href":"https:\/\/www.iceagetv.com\/radiosite\/wp-json\/wp\/v2\/posts"}],"about":[{"href":"https:\/\/www.iceagetv.com\/radiosite\/wp-json\/wp\/v2\/types\/post"}],"author":[{"embeddable":true,"href":"https:\/\/www.iceagetv.com\/radiosite\/wp-json\/wp\/v2\/users\/2"}],"replies":[{"embeddable":true,"href":"https:\/\/www.iceagetv.com\/radiosite\/wp-json\/wp\/v2\/comments?post=27497"}],"version-history":[{"count":1,"href":"https:\/\/www.iceagetv.com\/radiosite\/wp-json\/wp\/v2\/posts\/27497\/revisions"}],"predecessor-version":[{"id":27499,"href":"https:\/\/www.iceagetv.com\/radiosite\/wp-json\/wp\/v2\/posts\/27497\/revisions\/27499"}],"wp:featuredmedia":[{"embeddable":true,"href":"https:\/\/www.iceagetv.com\/radiosite\/wp-json\/wp\/v2\/media\/27498"}],"wp:attachment":[{"href":"https:\/\/www.iceagetv.com\/radiosite\/wp-json\/wp\/v2\/media?parent=27497"}],"wp:term":[{"taxonomy":"category","embeddable":true,"href":"https:\/\/www.iceagetv.com\/radiosite\/wp-json\/wp\/v2\/categories?post=27497"},{"taxonomy":"post_tag","embeddable":true,"href":"https:\/\/www.iceagetv.com\/radiosite\/wp-json\/wp\/v2\/tags?post=27497"}],"curies":[{"name":"wp","href":"https:\/\/api.w.org\/{rel}","templated":true}]}}