{"id":27500,"date":"2024-03-14T10:18:34","date_gmt":"2024-03-14T10:18:34","guid":{"rendered":"https:\/\/www.iceagetv.com\/radiosite\/?p=27500"},"modified":"2024-03-14T10:18:34","modified_gmt":"2024-03-14T10:18:34","slug":"laicite-groupes-de-niveau-les-annonces-de-gabriel-attal-sur-leducation","status":"publish","type":"post","link":"https:\/\/www.iceagetv.com\/radiosite\/laicite-groupes-de-niveau-les-annonces-de-gabriel-attal-sur-leducation\/","title":{"rendered":"La\u00efcit\u00e9, groupes de niveau\u2026 Les annonces de Gabriel Attal sur l&rsquo;\u00e9ducation"},"content":{"rendered":"\n<p class=\"\">\u00c0deux jours de l&rsquo;anniversaire des 20 ans de la loi de 2004 contre le port de tenues ou de signes religieux ostentatoires \u00e0 l&rsquo;\u00e9cole, le Premier ministre Gabriel Attal a donn\u00e9 une interview \u00e0 l&rsquo;Agence France Presse mercredi soir. Il y est question d&rsquo;\u00e9ducation, avec des mesures qui touchent \u00e0 la fois \u00e0 la la\u00efcit\u00e9 et \u00e0 la mise en place des groupes de niveau au coll\u00e8ge,&nbsp;<a href=\"https:\/\/www.tf1info.fr\/education\/chronique-video-tf1-les-verificateurs-samira-el-gadir-les-groupes-de-niveaux-au-college-souhaites-par-gabriel-attal-sont-ils-vraiment-efficaces-2285801.html\" target=\"_blank\" rel=\"noreferrer noopener\">d\u00e9cri\u00e9s<\/a>&nbsp;par une partie du monde enseignant. Voici les \u00e9l\u00e9ments \u00e0 retenir de ses d\u00e9clarations.<\/p>\n\n\n\n<h2 class=\"wp-block-heading\">Agir face \u00e0 une la\u00efcit\u00e9 \u00ab\u00a0menac\u00e9e\u00a0\u00bb<\/h2>\n\n\n\n<p class=\"\">\u2022<em>&nbsp;\u00ab\u00a0La la\u00efcit\u00e9 est menac\u00e9e. Elle l\u2019est probablement aujourd\u2019hui plus que jamais. Elle a ses ennemis, ils sont politiques, religieux. Mais elle a aussi ses d\u00e9fenseurs : nos professeurs, nos fonctionnaires, nos forces de l\u2019ordre\u00a0\u00bb<\/em>, a lanc\u00e9 en pr\u00e9ambule le Premier ministre.<\/p>\n\n\n\n<p class=\"\">\u2022 Face \u00e0&nbsp;<em>\u00ab\u00a0une augmentation du nombre de signalements pour contestation d&rsquo;enseignement\u00a0\u00bb<\/em>, Gabriel Attal promet la mise en place de&nbsp;<em>\u00ab\u00a0cellules d\u2019appui p\u00e9dagogique\u00a0\u00bb<\/em>&nbsp;pour les enseignants qui le souhaitent. Ces cellules seront<em>&nbsp;\u00ab\u00a0joignables directement par les professeurs qui appr\u00e9hendent une s\u00e9quence d&rsquo;enseignement, qui font face \u00e0 des r\u00e9sistances, voire des contestations de leurs enseignements\u00a0\u00bb.<\/em><\/p>\n\n\n\n<p class=\"\">\u2022 En pratique, il s&rsquo;agira\u00a0<em>\u00ab\u00a0d&rsquo;un contact au niveau du rectorat\u00a0\u00bb<\/em>, pouvant proposer\u00a0<em>\u00ab\u00a0trois grandes solutions\u00a0\u00bb<\/em>. Un\u00a0<em>\u00ab\u00a0<\/em><a href=\"https:\/\/www.tf1info.fr\/education\/education-laicite-a-l-ecole-un-rapport-senatorial-pointe-la-terrible-solitude-des-enseignants-2288521.html\" target=\"_blank\" rel=\"noreferrer noopener\"><em>accompagnement<\/em><\/a><em>\u00a0p\u00e9dagogique\u00a0\u00bb<\/em>, tout d&rsquo;abord,\u00a0<em>\u00ab\u00a0avec des professeurs r\u00e9f\u00e9rents qui peuvent leur donner des conseils pour aborder certaines s\u00e9quences du programme\u00a0\u00bb<\/em>. Mais \u00e9galement\u00a0<em>\u00ab\u00a0une pr\u00e9sence physique d&rsquo;un personnel non enseignant au sein de la classe\u00a0\u00bb<\/em>. Est aussi \u00e9voqu\u00e9e<em>\u00a0\u00ab\u00a0la pr\u00e9sence physique d&rsquo;un personnel form\u00e9, faisant partie par exemple des \u00e9quipes acad\u00e9miques &lsquo;valeurs de la R\u00e9publique'\u00a0\u00bb<\/em>.<\/p>\n\n\n\n<h2 class=\"wp-block-heading\">Le groupe de niveau sera \u00ab\u00a0la r\u00e8gle\u00a0\u00bb<\/h2>\n\n\n\n<p class=\"\">\u2022 Convaincu de l&rsquo;utilit\u00e9 des groupes de niveau, Gabriel Attal a assur\u00e9 qu&rsquo;ils seraient&nbsp;<em>\u00ab\u00a0la r\u00e8gle\u00a0\u00bb&nbsp;<\/em>sur<em>&nbsp;\u00ab\u00a0les trois quarts de l&rsquo;ann\u00e9e au moins\u00a0\u00bb<\/em>&nbsp;pour l&rsquo;enseignement des math\u00e9matiques et du fran\u00e7ais en sixi\u00e8me et cinqui\u00e8me l&rsquo;an prochain, dans le cadre de la r\u00e9forme du \u00ab\u00a0choc des savoirs\u00a0\u00bb. La classe enti\u00e8re, quant \u00e0 elle, constituerait&nbsp;<em>\u00ab\u00a0l&rsquo;exception\u00a0\u00bb<\/em>.<\/p>\n\n\n\n<p class=\"\">\u2022 Il y aura\u00a0<em>\u00ab\u00a0trois groupes selon le niveau de difficult\u00e9 des \u00e9l\u00e8ves\u00a0\u00bb<\/em>, a pr\u00e9cis\u00e9 le Premier ministre.<em>\u00a0\u00ab\u00a0Avec un objectif : qu&rsquo;on puisse faire le point sur le niveau des \u00e9l\u00e8ves\u00a0\u00bb<\/em>, a-t-il ajout\u00e9, alors que la publication des textes officiels est attendue ce vendredi.<\/p>\n\n\n\n<p class=\"\">&nbsp;La ministre de l&rsquo;\u00c9ducation Nicole Belloubet avait \u00e9voqu\u00e9 la semaine pass\u00e9e une&nbsp;<em>\u00ab\u00a0certaine souplesse\u00a0\u00bb<\/em>&nbsp;dans la mise en place de ces groupes et pr\u00e9f\u00e9rait parler de&nbsp;<em>\u00ab\u00a0groupes de besoin\u00a0\u00bb<\/em>. &nbsp;Une expression qui&nbsp;<a href=\"https:\/\/www.tf1info.fr\/education\/education-nationale-college-les-groupes-de-niveau-de-gabriel-attal-deja-assouplis-par-la-ministre-nicole-belloubet-2288652.html\" target=\"_blank\" rel=\"noreferrer noopener\">rassurait<\/a>&nbsp;les syndicats enseignants, y voyant un infl\u00e9chissement dans la mise en place de cette r\u00e9forme.&nbsp;<\/p>\n\n\n\n<p class=\"\">\u2022 Les r\u00e9centes d\u00e9clarations de Gabriel Attal, qui a \u00e9t\u00e9 ministre de l&rsquo;\u00c9ducation pendant six mois avant d&rsquo;\u00eatre nomm\u00e9 \u00e0 Matignon d\u00e9but janvier, se montrent n\u00e9anmoins tr\u00e8s claires. Le chef du gouvernement a&nbsp;<a href=\"https:\/\/www.tf1info.fr\/education\/les-groupes-de-niveau-seront-bien-appliques-a-la-rentree-dans-les-colleges-annonce-gabriel-attal-2288787.html\" target=\"_blank\" rel=\"noreferrer noopener\">r\u00e9affirm\u00e9<\/a>&nbsp;que ces groupes seraient bien des \u00ab\u00a0<em>groupes de niveau\u00a0\u00bb<\/em>.&nbsp;<em>\u00ab\u00a0Qu&rsquo;importe le nom, pourvu qu&rsquo;il y ait la mesure\u00a0\u00bb<\/em>, a-t-il r\u00e9sum\u00e9.<\/p>\n","protected":false},"excerpt":{"rendered":"<p>\u00c0deux jours de l&rsquo;anniversaire des 20 ans de la loi de 2004 contre le port de tenues ou de signes religieux ostentatoires \u00e0 l&rsquo;\u00e9cole, le Premier ministre Gabriel Attal a donn\u00e9 une interview \u00e0 l&rsquo;Agence France Presse mercredi soir. Il y est question d&rsquo;\u00e9ducation, avec des mesures qui touchent \u00e0 la fois \u00e0 la la\u00efcit\u00e9 [&hellip;]<\/p>\n","protected":false},"author":2,"featured_media":27173,"comment_status":"open","ping_status":"open","sticky":false,"template":"","format":"standard","meta":{"_jetpack_memberships_contains_paid_content":false,"footnotes":"","jetpack_publicize_message":"","jetpack_publicize_feature_enabled":true,"jetpack_social_post_already_shared":true,"jetpack_social_options":{"image_generator_settings":{"template":"highway","default_image_id":0,"font":"","enabled":false},"version":2},"_wpas_customize_per_network":false},"categories":[405],"tags":[],"class_list":["post-27500","post","type-post","status-publish","format-standard","has-post-thumbnail","hentry","category-actu-france-monde"],"jetpack_publicize_connections":[],"jetpack_featured_media_url":"https:\/\/i0.wp.com\/www.iceagetv.com\/radiosite\/wp-content\/uploads\/2024\/02\/Le-Premier-ministre-Gabriel-Attal-enregistre-une-legere-baisse-de-sa-popularite.jpg?fit=679%2C293&ssl=1","jetpack_sharing_enabled":true,"_links":{"self":[{"href":"https:\/\/www.iceagetv.com\/radiosite\/wp-json\/wp\/v2\/posts\/27500","targetHints":{"allow":["GET"]}}],"collection":[{"href":"https:\/\/www.iceagetv.com\/radiosite\/wp-json\/wp\/v2\/posts"}],"about":[{"href":"https:\/\/www.iceagetv.com\/radiosite\/wp-json\/wp\/v2\/types\/post"}],"author":[{"embeddable":true,"href":"https:\/\/www.iceagetv.com\/radiosite\/wp-json\/wp\/v2\/users\/2"}],"replies":[{"embeddable":true,"href":"https:\/\/www.iceagetv.com\/radiosite\/wp-json\/wp\/v2\/comments?post=27500"}],"version-history":[{"count":1,"href":"https:\/\/www.iceagetv.com\/radiosite\/wp-json\/wp\/v2\/posts\/27500\/revisions"}],"predecessor-version":[{"id":27501,"href":"https:\/\/www.iceagetv.com\/radiosite\/wp-json\/wp\/v2\/posts\/27500\/revisions\/27501"}],"wp:featuredmedia":[{"embeddable":true,"href":"https:\/\/www.iceagetv.com\/radiosite\/wp-json\/wp\/v2\/media\/27173"}],"wp:attachment":[{"href":"https:\/\/www.iceagetv.com\/radiosite\/wp-json\/wp\/v2\/media?parent=27500"}],"wp:term":[{"taxonomy":"category","embeddable":true,"href":"https:\/\/www.iceagetv.com\/radiosite\/wp-json\/wp\/v2\/categories?post=27500"},{"taxonomy":"post_tag","embeddable":true,"href":"https:\/\/www.iceagetv.com\/radiosite\/wp-json\/wp\/v2\/tags?post=27500"}],"curies":[{"name":"wp","href":"https:\/\/api.w.org\/{rel}","templated":true}]}}